{"id":3418,"date":"2022-03-25T08:22:52","date_gmt":"2022-03-25T08:22:52","guid":{"rendered":"https:\/\/marcali.plebania.hu\/?p=3418"},"modified":"2022-03-25T08:22:52","modified_gmt":"2022-03-25T08:22:52","slug":"hirdetesek-2022-03-27","status":"publish","type":"post","link":"https:\/\/marcali.plebania.hu\/?p=3418","title":{"rendered":"Hirdet\u00e9sek, 2022. 03. 27."},"content":{"rendered":"\n<ol class=\"wp-block-list\"><li>Ma van Nagyb\u00f6jt 4. vas\u00e1rnapja, az \u00f6r\u00f6m vas\u00e1rnapja. A mai napon m\u00e9g tart\u00f3s \u00e9lelmiszer adom\u00e1nyokat lehet hozni a k\u00e1rp\u00e1taljai menek\u00fcltek jav\u00e1ra. Az adakoz\u00f3knak megk\u00f6sz\u00f6nj\u00fck, hogy gondoltak a menek\u00fcltekre. Az eg\u00e9sz \u00f6sszegy\u0171lt adom\u00e1nyt mindh\u00e1rom templomb\u00f3l az Egyh\u00e1zmegyei Karit\u00e1sznak fogjuk \u00e1tadni. A helyi szeg\u00e9nyeknek az Egyh\u00e1zk\u00f6zs\u00e9g fog \u00e9lelmiszercsomagot eljuttatni h\u00fasv\u00e9t el\u0151tt.<\/li><li>Az \u00f3ra\u00e1t\u00e1ll\u00edt\u00e1s miatt a j\u00f6v\u0151 h\u00e9tf\u0151t\u0151l kezdve az esti szentmis\u00e9k id\u0151pontja 18 \u00f3ra.<\/li><li>P\u00e9nteken 17.15-kor a Lelki adopt\u00e1l\u00f3k tal\u00e1lkoz\u00f3ja \u00e9s megbesz\u00e9l\u00e9se lesz a pl\u00e9b\u00e1niatemplomban, 17.30-t\u00f3l kereszt\u00fat a Karit\u00e1sz vezet\u00e9s\u00e9vel, 18 \u00f3rakor szentmise.<\/li><li>J\u00f6v\u0151 h\u00e9ten, szombaton 10 \u00f3rakor a K\u00f6zponti temet\u0151ben (a ravataloz\u00f3 el\u0151tt) ker\u00fcl sor a Meg nem sz\u00fcletett gyermekek eml\u00e9khely\u00e9nek meg\u00e1ld\u00e1s\u00e1ra \u00e9s \u00e1tad\u00e1s\u00e1ra. A h\u00edveket is szeretettel v\u00e1rjuk.<\/li><li>\u00c1prilis 9-\u00e9n (szombaton) 15 \u00f3rai kezdettel nagyb\u00f6jti Lelki Napot szervez\u00fcnk hittanosaink \u00e9s sz\u00fcleik r\u00e9sz\u00e9re a k\u00f6z\u00f6ss\u00e9gi h\u00e1zunkban (X h\u00e1z, D\u00f3zsa u. 3). A program: zen\u00e9s dics\u0151\u00edt\u00e9s, el\u0151ad\u00e1s, besz\u00e9lget\u00e9s, szeretetvend\u00e9gs\u00e9g, k\u00e9zm\u0171ves foglalkoz\u00e1s, kereszt\u00fat, gy\u00f3n\u00e1si lehet\u0151s\u00e9g, szentmise.<\/li><li>Borsos Mikl\u00f3sn\u00e9, a R\u00f3zsaf\u00fcz\u00e9r T\u00e1rsulat vezet\u0151je egy nagy \u00e9rt\u00e9k\u0171 takar\u00edt\u00f3g\u00e9pet adom\u00e1nyozott a pl\u00e9b\u00e1niatemplom jav\u00e1ra. Ez\u00faton k\u00f6sz\u00f6nj\u00fck meg nagylelk\u0171 adom\u00e1ny\u00e1t! Isten fizesse meg!<\/li><\/ol>\n","protected":false},"excerpt":{"rendered":"<p>Ma van Nagyb\u00f6jt 4. vas\u00e1rnapja, az \u00f6r\u00f6m vas\u00e1rnapja. A mai napon m\u00e9g tart\u00f3s \u00e9lelmiszer adom\u00e1nyokat lehet hozni a k\u00e1rp\u00e1taljai menek\u00fcltek jav\u00e1ra. Az adakoz\u00f3knak megk\u00f6sz\u00f6nj\u00fck, hogy gondoltak a menek\u00fcltekre. Az eg\u00e9sz \u00f6sszegy\u0171lt adom\u00e1nyt mindh\u00e1rom templomb\u00f3l az Egyh\u00e1zmegyei Karit\u00e1sznak fogjuk \u00e1tadni. A helyi szeg\u00e9nyeknek az Egyh\u00e1zk\u00f6zs\u00e9g fog \u00e9lelmiszercsomagot eljuttatni h\u00fasv\u00e9t el\u0151tt. Az \u00f3ra\u00e1t\u00e1ll\u00edt\u00e1s miatt a j\u00f6v\u0151 h\u00e9tf\u0151t\u0151l kezdve az esti szentmis\u00e9k id\u0151pontja 18 \u00f3ra. P\u00e9nteken 17.15-kor a Lelki adopt\u00e1l\u00f3k tal\u00e1lkoz\u00f3ja \u00e9s megbesz\u00e9l\u00e9se lesz a pl\u00e9b\u00e1niatemplomban, 17.30-t\u00f3l kereszt\u00fat a Karit\u00e1sz vezet\u00e9s\u00e9vel, 18 \u00f3rakor&#8230;<\/p>\n<p class=\"read-more\"><a class=\"btn btn-default\" href=\"https:\/\/marcali.plebania.hu\/?p=3418\"> Read More<span class=\"screen-reader-text\">  Read More<\/span><\/a><\/p>\n","protected":false},"author":2,"featured_media":0,"comment_status":"closed","ping_status":"open","sticky":false,"template":"","format":"standard","meta":{"footnotes":""},"categories":[1],"tags":[],"class_list":["post-3418","post","type-post","status-publish","format-standard","hentry","category-egyeb"],"_links":{"self":[{"href":"https:\/\/marcali.plebania.hu\/index.php?rest_route=\/wp\/v2\/posts\/3418","targetHints":{"allow":["GET"]}}],"collection":[{"href":"https:\/\/marcali.plebania.hu\/index.php?rest_route=\/wp\/v2\/posts"}],"about":[{"href":"https:\/\/marcali.plebania.hu\/index.php?rest_route=\/wp\/v2\/types\/post"}],"author":[{"embeddable":true,"href":"https:\/\/marcali.plebania.hu\/index.php?rest_route=\/wp\/v2\/users\/2"}],"replies":[{"embeddable":true,"href":"https:\/\/marcali.plebania.hu\/index.php?rest_route=%2Fwp%2Fv2%2Fcomments&post=3418"}],"version-history":[{"count":1,"href":"https:\/\/marcali.plebania.hu\/index.php?rest_route=\/wp\/v2\/posts\/3418\/revisions"}],"predecessor-version":[{"id":3419,"href":"https:\/\/marcali.plebania.hu\/index.php?rest_route=\/wp\/v2\/posts\/3418\/revisions\/3419"}],"wp:attachment":[{"href":"https:\/\/marcali.plebania.hu\/index.php?rest_route=%2Fwp%2Fv2%2Fmedia&parent=3418"}],"wp:term":[{"taxonomy":"category","embeddable":true,"href":"https:\/\/marcali.plebania.hu\/index.php?rest_route=%2Fwp%2Fv2%2Fcategories&post=3418"},{"taxonomy":"post_tag","embeddable":true,"href":"https:\/\/marcali.plebania.hu\/index.php?rest_route=%2Fwp%2Fv2%2Ftags&post=3418"}],"curies":[{"name":"wp","href":"https:\/\/api.w.org\/{rel}","templated":true}]}}