{"id":3421,"date":"2022-03-29T09:06:30","date_gmt":"2022-03-29T09:06:30","guid":{"rendered":"https:\/\/marcali.plebania.hu\/?p=3421"},"modified":"2022-03-29T09:06:30","modified_gmt":"2022-03-29T09:06:30","slug":"imaoraval-unnepeltek-gyumolcsolto-boldogasszonyt-es-a-300-jubileumot-a-marcali-rozsafuzer-tarsulat-szervezeseben","status":"publish","type":"post","link":"https:\/\/marcali.plebania.hu\/?p=3421","title":{"rendered":"Ima\u00f3r\u00e1val \u00fcnnepelt\u00e9k Gy\u00fcm\u00f6lcsolt\u00f3 Boldogasszonyt \u00e9s a 300. jubileumot a Marcali R\u00f3zsaf\u00fcz\u00e9r T\u00e1rsulat szervez\u00e9s\u00e9ben"},"content":{"rendered":"\n<p>2022. m\u00e1rcius 26-\u00e1n, szombaton 16 \u00f3rakor ima\u00f3ra kezd\u0151d\u00f6tt a Gy\u00fcm\u00f6lcsolt\u00f3 Boldogasszony Pl\u00e9b\u00e1niatemplomban, amelyet kett\u0151s c\u00e9llal szervezett Marcali R\u00f3zsaf\u00fcz\u00e9r T\u00e1rsulat. Ugyanis el\u0151z\u0151 napon (m\u00e1rcius 25-\u00e9n) volt a pl\u00e9b\u00e1niatemplom b\u00facs\u00faj\u00e1nak \u00e9s egyben titulus\u00e1nak \u00fcnnepe, valamint a 300. jubileumi \u00e9vr\u0151l is ekkor eml\u00e9keztek meg. Hiszen a t\u00f6r\u00f6k h\u00f3dolts\u00e1g ut\u00e1n 1722-ben szervezt\u00e9k \u00fajj\u00e1 a Marcali R\u00f3mai Katolikus Pl\u00e9b\u00e1ni\u00e1t \u00e9s az Egyh\u00e1zk\u00f6zs\u00e9get is.<\/p>\n\n\n\n<figure class=\"wp-block-image size-large\"><img loading=\"lazy\" decoding=\"async\" width=\"1024\" height=\"683\" src=\"https:\/\/marcali.plebania.hu\/wp-content\/uploads\/2022\/03\/01-1-1024x683.jpg\" alt=\"\" class=\"wp-image-3422\" srcset=\"https:\/\/marcali.plebania.hu\/wp-content\/uploads\/2022\/03\/01-1-1024x683.jpg 1024w, https:\/\/marcali.plebania.hu\/wp-content\/uploads\/2022\/03\/01-1-300x200.jpg 300w, https:\/\/marcali.plebania.hu\/wp-content\/uploads\/2022\/03\/01-1-768x512.jpg 768w, https:\/\/marcali.plebania.hu\/wp-content\/uploads\/2022\/03\/01-1-1536x1024.jpg 1536w, https:\/\/marcali.plebania.hu\/wp-content\/uploads\/2022\/03\/01-1-2048x1365.jpg 2048w, https:\/\/marcali.plebania.hu\/wp-content\/uploads\/2022\/03\/01-1-405x270.jpg 405w\" sizes=\"auto, (max-width: 1024px) 100vw, 1024px\" \/><\/figure>\n\n\n\n<p>\u00cdgy\nvolt mi\u00e9rt h\u00e1l\u00e1t adni a kerek h\u00e1rom \u00e9vsz\u00e1zad\u00e9rt, amely el\u00e9g mozgalmas \u00e9s\nesem\u00e9nyd\u00fas volt, f\u0151leg a XX. sz\u00e1zadban.<\/p>\n\n\n\n<p>A jelenleg m\u0171k\u00f6d\u0151 pl\u00e9b\u00e1niai k\u00f6z\u00f6ss\u00e9gek k\u00f6z\u00fcl a Marcali R\u00f3zsaf\u00fcz\u00e9r T\u00e1rsulat a legr\u00e9gebbi \u00e9s egyben a legn\u00e9pesebb csoportosul\u00e1s, amely t\u00f6bb mint 100 \u00e9ves, igen tev\u00e9keny m\u00faltra tekint vissza. A R\u00f3zsaf\u00fcz\u00e9r T\u00e1rsulat napjainkban, a v\u00e1rosban 5 csoporttal \u00e9s \u00f6sszesen 71 f\u0151vel im\u00e1dkozik nap-mint nap. A k\u00f6z\u00f6ss\u00e9g jelenlegi vezet\u0151je: Borsos Mikl\u00f3sn\u00e9, aki igen akt\u00edv a csoportok \u00f6sszefog\u00e1sa, valamint a T\u00e1rsulat m\u0171k\u00f6d\u00e9se ter\u00e9n.<\/p>\n\n\n\n<figure class=\"wp-block-image size-large\"><img loading=\"lazy\" decoding=\"async\" width=\"1024\" height=\"683\" src=\"https:\/\/marcali.plebania.hu\/wp-content\/uploads\/2022\/03\/02-1-1024x683.jpg\" alt=\"\" class=\"wp-image-3423\" srcset=\"https:\/\/marcali.plebania.hu\/wp-content\/uploads\/2022\/03\/02-1-1024x683.jpg 1024w, https:\/\/marcali.plebania.hu\/wp-content\/uploads\/2022\/03\/02-1-300x200.jpg 300w, https:\/\/marcali.plebania.hu\/wp-content\/uploads\/2022\/03\/02-1-768x512.jpg 768w, https:\/\/marcali.plebania.hu\/wp-content\/uploads\/2022\/03\/02-1-1536x1024.jpg 1536w, https:\/\/marcali.plebania.hu\/wp-content\/uploads\/2022\/03\/02-1-2048x1365.jpg 2048w, https:\/\/marcali.plebania.hu\/wp-content\/uploads\/2022\/03\/02-1-405x270.jpg 405w\" sizes=\"auto, (max-width: 1024px) 100vw, 1024px\" \/><\/figure>\n\n\n\n<p>Az\nima\u00f3r\u00e1t k\u00f6vet\u0151en 17 \u00f3rakor \u00fcnnepi szentmis\u00e9t mutatott be Kiss Iv\u00e1n c. pr\u00e9post,\npl\u00e9b\u00e1nos, aki a t\u00e1rsulati tagokkal, valamint a jelenl\u00e9v\u0151 h\u00edvekkel egy\u00fctt im\u00e1dkozott\n\u00e9s adott h\u00e1l\u00e1t az elm\u00falt 300 \u00e9v\u00e9rt.<\/p>\n","protected":false},"excerpt":{"rendered":"<p>2022. m\u00e1rcius 26-\u00e1n, szombaton 16 \u00f3rakor ima\u00f3ra kezd\u0151d\u00f6tt a Gy\u00fcm\u00f6lcsolt\u00f3 Boldogasszony Pl\u00e9b\u00e1niatemplomban, amelyet kett\u0151s c\u00e9llal szervezett Marcali R\u00f3zsaf\u00fcz\u00e9r T\u00e1rsulat. Ugyanis el\u0151z\u0151 napon (m\u00e1rcius 25-\u00e9n) volt a pl\u00e9b\u00e1niatemplom b\u00facs\u00faj\u00e1nak \u00e9s egyben titulus\u00e1nak \u00fcnnepe, valamint a 300. jubileumi \u00e9vr\u0151l is ekkor eml\u00e9keztek meg. Hiszen a t\u00f6r\u00f6k h\u00f3dolts\u00e1g ut\u00e1n 1722-ben szervezt\u00e9k \u00fajj\u00e1 a Marcali R\u00f3mai Katolikus Pl\u00e9b\u00e1ni\u00e1t \u00e9s az Egyh\u00e1zk\u00f6zs\u00e9get is. \u00cdgy volt mi\u00e9rt h\u00e1l\u00e1t adni a kerek h\u00e1rom \u00e9vsz\u00e1zad\u00e9rt, amely el\u00e9g mozgalmas \u00e9s esem\u00e9nyd\u00fas volt, f\u0151leg a XX. sz\u00e1zadban. A jelenleg m\u0171k\u00f6d\u0151&#8230;<\/p>\n<p class=\"read-more\"><a class=\"btn btn-default\" href=\"https:\/\/marcali.plebania.hu\/?p=3421\"> Read More<span class=\"screen-reader-text\">  Read More<\/span><\/a><\/p>\n","protected":false},"author":2,"featured_media":0,"comment_status":"closed","ping_status":"open","sticky":false,"template":"","format":"standard","meta":{"footnotes":""},"categories":[1],"tags":[],"class_list":["post-3421","post","type-post","status-publish","format-standard","hentry","category-egyeb"],"_links":{"self":[{"href":"https:\/\/marcali.plebania.hu\/index.php?rest_route=\/wp\/v2\/posts\/3421","targetHints":{"allow":["GET"]}}],"collection":[{"href":"https:\/\/marcali.plebania.hu\/index.php?rest_route=\/wp\/v2\/posts"}],"about":[{"href":"https:\/\/marcali.plebania.hu\/index.php?rest_route=\/wp\/v2\/types\/post"}],"author":[{"embeddable":true,"href":"https:\/\/marcali.plebania.hu\/index.php?rest_route=\/wp\/v2\/users\/2"}],"replies":[{"embeddable":true,"href":"https:\/\/marcali.plebania.hu\/index.php?rest_route=%2Fwp%2Fv2%2Fcomments&post=3421"}],"version-history":[{"count":1,"href":"https:\/\/marcali.plebania.hu\/index.php?rest_route=\/wp\/v2\/posts\/3421\/revisions"}],"predecessor-version":[{"id":3424,"href":"https:\/\/marcali.plebania.hu\/index.php?rest_route=\/wp\/v2\/posts\/3421\/revisions\/3424"}],"wp:attachment":[{"href":"https:\/\/marcali.plebania.hu\/index.php?rest_route=%2Fwp%2Fv2%2Fmedia&parent=3421"}],"wp:term":[{"taxonomy":"category","embeddable":true,"href":"https:\/\/marcali.plebania.hu\/index.php?rest_route=%2Fwp%2Fv2%2Fcategories&post=3421"},{"taxonomy":"post_tag","embeddable":true,"href":"https:\/\/marcali.plebania.hu\/index.php?rest_route=%2Fwp%2Fv2%2Ftags&post=3421"}],"curies":[{"name":"wp","href":"https:\/\/api.w.org\/{rel}","templated":true}]}}