{"id":3427,"date":"2022-03-31T15:05:21","date_gmt":"2022-03-31T15:05:21","guid":{"rendered":"https:\/\/marcali.plebania.hu\/?p=3427"},"modified":"2022-03-31T15:05:21","modified_gmt":"2022-03-31T15:05:21","slug":"elszallitottak-a-marcali-romai-katolikus-egyhazkozseg-elelmiszer-adomanyat-a-menekultek-es-az-otthon-maradottak-megsegitesere","status":"publish","type":"post","link":"https:\/\/marcali.plebania.hu\/?p=3427","title":{"rendered":"Elsz\u00e1ll\u00edtott\u00e1k a Marcali R\u00f3mai Katolikus Egyh\u00e1zk\u00f6zs\u00e9g \u00e9lelmiszer adom\u00e1ny\u00e1t a menek\u00fcltek \u00e9s az otthon maradottak megseg\u00edt\u00e9s\u00e9re"},"content":{"rendered":"\n<p>A\nMagyar Katolikus P\u00fcsp\u00f6ki Konferencia (MKPK) az idei nagyb\u00f6jtben is \u2013 a\nhagyom\u00e1nyos m\u00f3don \u2013 tart\u00f3s \u00e9lelmiszergy\u0171jt\u00e9st szervezett az orosz-ukr\u00e1n h\u00e1bor\u00fas\nhelyzet miatt az otthon maradottak \u00e9s a menek\u00fcltek r\u00e9sz\u00e9re.<\/p>\n\n\n\n<p>Az orsz\u00e1gos akci\u00f3t m\u00e1rcius 20-t\u00f3l 27-ig hirdett\u00e9k meg, melyhez a Marcali R\u00f3mai Katolikus Egyh\u00e1zk\u00f6zs\u00e9g is csatlakozott. A h\u00edvek a vas\u00e1rnapi szentmis\u00e9kre a pl\u00e9b\u00e1niatemplomba, a gombai, vagy a Boldog Gizella templomba vihett\u00e9k el felaj\u00e1nl\u00e1saikat, csomagjaikat. H\u00e9tk\u00f6znap pedig a Gy\u00fcm\u00f6lcsolt\u00f3 Boldogasszony Pl\u00e9b\u00e1niatemplom el\u0151ter\u00e9ben, a F\u00e1jdalmas anya szobra \u00e9l\u00e9 lehetett a tart\u00f3s \u00e9lelmiszereket lerakni.<\/p>\n\n\n\n<figure class=\"wp-block-gallery columns-3 is-cropped wp-block-gallery-1 is-layout-flex wp-block-gallery-is-layout-flex\"><ul class=\"blocks-gallery-grid\"><li class=\"blocks-gallery-item\"><figure><img loading=\"lazy\" decoding=\"async\" width=\"1024\" height=\"768\" src=\"https:\/\/marcali.plebania.hu\/wp-content\/uploads\/2022\/03\/13-1-1024x768.jpg\" alt=\"\" data-id=\"3432\" data-link=\"https:\/\/marcali.plebania.hu\/?attachment_id=3432\" class=\"wp-image-3432\" srcset=\"https:\/\/marcali.plebania.hu\/wp-content\/uploads\/2022\/03\/13-1-1024x768.jpg 1024w, https:\/\/marcali.plebania.hu\/wp-content\/uploads\/2022\/03\/13-1-300x225.jpg 300w, https:\/\/marcali.plebania.hu\/wp-content\/uploads\/2022\/03\/13-1-768x576.jpg 768w, https:\/\/marcali.plebania.hu\/wp-content\/uploads\/2022\/03\/13-1-1536x1152.jpg 1536w, https:\/\/marcali.plebania.hu\/wp-content\/uploads\/2022\/03\/13-1-2048x1536.jpg 2048w, https:\/\/marcali.plebania.hu\/wp-content\/uploads\/2022\/03\/13-1-360x270.jpg 360w\" sizes=\"auto, (max-width: 1024px) 100vw, 1024px\" \/><\/figure><\/li><li class=\"blocks-gallery-item\"><figure><img loading=\"lazy\" decoding=\"async\" width=\"1024\" height=\"768\" src=\"https:\/\/marcali.plebania.hu\/wp-content\/uploads\/2022\/03\/14-1-1024x768.jpg\" alt=\"\" data-id=\"3433\" data-link=\"https:\/\/marcali.plebania.hu\/?attachment_id=3433\" class=\"wp-image-3433\" srcset=\"https:\/\/marcali.plebania.hu\/wp-content\/uploads\/2022\/03\/14-1-1024x768.jpg 1024w, https:\/\/marcali.plebania.hu\/wp-content\/uploads\/2022\/03\/14-1-300x225.jpg 300w, https:\/\/marcali.plebania.hu\/wp-content\/uploads\/2022\/03\/14-1-768x576.jpg 768w, https:\/\/marcali.plebania.hu\/wp-content\/uploads\/2022\/03\/14-1-1536x1152.jpg 1536w, https:\/\/marcali.plebania.hu\/wp-content\/uploads\/2022\/03\/14-1-2048x1536.jpg 2048w, https:\/\/marcali.plebania.hu\/wp-content\/uploads\/2022\/03\/14-1-360x270.jpg 360w\" sizes=\"auto, (max-width: 1024px) 100vw, 1024px\" \/><\/figure><\/li><li class=\"blocks-gallery-item\"><figure><img loading=\"lazy\" decoding=\"async\" width=\"768\" height=\"1024\" src=\"https:\/\/marcali.plebania.hu\/wp-content\/uploads\/2022\/03\/15-2-768x1024.jpg\" alt=\"\" data-id=\"3434\" data-link=\"https:\/\/marcali.plebania.hu\/?attachment_id=3434\" class=\"wp-image-3434\" srcset=\"https:\/\/marcali.plebania.hu\/wp-content\/uploads\/2022\/03\/15-2-768x1024.jpg 768w, https:\/\/marcali.plebania.hu\/wp-content\/uploads\/2022\/03\/15-2-225x300.jpg 225w, https:\/\/marcali.plebania.hu\/wp-content\/uploads\/2022\/03\/15-2-1152x1536.jpg 1152w, https:\/\/marcali.plebania.hu\/wp-content\/uploads\/2022\/03\/15-2-1536x2048.jpg 1536w, https:\/\/marcali.plebania.hu\/wp-content\/uploads\/2022\/03\/15-2-203x270.jpg 203w, https:\/\/marcali.plebania.hu\/wp-content\/uploads\/2022\/03\/15-2-scaled.jpg 1920w\" sizes=\"auto, (max-width: 768px) 100vw, 768px\" \/><\/figure><\/li><li class=\"blocks-gallery-item\"><figure><img loading=\"lazy\" decoding=\"async\" width=\"1024\" height=\"768\" src=\"https:\/\/marcali.plebania.hu\/wp-content\/uploads\/2022\/03\/17-1024x768.jpg\" alt=\"\" data-id=\"3435\" data-full-url=\"https:\/\/marcali.plebania.hu\/wp-content\/uploads\/2022\/03\/17-scaled.jpg\" data-link=\"https:\/\/marcali.plebania.hu\/?attachment_id=3435\" class=\"wp-image-3435\" srcset=\"https:\/\/marcali.plebania.hu\/wp-content\/uploads\/2022\/03\/17-1024x768.jpg 1024w, https:\/\/marcali.plebania.hu\/wp-content\/uploads\/2022\/03\/17-300x225.jpg 300w, https:\/\/marcali.plebania.hu\/wp-content\/uploads\/2022\/03\/17-768x576.jpg 768w, https:\/\/marcali.plebania.hu\/wp-content\/uploads\/2022\/03\/17-1536x1152.jpg 1536w, https:\/\/marcali.plebania.hu\/wp-content\/uploads\/2022\/03\/17-2048x1536.jpg 2048w, https:\/\/marcali.plebania.hu\/wp-content\/uploads\/2022\/03\/17-360x270.jpg 360w\" sizes=\"auto, (max-width: 1024px) 100vw, 1024px\" \/><\/figure><\/li><\/ul><\/figure>\n\n\n\n<p>A Marcali Karit\u00e1sz Csoport \u00f6nk\u00e9ntesei a k\u00f6zel h\u00e9tsz\u00e1z kilogramm adom\u00e1nyt fajt\u00e1nk\u00e9nt k\u00fcl\u00f6n v\u00e1logatt\u00e1k \u00e9s dobozokba rakt\u00e1k, hogy k\u00f6nnyebb legyen a sz\u00e1ll\u00edt\u00e1s \u00e9s az eloszt\u00e1s. Az adom\u00e1nyok k\u00f6z\u00f6tt a tart\u00f3s \u00e9lelmiszerek (k\u00fcl\u00f6nf\u00e9le t\u00e9szt\u00e1k, liszt, rizs, cukor, \u00e9tolaj, tej, leves porok), konzervek, \u00e9dess\u00e9gek (csokol\u00e1d\u00e9, n\u00e1polyi, keksz), szerepeltek nagyobbr\u00e9szt, emellett hoztak m\u00e9g b\u00e9bi\u00e9teleket, te\u00e1kat, k\u00e1v\u00e9kat, tejporokat, gy\u00fcm\u00f6lcsleveket, \u00e1sv\u00e1nyvizeket, bef\u0151tteket, tiszt\u00e1lkod\u00e1si-, higi\u00e9niai szereket (tusf\u00fcrd\u0151, fogkr\u00e9m, pelenka, zsebkend\u0151, t\u00f6rl\u0151kend\u0151), valamint volt n\u00e9h\u00e1ny konyhai m\u0171szaki berendez\u00e9s is.<\/p>\n\n\n\n<figure class=\"wp-block-gallery columns-3 is-cropped wp-block-gallery-2 is-layout-flex wp-block-gallery-is-layout-flex\"><ul class=\"blocks-gallery-grid\"><li class=\"blocks-gallery-item\"><figure><img loading=\"lazy\" decoding=\"async\" width=\"1024\" height=\"683\" src=\"https:\/\/marcali.plebania.hu\/wp-content\/uploads\/2022\/03\/03-3-1024x683.jpg\" alt=\"\" data-id=\"3436\" data-full-url=\"https:\/\/marcali.plebania.hu\/wp-content\/uploads\/2022\/03\/03-3-scaled.jpg\" data-link=\"https:\/\/marcali.plebania.hu\/?attachment_id=3436\" class=\"wp-image-3436\" srcset=\"https:\/\/marcali.plebania.hu\/wp-content\/uploads\/2022\/03\/03-3-1024x683.jpg 1024w, https:\/\/marcali.plebania.hu\/wp-content\/uploads\/2022\/03\/03-3-300x200.jpg 300w, https:\/\/marcali.plebania.hu\/wp-content\/uploads\/2022\/03\/03-3-768x512.jpg 768w, https:\/\/marcali.plebania.hu\/wp-content\/uploads\/2022\/03\/03-3-1536x1024.jpg 1536w, https:\/\/marcali.plebania.hu\/wp-content\/uploads\/2022\/03\/03-3-2048x1365.jpg 2048w, https:\/\/marcali.plebania.hu\/wp-content\/uploads\/2022\/03\/03-3-405x270.jpg 405w\" sizes=\"auto, (max-width: 1024px) 100vw, 1024px\" \/><\/figure><\/li><li class=\"blocks-gallery-item\"><figure><img loading=\"lazy\" decoding=\"async\" width=\"1024\" height=\"683\" src=\"https:\/\/marcali.plebania.hu\/wp-content\/uploads\/2022\/03\/04-2-1024x683.jpg\" alt=\"\" data-id=\"3437\" data-full-url=\"https:\/\/marcali.plebania.hu\/wp-content\/uploads\/2022\/03\/04-2-scaled.jpg\" data-link=\"https:\/\/marcali.plebania.hu\/?attachment_id=3437\" class=\"wp-image-3437\" srcset=\"https:\/\/marcali.plebania.hu\/wp-content\/uploads\/2022\/03\/04-2-1024x683.jpg 1024w, https:\/\/marcali.plebania.hu\/wp-content\/uploads\/2022\/03\/04-2-300x200.jpg 300w, https:\/\/marcali.plebania.hu\/wp-content\/uploads\/2022\/03\/04-2-768x512.jpg 768w, https:\/\/marcali.plebania.hu\/wp-content\/uploads\/2022\/03\/04-2-1536x1024.jpg 1536w, https:\/\/marcali.plebania.hu\/wp-content\/uploads\/2022\/03\/04-2-2048x1365.jpg 2048w, https:\/\/marcali.plebania.hu\/wp-content\/uploads\/2022\/03\/04-2-405x270.jpg 405w\" sizes=\"auto, (max-width: 1024px) 100vw, 1024px\" \/><\/figure><\/li><li class=\"blocks-gallery-item\"><figure><img loading=\"lazy\" decoding=\"async\" width=\"1024\" height=\"683\" src=\"https:\/\/marcali.plebania.hu\/wp-content\/uploads\/2022\/03\/05-2-1024x683.jpg\" alt=\"\" data-id=\"3438\" data-full-url=\"https:\/\/marcali.plebania.hu\/wp-content\/uploads\/2022\/03\/05-2-scaled.jpg\" data-link=\"https:\/\/marcali.plebania.hu\/?attachment_id=3438\" class=\"wp-image-3438\" srcset=\"https:\/\/marcali.plebania.hu\/wp-content\/uploads\/2022\/03\/05-2-1024x683.jpg 1024w, https:\/\/marcali.plebania.hu\/wp-content\/uploads\/2022\/03\/05-2-300x200.jpg 300w, https:\/\/marcali.plebania.hu\/wp-content\/uploads\/2022\/03\/05-2-768x512.jpg 768w, https:\/\/marcali.plebania.hu\/wp-content\/uploads\/2022\/03\/05-2-1536x1024.jpg 1536w, https:\/\/marcali.plebania.hu\/wp-content\/uploads\/2022\/03\/05-2-2048x1365.jpg 2048w, https:\/\/marcali.plebania.hu\/wp-content\/uploads\/2022\/03\/05-2-405x270.jpg 405w\" sizes=\"auto, (max-width: 1024px) 100vw, 1024px\" \/><\/figure><\/li><li class=\"blocks-gallery-item\"><figure><img loading=\"lazy\" decoding=\"async\" width=\"1024\" height=\"683\" src=\"https:\/\/marcali.plebania.hu\/wp-content\/uploads\/2022\/03\/06-3-1024x683.jpg\" alt=\"\" data-id=\"3439\" data-full-url=\"https:\/\/marcali.plebania.hu\/wp-content\/uploads\/2022\/03\/06-3-scaled.jpg\" data-link=\"https:\/\/marcali.plebania.hu\/?attachment_id=3439\" class=\"wp-image-3439\" srcset=\"https:\/\/marcali.plebania.hu\/wp-content\/uploads\/2022\/03\/06-3-1024x683.jpg 1024w, https:\/\/marcali.plebania.hu\/wp-content\/uploads\/2022\/03\/06-3-300x200.jpg 300w, https:\/\/marcali.plebania.hu\/wp-content\/uploads\/2022\/03\/06-3-768x512.jpg 768w, https:\/\/marcali.plebania.hu\/wp-content\/uploads\/2022\/03\/06-3-1536x1024.jpg 1536w, https:\/\/marcali.plebania.hu\/wp-content\/uploads\/2022\/03\/06-3-2048x1365.jpg 2048w, https:\/\/marcali.plebania.hu\/wp-content\/uploads\/2022\/03\/06-3-405x270.jpg 405w\" sizes=\"auto, (max-width: 1024px) 100vw, 1024px\" \/><\/figure><\/li><\/ul><\/figure>\n\n\n\n<p>A Marcali R\u00f3mai Katolikus Egyh\u00e1zk\u00f6zs\u00e9g \u00e1ltal \u00f6sszegy\u0171jt\u00f6tt adom\u00e1nyokat a Kaposv\u00e1ri Egyh\u00e1zmegyei Karit\u00e1sz tehersz\u00e1ll\u00edt\u00f3 j\u00e1rm\u0171v\u00e9vel el\u0151sz\u00f6r a megyesz\u00e9khelyre sz\u00e1ll\u00edtott\u00e1k, majd onn\u00e9t pedig a Katolikus Karit\u00e1sz k\u00f6zpontj\u00e1ba tov\u00e1bb\u00edtj\u00e1k. Onnan majd az orsz\u00e1gos gy\u0171jt\u00e9sb\u0151l sz\u00e1rmaz\u00f3 t\u00f6bbi \u00e9lelmiszerrel, felaj\u00e1nl\u00e1sokkal egy\u00fctt fogj\u00e1k tov\u00e1bb\u00edtani a legsz\u00fcks\u00e9gesebb helyekre, \u00edgy p\u00e9ld\u00e1ul az otthon maradottak \u00e9s a menek\u00fcltek ell\u00e1t\u00e1s\u00e1ra.<\/p>\n\n\n\n<figure class=\"wp-block-gallery columns-3 is-cropped wp-block-gallery-3 is-layout-flex wp-block-gallery-is-layout-flex\"><ul class=\"blocks-gallery-grid\"><li class=\"blocks-gallery-item\"><figure><img loading=\"lazy\" decoding=\"async\" width=\"1024\" height=\"683\" src=\"https:\/\/marcali.plebania.hu\/wp-content\/uploads\/2022\/03\/12-2-1024x683.jpg\" alt=\"\" data-id=\"3440\" data-link=\"https:\/\/marcali.plebania.hu\/?attachment_id=3440\" class=\"wp-image-3440\" srcset=\"https:\/\/marcali.plebania.hu\/wp-content\/uploads\/2022\/03\/12-2-1024x683.jpg 1024w, https:\/\/marcali.plebania.hu\/wp-content\/uploads\/2022\/03\/12-2-300x200.jpg 300w, https:\/\/marcali.plebania.hu\/wp-content\/uploads\/2022\/03\/12-2-768x512.jpg 768w, https:\/\/marcali.plebania.hu\/wp-content\/uploads\/2022\/03\/12-2-1536x1024.jpg 1536w, https:\/\/marcali.plebania.hu\/wp-content\/uploads\/2022\/03\/12-2-2048x1365.jpg 2048w, https:\/\/marcali.plebania.hu\/wp-content\/uploads\/2022\/03\/12-2-405x270.jpg 405w\" sizes=\"auto, (max-width: 1024px) 100vw, 1024px\" \/><\/figure><\/li><li class=\"blocks-gallery-item\"><figure><img loading=\"lazy\" decoding=\"async\" width=\"1024\" height=\"683\" src=\"https:\/\/marcali.plebania.hu\/wp-content\/uploads\/2022\/03\/09-2-1024x683.jpg\" alt=\"\" data-id=\"3441\" data-link=\"https:\/\/marcali.plebania.hu\/?attachment_id=3441\" class=\"wp-image-3441\" srcset=\"https:\/\/marcali.plebania.hu\/wp-content\/uploads\/2022\/03\/09-2-1024x683.jpg 1024w, https:\/\/marcali.plebania.hu\/wp-content\/uploads\/2022\/03\/09-2-300x200.jpg 300w, https:\/\/marcali.plebania.hu\/wp-content\/uploads\/2022\/03\/09-2-768x512.jpg 768w, https:\/\/marcali.plebania.hu\/wp-content\/uploads\/2022\/03\/09-2-1536x1024.jpg 1536w, https:\/\/marcali.plebania.hu\/wp-content\/uploads\/2022\/03\/09-2-2048x1365.jpg 2048w, https:\/\/marcali.plebania.hu\/wp-content\/uploads\/2022\/03\/09-2-405x270.jpg 405w\" sizes=\"auto, (max-width: 1024px) 100vw, 1024px\" \/><\/figure><\/li><li class=\"blocks-gallery-item\"><figure><img loading=\"lazy\" decoding=\"async\" width=\"1024\" height=\"683\" src=\"https:\/\/marcali.plebania.hu\/wp-content\/uploads\/2022\/03\/10-1-1024x683.jpg\" alt=\"\" data-id=\"3442\" data-link=\"https:\/\/marcali.plebania.hu\/?attachment_id=3442\" class=\"wp-image-3442\" srcset=\"https:\/\/marcali.plebania.hu\/wp-content\/uploads\/2022\/03\/10-1-1024x683.jpg 1024w, https:\/\/marcali.plebania.hu\/wp-content\/uploads\/2022\/03\/10-1-300x200.jpg 300w, https:\/\/marcali.plebania.hu\/wp-content\/uploads\/2022\/03\/10-1-768x512.jpg 768w, https:\/\/marcali.plebania.hu\/wp-content\/uploads\/2022\/03\/10-1-1536x1024.jpg 1536w, https:\/\/marcali.plebania.hu\/wp-content\/uploads\/2022\/03\/10-1-2048x1365.jpg 2048w, https:\/\/marcali.plebania.hu\/wp-content\/uploads\/2022\/03\/10-1-405x270.jpg 405w\" sizes=\"auto, (max-width: 1024px) 100vw, 1024px\" \/><\/figure><\/li><li class=\"blocks-gallery-item\"><figure><img loading=\"lazy\" decoding=\"async\" width=\"1024\" height=\"683\" src=\"https:\/\/marcali.plebania.hu\/wp-content\/uploads\/2022\/03\/07-1024x683.jpg\" alt=\"\" data-id=\"3443\" data-full-url=\"https:\/\/marcali.plebania.hu\/wp-content\/uploads\/2022\/03\/07-scaled.jpg\" data-link=\"https:\/\/marcali.plebania.hu\/?attachment_id=3443\" class=\"wp-image-3443\" srcset=\"https:\/\/marcali.plebania.hu\/wp-content\/uploads\/2022\/03\/07-1024x683.jpg 1024w, https:\/\/marcali.plebania.hu\/wp-content\/uploads\/2022\/03\/07-300x200.jpg 300w, https:\/\/marcali.plebania.hu\/wp-content\/uploads\/2022\/03\/07-768x512.jpg 768w, https:\/\/marcali.plebania.hu\/wp-content\/uploads\/2022\/03\/07-1536x1024.jpg 1536w, https:\/\/marcali.plebania.hu\/wp-content\/uploads\/2022\/03\/07-2048x1365.jpg 2048w, https:\/\/marcali.plebania.hu\/wp-content\/uploads\/2022\/03\/07-405x270.jpg 405w\" sizes=\"auto, (max-width: 1024px) 100vw, 1024px\" \/><\/figure><\/li><\/ul><\/figure>\n\n\n\n<p>A\nMarcali R\u00f3mai Katolikus Egyh\u00e1zk\u00f6zs\u00e9g megk\u00f6sz\u00f6ni mindazok nagylelk\u0171\nfelaj\u00e1nl\u00e1s\u00e1t, akik valamiben is seg\u00edtettek a h\u00e1bor\u00fa miatt szorult helyzetbe\nker\u00fcltek \u00e9letk\u00f6r\u00fclm\u00e9nyeinek jav\u00edt\u00e1s\u00e1ban.<\/p>\n","protected":false},"excerpt":{"rendered":"<p>A Magyar Katolikus P\u00fcsp\u00f6ki Konferencia (MKPK) az idei nagyb\u00f6jtben is \u2013 a hagyom\u00e1nyos m\u00f3don \u2013 tart\u00f3s \u00e9lelmiszergy\u0171jt\u00e9st szervezett az orosz-ukr\u00e1n h\u00e1bor\u00fas helyzet miatt az otthon maradottak \u00e9s a menek\u00fcltek r\u00e9sz\u00e9re. Az orsz\u00e1gos akci\u00f3t m\u00e1rcius 20-t\u00f3l 27-ig hirdett\u00e9k meg, melyhez a Marcali R\u00f3mai Katolikus Egyh\u00e1zk\u00f6zs\u00e9g is csatlakozott. A h\u00edvek a vas\u00e1rnapi szentmis\u00e9kre a pl\u00e9b\u00e1niatemplomba, a gombai, vagy a Boldog Gizella templomba vihett\u00e9k el felaj\u00e1nl\u00e1saikat, csomagjaikat. H\u00e9tk\u00f6znap pedig a Gy\u00fcm\u00f6lcsolt\u00f3 Boldogasszony Pl\u00e9b\u00e1niatemplom el\u0151ter\u00e9ben, a F\u00e1jdalmas anya szobra \u00e9l\u00e9 lehetett a tart\u00f3s \u00e9lelmiszereket&#8230;<\/p>\n<p class=\"read-more\"><a class=\"btn btn-default\" href=\"https:\/\/marcali.plebania.hu\/?p=3427\"> Read More<span class=\"screen-reader-text\">  Read More<\/span><\/a><\/p>\n","protected":false},"author":2,"featured_media":0,"comment_status":"closed","ping_status":"open","sticky":false,"template":"","format":"standard","meta":{"footnotes":""},"categories":[1],"tags":[],"class_list":["post-3427","post","type-post","status-publish","format-standard","hentry","category-egyeb"],"_links":{"self":[{"href":"https:\/\/marcali.plebania.hu\/index.php?rest_route=\/wp\/v2\/posts\/3427","targetHints":{"allow":["GET"]}}],"collection":[{"href":"https:\/\/marcali.plebania.hu\/index.php?rest_route=\/wp\/v2\/posts"}],"about":[{"href":"https:\/\/marcali.plebania.hu\/index.php?rest_route=\/wp\/v2\/types\/post"}],"author":[{"embeddable":true,"href":"https:\/\/marcali.plebania.hu\/index.php?rest_route=\/wp\/v2\/users\/2"}],"replies":[{"embeddable":true,"href":"https:\/\/marcali.plebania.hu\/index.php?rest_route=%2Fwp%2Fv2%2Fcomments&post=3427"}],"version-history":[{"count":1,"href":"https:\/\/marcali.plebania.hu\/index.php?rest_route=\/wp\/v2\/posts\/3427\/revisions"}],"predecessor-version":[{"id":3444,"href":"https:\/\/marcali.plebania.hu\/index.php?rest_route=\/wp\/v2\/posts\/3427\/revisions\/3444"}],"wp:attachment":[{"href":"https:\/\/marcali.plebania.hu\/index.php?rest_route=%2Fwp%2Fv2%2Fmedia&parent=3427"}],"wp:term":[{"taxonomy":"category","embeddable":true,"href":"https:\/\/marcali.plebania.hu\/index.php?rest_route=%2Fwp%2Fv2%2Fcategories&post=3427"},{"taxonomy":"post_tag","embeddable":true,"href":"https:\/\/marcali.plebania.hu\/index.php?rest_route=%2Fwp%2Fv2%2Ftags&post=3427"}],"curies":[{"name":"wp","href":"https:\/\/api.w.org\/{rel}","templated":true}]}}