{"id":344,"date":"2018-09-12T09:51:47","date_gmt":"2018-09-12T09:51:47","guid":{"rendered":"https:\/\/marcali.plebania.hu\/?p=344"},"modified":"2018-09-12T09:51:47","modified_gmt":"2018-09-12T09:51:47","slug":"tanevkezdo-szentmise-a-plebaniatemplomban","status":"publish","type":"post","link":"https:\/\/marcali.plebania.hu\/?p=344","title":{"rendered":"Tan\u00e9vkezd\u0151 szentmise a pl\u00e9b\u00e1niatemplomban"},"content":{"rendered":"<p>Szeptember 9-\u00e9n, vas\u00e1rnap reggel tan\u00e9vkezd\u0151 szentmis\u00e9re j\u00f6ttek \u00f6ssze a hit- \u00e9s erk\u00f6lcstan oktat\u00e1sra j\u00e1r\u00f3 gyermekek a pl\u00e9b\u00e1niatemplomban. Ez a mai nap els\u0151 tan\u00e9vnyit\u00f3 szentmis\u00e9je, mivel a gyermekek lehet\u0151s\u00e9get kaptak arra, hogy v\u00e1lasszanak az esti Boldog Gizella templomi szentmise \u00e9s a reggeli szentmise k\u00f6z\u00f6tt.<\/p>\n<p><img loading=\"lazy\" decoding=\"async\" class=\"aligncenter wp-image-345 size-large\" src=\"https:\/\/marcali.plebania.hu\/wp-content\/uploads\/2018\/09\/tav\u00e9vkezd\u0151118-015-1024x678.jpg\" alt=\"\" width=\"640\" height=\"424\" srcset=\"https:\/\/marcali.plebania.hu\/wp-content\/uploads\/2018\/09\/tav\u00e9vkezd\u0151118-015.jpg 1024w, https:\/\/marcali.plebania.hu\/wp-content\/uploads\/2018\/09\/tav\u00e9vkezd\u0151118-015-300x199.jpg 300w, https:\/\/marcali.plebania.hu\/wp-content\/uploads\/2018\/09\/tav\u00e9vkezd\u0151118-015-768x509.jpg 768w, https:\/\/marcali.plebania.hu\/wp-content\/uploads\/2018\/09\/tav\u00e9vkezd\u0151118-015-408x270.jpg 408w\" sizes=\"auto, (max-width: 640px) 100vw, 640px\" \/><\/p>\n<p>Az olt\u00e1ron Rubljov Szenth\u00e1roms\u00e1g ikonja volt a d\u00edsz\u00edt\u00e9s, alatta pedig b\u00fazakal\u00e1szok, a kos\u00e1rban pedig a gyerekeknek el\u0151k\u00e9sz\u00edtett kis b\u00fazamag csomagok, a bibliai elvetett mag p\u00e9ldabesz\u00e9d\u00e9re c\u00e9lozva.<\/p>\n<p><img loading=\"lazy\" decoding=\"async\" class=\"aligncenter wp-image-346 size-large\" src=\"https:\/\/marcali.plebania.hu\/wp-content\/uploads\/2018\/09\/tav\u00e9vkezd\u0151118-021-1024x678.jpg\" alt=\"\" width=\"640\" height=\"424\" srcset=\"https:\/\/marcali.plebania.hu\/wp-content\/uploads\/2018\/09\/tav\u00e9vkezd\u0151118-021.jpg 1024w, https:\/\/marcali.plebania.hu\/wp-content\/uploads\/2018\/09\/tav\u00e9vkezd\u0151118-021-300x199.jpg 300w, https:\/\/marcali.plebania.hu\/wp-content\/uploads\/2018\/09\/tav\u00e9vkezd\u0151118-021-768x509.jpg 768w, https:\/\/marcali.plebania.hu\/wp-content\/uploads\/2018\/09\/tav\u00e9vkezd\u0151118-021-408x270.jpg 408w\" sizes=\"auto, (max-width: 640px) 100vw, 640px\" \/><\/p>\n<p>Iv\u00e1n atya felh\u00edvta a figyelmet a Szenth\u00e1roms\u00e1g ikonra \u00e9s felette a k\u00e9rd\u00e9st a gyermekeknek, hogy \u0151k legyenek rajta a negyedik szerepl\u0151k.<\/p>\n<p>Majd bemutatott k\u00e9t jelenl\u00e9v\u0151 hitoktat\u00f3t: dr Gyulain\u00e9 Domj\u00e1n Zsuzsann\u00e1t \u00e9s Tombor Erzs\u00e9betet. Ut\u00e1na \u00e1ld\u00e1sban r\u00e9szes\u00edtette a jelenl\u00e9v\u0151 gyermekeket. V\u00e9g\u00fcl orsz\u00e1gos rajz \u00e9s fot\u00f3p\u00e1ly\u00e1zatot hirdetett a gyermekeknek.<\/p>\n<p><img loading=\"lazy\" decoding=\"async\" class=\"aligncenter wp-image-347 size-large\" src=\"https:\/\/marcali.plebania.hu\/wp-content\/uploads\/2018\/09\/tav\u00e9vkezd\u0151118-065-1024x678.jpg\" alt=\"\" width=\"640\" height=\"424\" srcset=\"https:\/\/marcali.plebania.hu\/wp-content\/uploads\/2018\/09\/tav\u00e9vkezd\u0151118-065.jpg 1024w, https:\/\/marcali.plebania.hu\/wp-content\/uploads\/2018\/09\/tav\u00e9vkezd\u0151118-065-300x199.jpg 300w, https:\/\/marcali.plebania.hu\/wp-content\/uploads\/2018\/09\/tav\u00e9vkezd\u0151118-065-768x509.jpg 768w, https:\/\/marcali.plebania.hu\/wp-content\/uploads\/2018\/09\/tav\u00e9vkezd\u0151118-065-408x270.jpg 408w\" sizes=\"auto, (max-width: 640px) 100vw, 640px\" \/><\/p>\n<p>&nbsp;<\/p>\n","protected":false},"excerpt":{"rendered":"<p>Szeptember 9-\u00e9n, vas\u00e1rnap reggel tan\u00e9vkezd\u0151 szentmis\u00e9re j\u00f6ttek \u00f6ssze a hit- \u00e9s erk\u00f6lcstan oktat\u00e1sra j\u00e1r\u00f3 gyermekek a pl\u00e9b\u00e1niatemplomban. Ez a mai nap els\u0151 tan\u00e9vnyit\u00f3 szentmis\u00e9je, mivel a gyermekek lehet\u0151s\u00e9get kaptak arra, hogy v\u00e1lasszanak az esti Boldog Gizella templomi szentmise \u00e9s a reggeli szentmise k\u00f6z\u00f6tt. Az olt\u00e1ron Rubljov Szenth\u00e1roms\u00e1g ikonja volt a d\u00edsz\u00edt\u00e9s, alatta pedig b\u00fazakal\u00e1szok, a kos\u00e1rban pedig a gyerekeknek el\u0151k\u00e9sz\u00edtett kis b\u00fazamag csomagok, a bibliai elvetett mag p\u00e9ldabesz\u00e9d\u00e9re c\u00e9lozva. Iv\u00e1n atya felh\u00edvta a figyelmet a Szenth\u00e1roms\u00e1g ikonra \u00e9s felette a&#8230;<\/p>\n<p class=\"read-more\"><a class=\"btn btn-default\" href=\"https:\/\/marcali.plebania.hu\/?p=344\"> Read More<span class=\"screen-reader-text\">  Read More<\/span><\/a><\/p>\n","protected":false},"author":2,"featured_media":0,"comment_status":"closed","ping_status":"open","sticky":false,"template":"","format":"standard","meta":{"footnotes":""},"categories":[1],"tags":[],"class_list":["post-344","post","type-post","status-publish","format-standard","hentry","category-egyeb"],"_links":{"self":[{"href":"https:\/\/marcali.plebania.hu\/index.php?rest_route=\/wp\/v2\/posts\/344","targetHints":{"allow":["GET"]}}],"collection":[{"href":"https:\/\/marcali.plebania.hu\/index.php?rest_route=\/wp\/v2\/posts"}],"about":[{"href":"https:\/\/marcali.plebania.hu\/index.php?rest_route=\/wp\/v2\/types\/post"}],"author":[{"embeddable":true,"href":"https:\/\/marcali.plebania.hu\/index.php?rest_route=\/wp\/v2\/users\/2"}],"replies":[{"embeddable":true,"href":"https:\/\/marcali.plebania.hu\/index.php?rest_route=%2Fwp%2Fv2%2Fcomments&post=344"}],"version-history":[{"count":1,"href":"https:\/\/marcali.plebania.hu\/index.php?rest_route=\/wp\/v2\/posts\/344\/revisions"}],"predecessor-version":[{"id":348,"href":"https:\/\/marcali.plebania.hu\/index.php?rest_route=\/wp\/v2\/posts\/344\/revisions\/348"}],"wp:attachment":[{"href":"https:\/\/marcali.plebania.hu\/index.php?rest_route=%2Fwp%2Fv2%2Fmedia&parent=344"}],"wp:term":[{"taxonomy":"category","embeddable":true,"href":"https:\/\/marcali.plebania.hu\/index.php?rest_route=%2Fwp%2Fv2%2Fcategories&post=344"},{"taxonomy":"post_tag","embeddable":true,"href":"https:\/\/marcali.plebania.hu\/index.php?rest_route=%2Fwp%2Fv2%2Ftags&post=344"}],"curies":[{"name":"wp","href":"https:\/\/api.w.org\/{rel}","templated":true}]}}