{"id":3445,"date":"2022-04-01T09:20:14","date_gmt":"2022-04-01T09:20:14","guid":{"rendered":"https:\/\/marcali.plebania.hu\/?p=3445"},"modified":"2022-04-01T09:20:14","modified_gmt":"2022-04-01T09:20:14","slug":"hirdetesek-2022-04-03","status":"publish","type":"post","link":"https:\/\/marcali.plebania.hu\/?p=3445","title":{"rendered":"Hirdet\u00e9sek, 2022. 04. 03."},"content":{"rendered":"\n<ol class=\"wp-block-list\"><li>Ma\nnagyb\u00f6jt 5. vas\u00e1rnapja van. A mai perselyp\u00e9nzt a szentf\u00f6ldi kereszt\u00e9nyek megseg\u00edt\u00e9s\u00e9re\ngy\u0171jtj\u00fck.<\/li><li>Kedden\n17 \u00f3rakor az X-h\u00e1zban (D\u00f3zsa u. 3.) sz\u00fcl\u0151i \u00e9rtekezletet tartunk az\nels\u0151\u00e1ldoz\u00e1sra k\u00e9sz\u00fcl\u0151 gyermekek sz\u00fcleinek. Megjelen\u00e9s\u00fckre felt\u00e9tlen\u00fcl\nsz\u00e1m\u00edtunk.<\/li><li>P\u00e9nteken\na pl\u00e9b\u00e1niatemplomban 17.30-t\u00f3l kereszt\u00fat a K\u00e9pvisel\u0151 Test\u00fcleti tagok vezet\u00e9s\u00e9vel,\n18 \u00f3rakor szentmise.<\/li><li>Szombaton\n10 \u00f3rakor a K\u00f6zponti temet\u0151ben (a ravataloz\u00f3 el\u0151tt) ker\u00fcl sor a Meg nem\nsz\u00fcletett gyermekek eml\u00e9khely\u00e9nek meg\u00e1ld\u00e1s\u00e1ra \u00e9s \u00e1tad\u00e1s\u00e1ra. A h\u00edveket is\nszeretettel v\u00e1rjuk.<\/li><li>Ugyancsak szombaton 15 \u00f3rai kezdettel\nnagyb\u00f6jti Lelki Napot szervez\u00fcnk hittanosaink \u00e9s sz\u00fcleik r\u00e9sz\u00e9re az X-h\u00e1zban. A\nprogramban zen\u00e9s dics\u0151\u00edt\u00e9s, el\u0151ad\u00e1s, besz\u00e9lget\u00e9s, szeretetvend\u00e9gs\u00e9g, k\u00e9zm\u0171ves\nfoglalkoz\u00e1s, kereszt\u00fat, gy\u00f3n\u00e1si lehet\u0151s\u00e9g, \u00e9s szentmise lesz. A fels\u0151s\u00f6knek\n16.00-t\u00f3l, a feln\u0151tteknek 17.00-t\u00f3l gy\u00f3n\u00e1si lehet\u0151s\u00e9g a pl\u00e9b\u00e1niatemplomban, a\nh\u00fasv\u00e9tra val\u00f3 el\u0151k\u00e9sz\u00fclet r\u00e9szek\u00e9nt vend\u00e9g aty\u00e1kn\u00e1l. Ezut\u00e1n 17.20-kor ifj\u00fas\u00e1gi\nkereszt\u00fat, v\u00e9g\u00fcl 18.00 \u00f3rakor lelkigyakorlatos szentmis\u00e9vel z\u00e1rul a program. A\ntemplomban kegyt\u00e1rgy \u00e1rus\u00edt\u00e1s is lesz b\u0151s\u00e9ges v\u00e1laszt\u00e9kkal.<\/li><li>J\u00f6v\u0151 vas\u00e1rnap vir\u00e1gvas\u00e1rnap.<\/li><li>Megk\u00f6sz\u00f6nj\u00fck mindazoknak, akik tart\u00f3s\n\u00e9lelmiszer adom\u00e1nyokkal seg\u00edtett\u00e9k a k\u00e1rp\u00e1taljai menek\u00fclteket \u00e9s az otthon maradottakat.\nA mintegy 700 kg adom\u00e1nyt a Kaposv\u00e1ri Egyh\u00e1zmegyei Karit\u00e1sz a h\u00e9ten m\u00e1r el is\nsz\u00e1ll\u00edtotta, akik az orsz\u00e1gos Karit\u00e1szon kereszt\u00fcl tov\u00e1bb\u00edtj\u00e1k a r\u00e1szorul\u00f3knak\naz \u00e9lelmiszereket \u00e9s tiszt\u00e1lkod\u00e1si szereket.<\/li><li>A h\u00fasv\u00e9ti vir\u00e1gp\u00e9nzt k\u00e9rj\u00fck a\nsekresty\u00e9snek leadni.<\/li><\/ol>\n","protected":false},"excerpt":{"rendered":"<p>Ma nagyb\u00f6jt 5. vas\u00e1rnapja van. A mai perselyp\u00e9nzt a szentf\u00f6ldi kereszt\u00e9nyek megseg\u00edt\u00e9s\u00e9re gy\u0171jtj\u00fck. Kedden 17 \u00f3rakor az X-h\u00e1zban (D\u00f3zsa u. 3.) sz\u00fcl\u0151i \u00e9rtekezletet tartunk az els\u0151\u00e1ldoz\u00e1sra k\u00e9sz\u00fcl\u0151 gyermekek sz\u00fcleinek. Megjelen\u00e9s\u00fckre felt\u00e9tlen\u00fcl sz\u00e1m\u00edtunk. P\u00e9nteken a pl\u00e9b\u00e1niatemplomban 17.30-t\u00f3l kereszt\u00fat a K\u00e9pvisel\u0151 Test\u00fcleti tagok vezet\u00e9s\u00e9vel, 18 \u00f3rakor szentmise. Szombaton 10 \u00f3rakor a K\u00f6zponti temet\u0151ben (a ravataloz\u00f3 el\u0151tt) ker\u00fcl sor a Meg nem sz\u00fcletett gyermekek eml\u00e9khely\u00e9nek meg\u00e1ld\u00e1s\u00e1ra \u00e9s \u00e1tad\u00e1s\u00e1ra. A h\u00edveket is szeretettel v\u00e1rjuk. Ugyancsak szombaton 15 \u00f3rai kezdettel nagyb\u00f6jti Lelki Napot szervez\u00fcnk hittanosaink&#8230;<\/p>\n<p class=\"read-more\"><a class=\"btn btn-default\" href=\"https:\/\/marcali.plebania.hu\/?p=3445\"> Read More<span class=\"screen-reader-text\">  Read More<\/span><\/a><\/p>\n","protected":false},"author":2,"featured_media":0,"comment_status":"closed","ping_status":"open","sticky":false,"template":"","format":"standard","meta":{"footnotes":""},"categories":[1],"tags":[],"class_list":["post-3445","post","type-post","status-publish","format-standard","hentry","category-egyeb"],"_links":{"self":[{"href":"https:\/\/marcali.plebania.hu\/index.php?rest_route=\/wp\/v2\/posts\/3445","targetHints":{"allow":["GET"]}}],"collection":[{"href":"https:\/\/marcali.plebania.hu\/index.php?rest_route=\/wp\/v2\/posts"}],"about":[{"href":"https:\/\/marcali.plebania.hu\/index.php?rest_route=\/wp\/v2\/types\/post"}],"author":[{"embeddable":true,"href":"https:\/\/marcali.plebania.hu\/index.php?rest_route=\/wp\/v2\/users\/2"}],"replies":[{"embeddable":true,"href":"https:\/\/marcali.plebania.hu\/index.php?rest_route=%2Fwp%2Fv2%2Fcomments&post=3445"}],"version-history":[{"count":1,"href":"https:\/\/marcali.plebania.hu\/index.php?rest_route=\/wp\/v2\/posts\/3445\/revisions"}],"predecessor-version":[{"id":3446,"href":"https:\/\/marcali.plebania.hu\/index.php?rest_route=\/wp\/v2\/posts\/3445\/revisions\/3446"}],"wp:attachment":[{"href":"https:\/\/marcali.plebania.hu\/index.php?rest_route=%2Fwp%2Fv2%2Fmedia&parent=3445"}],"wp:term":[{"taxonomy":"category","embeddable":true,"href":"https:\/\/marcali.plebania.hu\/index.php?rest_route=%2Fwp%2Fv2%2Fcategories&post=3445"},{"taxonomy":"post_tag","embeddable":true,"href":"https:\/\/marcali.plebania.hu\/index.php?rest_route=%2Fwp%2Fv2%2Ftags&post=3445"}],"curies":[{"name":"wp","href":"https:\/\/api.w.org\/{rel}","templated":true}]}}