{"id":3447,"date":"2022-04-08T09:59:44","date_gmt":"2022-04-08T09:59:44","guid":{"rendered":"https:\/\/marcali.plebania.hu\/?p=3447"},"modified":"2022-04-08T09:59:44","modified_gmt":"2022-04-08T09:59:44","slug":"hirdetesek-2022-04-10","status":"publish","type":"post","link":"https:\/\/marcali.plebania.hu\/?p=3447","title":{"rendered":"Hirdet\u00e9sek, 2022. 04. 10."},"content":{"rendered":"\n<ol class=\"wp-block-list\"><li>Ma Vir\u00e1gvas\u00e1rnap van, a Nagyh\u00e9t kezdete.<\/li><li>Szerd\u00e1n 17 \u00f3rakor fatimai ima\u00f3ra, 18 \u00f3rakor szentmise.<\/li><li>A h\u00e9ten nagycs\u00fct\u00f6rt\u00f6k, este 18 \u00f3rakor szentmise az\nutols\u00f3 vacsora eml\u00e9kezet\u00e9re, ut\u00e1na r\u00f6vid virraszt\u00e1s.<\/li><li>Nagyp\u00e9nteken d\u00e9lut\u00e1n 3 \u00f3rakor kereszt\u00fat a k\u00f6zponti temet\u0151ben\nl\u00e9v\u0151 k\u00e1lv\u00e1ri\u00e1n, 18 \u00f3rakor nagyp\u00e9nteki liturgia a pl\u00e9b\u00e1niatemplomban (passi\u00f3\u00e9nekl\u00e9s,\nkereszth\u00f3dolat, \u00e1ldoz\u00e1s). Szigor\u00fa b\u00f6jti nap!<\/li><li>Nagyszombaton 18 \u00f3rakor kezd\u0151dik a h\u00fasv\u00e9ti vig\u00edlia\nszertart\u00e1sa az \u00faj t\u0171z megszentel\u00e9s\u00e9vel, majd a templomban h\u00fasv\u00e9ti \u00f6r\u00f6m\u00e9nek,\n\u00f3sz\u00f6vets\u00e9gi olvasm\u00e1nyok, majd felt\u00e1mad\u00e1si szentmise, kereszts\u00e9gi fogadalommal.\nUt\u00e1na felt\u00e1mad\u00e1si k\u00f6rmenetet tartunk az \u00f6nkorm\u00e1nyzatig. K\u00e9rn\u00e9m, hogy a rendez\u0151k\nk\u00e9r\u00e9s\u00e9re f\u00e1kly\u00e1t, z\u00e1szl\u00f3t a templom el\u0151tt vegy\u00fcnk fel \u00e9s vigy\u00fcnk magunkkal a\nk\u00f6rmeneten.<\/li><li>A h\u00fasv\u00e9ti \u00e9telszentel\u00e9s vagy nagyszombaton a k\u00f6rmenet\nut\u00e1n, vagy H\u00fasv\u00e9t vas\u00e1rnap a 9 \u00f3r\u00e1s szentmise el\u0151tt lesz.<\/li><li>H\u00fasv\u00e9t vas\u00e1rnap szentmis\u00e9k: 9 \u00f3rakor a pl\u00e9b\u00e1niatemplomban,\n11 \u00f3rakor a gombai templomban \u00e9s Biz\u00e9n, 18 \u00f3rakor a B. Gizella templomban.<\/li><li>H\u00fasv\u00e9t h\u00e9tf\u0151n 9 \u00f3rakor a pl\u00e9b\u00e1niatemplomban ut\u00e1na\nkeresztel\u00e9sek.<\/li><li>A h\u00fasv\u00e9ti vir\u00e1gp\u00e9nzt k\u00e9rj\u00fck a sekresty\u00e9snek leadni.<\/li><\/ol>\n","protected":false},"excerpt":{"rendered":"<p>Ma Vir\u00e1gvas\u00e1rnap van, a Nagyh\u00e9t kezdete. Szerd\u00e1n 17 \u00f3rakor fatimai ima\u00f3ra, 18 \u00f3rakor szentmise. A h\u00e9ten nagycs\u00fct\u00f6rt\u00f6k, este 18 \u00f3rakor szentmise az utols\u00f3 vacsora eml\u00e9kezet\u00e9re, ut\u00e1na r\u00f6vid virraszt\u00e1s. Nagyp\u00e9nteken d\u00e9lut\u00e1n 3 \u00f3rakor kereszt\u00fat a k\u00f6zponti temet\u0151ben l\u00e9v\u0151 k\u00e1lv\u00e1ri\u00e1n, 18 \u00f3rakor nagyp\u00e9nteki liturgia a pl\u00e9b\u00e1niatemplomban (passi\u00f3\u00e9nekl\u00e9s, kereszth\u00f3dolat, \u00e1ldoz\u00e1s). Szigor\u00fa b\u00f6jti nap! Nagyszombaton 18 \u00f3rakor kezd\u0151dik a h\u00fasv\u00e9ti vig\u00edlia szertart\u00e1sa az \u00faj t\u0171z megszentel\u00e9s\u00e9vel, majd a templomban h\u00fasv\u00e9ti \u00f6r\u00f6m\u00e9nek, \u00f3sz\u00f6vets\u00e9gi olvasm\u00e1nyok, majd felt\u00e1mad\u00e1si szentmise, kereszts\u00e9gi fogadalommal. Ut\u00e1na felt\u00e1mad\u00e1si k\u00f6rmenetet tartunk az \u00f6nkorm\u00e1nyzatig&#8230;.<\/p>\n<p class=\"read-more\"><a class=\"btn btn-default\" href=\"https:\/\/marcali.plebania.hu\/?p=3447\"> Read More<span class=\"screen-reader-text\">  Read More<\/span><\/a><\/p>\n","protected":false},"author":2,"featured_media":0,"comment_status":"closed","ping_status":"open","sticky":false,"template":"","format":"standard","meta":{"footnotes":""},"categories":[1],"tags":[],"class_list":["post-3447","post","type-post","status-publish","format-standard","hentry","category-egyeb"],"_links":{"self":[{"href":"https:\/\/marcali.plebania.hu\/index.php?rest_route=\/wp\/v2\/posts\/3447","targetHints":{"allow":["GET"]}}],"collection":[{"href":"https:\/\/marcali.plebania.hu\/index.php?rest_route=\/wp\/v2\/posts"}],"about":[{"href":"https:\/\/marcali.plebania.hu\/index.php?rest_route=\/wp\/v2\/types\/post"}],"author":[{"embeddable":true,"href":"https:\/\/marcali.plebania.hu\/index.php?rest_route=\/wp\/v2\/users\/2"}],"replies":[{"embeddable":true,"href":"https:\/\/marcali.plebania.hu\/index.php?rest_route=%2Fwp%2Fv2%2Fcomments&post=3447"}],"version-history":[{"count":1,"href":"https:\/\/marcali.plebania.hu\/index.php?rest_route=\/wp\/v2\/posts\/3447\/revisions"}],"predecessor-version":[{"id":3448,"href":"https:\/\/marcali.plebania.hu\/index.php?rest_route=\/wp\/v2\/posts\/3447\/revisions\/3448"}],"wp:attachment":[{"href":"https:\/\/marcali.plebania.hu\/index.php?rest_route=%2Fwp%2Fv2%2Fmedia&parent=3447"}],"wp:term":[{"taxonomy":"category","embeddable":true,"href":"https:\/\/marcali.plebania.hu\/index.php?rest_route=%2Fwp%2Fv2%2Fcategories&post=3447"},{"taxonomy":"post_tag","embeddable":true,"href":"https:\/\/marcali.plebania.hu\/index.php?rest_route=%2Fwp%2Fv2%2Ftags&post=3447"}],"curies":[{"name":"wp","href":"https:\/\/api.w.org\/{rel}","templated":true}]}}