{"id":3449,"date":"2022-04-12T14:27:50","date_gmt":"2022-04-12T14:27:50","guid":{"rendered":"https:\/\/marcali.plebania.hu\/?p=3449"},"modified":"2022-04-12T14:27:50","modified_gmt":"2022-04-12T14:27:50","slug":"atadtak-es-megaldottak-a-meg-nem-szuletett-gyermekek-emlekhelyet-a-marcali-kozponti-temetoben","status":"publish","type":"post","link":"https:\/\/marcali.plebania.hu\/?p=3449","title":{"rendered":"\u00c1tadt\u00e1k \u00e9s meg\u00e1ldott\u00e1k a \u201eMeg nem sz\u00fcletett gyermekek\u201d eml\u00e9khely\u00e9t a Marcali K\u00f6zponti Temet\u0151ben"},"content":{"rendered":"\n<p>2022. \u00e1prilis 9-\u00e9n, szombaton d\u00e9lel\u0151tt 10 \u00f3rakor \u00fcnnepi keretek k\u00f6z\u00f6tt adt\u00e1k \u00e1t \u00e9s \u00e1ldott\u00e1k meg a \u201eMeg nem sz\u00fcletett gyermekek\u201d eml\u00e9khely\u00e9t a Marcali K\u00f6zponti Temet\u0151ben, a ravataloz\u00f3 el\u0151tt.<\/p>\n\n\n\n<p>Az id\u0151j\u00e1r\u00e1s miatt a ravataloz\u00f3 el\u0151tti fedett r\u00e9szen kezd\u0151d\u00f6tt a cerem\u00f3nia. Els\u0151k\u00e9nt dr. Gyulai Botond \u2013 az eml\u00e9khely egyik \u00f6tletad\u00f3ja \u2013 ismertette a megjelentekkel azt a szomor\u00fa statisztik\u00e1t, hogy Magyarorsz\u00e1gon \u00e9vente hozz\u00e1vet\u0151legesen Marcali lakoss\u00e1g\u00e1nak mintegy h\u00e1romszorosa azoknak a magzatoknak a sz\u00e1ma, akik sz\u00e1nd\u00e9kosan, vagy nem tervezetten halnak meg terhess\u00e9g-megszak\u00edt\u00e1s k\u00f6vetkezt\u00e9ben. Pedig orvosi \u00e9rtelemben \u00e9s erk\u00f6lcsileg is az \u00e9let a fogantat\u00e1ssal kezd\u0151dik. Ezen k\u00edv\u00fcl besz\u00e9lt m\u00e9g a poszttraum\u00e1s stressz k\u00e9rd\u00e9s\u00e9r\u0151l is, hogy mink\u00e9nt \u00e9rinti azokat az embereket, akik ezeken a megr\u00e1zk\u00f3dtat\u00e1sokon m\u00e1r \u00e1testek. Kiemelte a gy\u00e1sz fontoss\u00e1g\u00e1t, ami azokat is \u00e9rinti, akik tervezetten mondtak le a gyermek\u00fckr\u0151l. Ez az eml\u00e9khely ez\u00e9rt j\u00f6tt l\u00e9tre, hogy ha van egy olyan hely, ahol az \u00e9rintettek m\u00e9lt\u00f3k\u00e9ppen tudnak megeml\u00e9kezni az elhunyt szeretteikr\u0151l, akkor sokkal k\u00f6nnyebben v\u00e1lik feldolgozhat\u00f3v\u00e1 ez a trauma \u2013 ezt a t\u00e9nyt a t\u00e9m\u00e1t feldolgoz\u00f3 tanulm\u00e1nyok is al\u00e1t\u00e1masztj\u00e1k. Tulajdonk\u00e9ppen a Marcali K\u00f6zponti Temet\u0151ben megval\u00f3sult mostani alkot\u00e1s is ezt a c\u00e9lt szolg\u00e1lja.<\/p>\n\n\n\n<figure class=\"wp-block-gallery columns-3 is-cropped wp-block-gallery-1 is-layout-flex wp-block-gallery-is-layout-flex\"><ul class=\"blocks-gallery-grid\"><li class=\"blocks-gallery-item\"><figure><img loading=\"lazy\" decoding=\"async\" width=\"1024\" height=\"683\" src=\"https:\/\/marcali.plebania.hu\/wp-content\/uploads\/2022\/04\/06-1024x683.jpg\" alt=\"\" data-id=\"3450\" data-link=\"https:\/\/marcali.plebania.hu\/?attachment_id=3450\" class=\"wp-image-3450\" srcset=\"https:\/\/marcali.plebania.hu\/wp-content\/uploads\/2022\/04\/06-1024x683.jpg 1024w, https:\/\/marcali.plebania.hu\/wp-content\/uploads\/2022\/04\/06-300x200.jpg 300w, https:\/\/marcali.plebania.hu\/wp-content\/uploads\/2022\/04\/06-768x512.jpg 768w, https:\/\/marcali.plebania.hu\/wp-content\/uploads\/2022\/04\/06-1536x1024.jpg 1536w, https:\/\/marcali.plebania.hu\/wp-content\/uploads\/2022\/04\/06-2048x1365.jpg 2048w, https:\/\/marcali.plebania.hu\/wp-content\/uploads\/2022\/04\/06-405x270.jpg 405w\" sizes=\"auto, (max-width: 1024px) 100vw, 1024px\" \/><\/figure><\/li><li class=\"blocks-gallery-item\"><figure><img loading=\"lazy\" decoding=\"async\" width=\"1024\" height=\"683\" src=\"https:\/\/marcali.plebania.hu\/wp-content\/uploads\/2022\/04\/01-1024x683.jpg\" alt=\"\" data-id=\"3451\" data-link=\"https:\/\/marcali.plebania.hu\/?attachment_id=3451\" class=\"wp-image-3451\" srcset=\"https:\/\/marcali.plebania.hu\/wp-content\/uploads\/2022\/04\/01-1024x683.jpg 1024w, https:\/\/marcali.plebania.hu\/wp-content\/uploads\/2022\/04\/01-300x200.jpg 300w, https:\/\/marcali.plebania.hu\/wp-content\/uploads\/2022\/04\/01-768x512.jpg 768w, https:\/\/marcali.plebania.hu\/wp-content\/uploads\/2022\/04\/01-1536x1024.jpg 1536w, https:\/\/marcali.plebania.hu\/wp-content\/uploads\/2022\/04\/01-2048x1365.jpg 2048w, https:\/\/marcali.plebania.hu\/wp-content\/uploads\/2022\/04\/01-405x270.jpg 405w\" sizes=\"auto, (max-width: 1024px) 100vw, 1024px\" \/><\/figure><\/li><li class=\"blocks-gallery-item\"><figure><img loading=\"lazy\" decoding=\"async\" width=\"1024\" height=\"683\" src=\"https:\/\/marcali.plebania.hu\/wp-content\/uploads\/2022\/04\/14-1024x683.jpg\" alt=\"\" data-id=\"3452\" data-link=\"https:\/\/marcali.plebania.hu\/?attachment_id=3452\" class=\"wp-image-3452\" srcset=\"https:\/\/marcali.plebania.hu\/wp-content\/uploads\/2022\/04\/14-1024x683.jpg 1024w, https:\/\/marcali.plebania.hu\/wp-content\/uploads\/2022\/04\/14-300x200.jpg 300w, https:\/\/marcali.plebania.hu\/wp-content\/uploads\/2022\/04\/14-768x512.jpg 768w, https:\/\/marcali.plebania.hu\/wp-content\/uploads\/2022\/04\/14-1536x1024.jpg 1536w, https:\/\/marcali.plebania.hu\/wp-content\/uploads\/2022\/04\/14-2048x1365.jpg 2048w, https:\/\/marcali.plebania.hu\/wp-content\/uploads\/2022\/04\/14-405x270.jpg 405w\" sizes=\"auto, (max-width: 1024px) 100vw, 1024px\" \/><\/figure><\/li><li class=\"blocks-gallery-item\"><figure><img loading=\"lazy\" decoding=\"async\" width=\"1024\" height=\"683\" src=\"https:\/\/marcali.plebania.hu\/wp-content\/uploads\/2022\/04\/20-1024x683.jpg\" alt=\"\" data-id=\"3453\" data-full-url=\"https:\/\/marcali.plebania.hu\/wp-content\/uploads\/2022\/04\/20-scaled.jpg\" data-link=\"https:\/\/marcali.plebania.hu\/?attachment_id=3453\" class=\"wp-image-3453\" srcset=\"https:\/\/marcali.plebania.hu\/wp-content\/uploads\/2022\/04\/20-1024x683.jpg 1024w, https:\/\/marcali.plebania.hu\/wp-content\/uploads\/2022\/04\/20-300x200.jpg 300w, https:\/\/marcali.plebania.hu\/wp-content\/uploads\/2022\/04\/20-768x512.jpg 768w, https:\/\/marcali.plebania.hu\/wp-content\/uploads\/2022\/04\/20-1536x1024.jpg 1536w, https:\/\/marcali.plebania.hu\/wp-content\/uploads\/2022\/04\/20-2048x1365.jpg 2048w, https:\/\/marcali.plebania.hu\/wp-content\/uploads\/2022\/04\/20-405x270.jpg 405w\" sizes=\"auto, (max-width: 1024px) 100vw, 1024px\" \/><\/figure><\/li><\/ul><\/figure>\n\n\n\n<p>Majd\nezut\u00e1n Kiss Iv\u00e1n c. pr\u00e9post, pl\u00e9b\u00e1nos atya id\u00e9zte fel p\u00e1r gondolattal II. J\u00e1nos\nP\u00e1l p\u00e1p\u00e1t, aki sokszor besz\u00e9lt az \u00e9let \u00fcnnep\u00e9r\u0151l, az \u00e9letv\u00e9delem fontoss\u00e1g\u00e1r\u00f3l.\nRajta k\u00edv\u00fcl p\u00e9ldak\u00e9nt eml\u00edtette Kalkuttai Ter\u00e9z any\u00e1t is, aki az indiai\nszeg\u00e9ny, elhagyott emberek utols\u00f3 mentsv\u00e1ra, lelki t\u00e1masza volt. A kez\u00fcket\nfogva im\u00e1dkozott vel\u00fck \u00e9let\u00fck utols\u00f3 pillanat\u00e1ig, hogy m\u00e9lt\u00f3s\u00e1ggal, emberk\u00e9nt t\u00e1vozhattak\na f\u00f6ldi \u00e9letb\u0151l.<\/p>\n\n\n\n<p>Iv\u00e1n atya szavai ut\u00e1n, ehhez kapcsol\u00f3dva, T\u00f3th Eszter \u00c1gnes gimnazista olvasta fel Ter\u00e9z anya: Az \u00e9let himnusza c\u00edm\u0171 im\u00e1j\u00e1t.<\/p>\n\n\n\n<figure class=\"wp-block-gallery columns-3 is-cropped wp-block-gallery-2 is-layout-flex wp-block-gallery-is-layout-flex\"><ul class=\"blocks-gallery-grid\"><li class=\"blocks-gallery-item\"><figure><img loading=\"lazy\" decoding=\"async\" width=\"1024\" height=\"683\" src=\"https:\/\/marcali.plebania.hu\/wp-content\/uploads\/2022\/04\/02-1024x683.jpg\" alt=\"\" data-id=\"3454\" data-link=\"https:\/\/marcali.plebania.hu\/?attachment_id=3454\" class=\"wp-image-3454\" srcset=\"https:\/\/marcali.plebania.hu\/wp-content\/uploads\/2022\/04\/02-1024x683.jpg 1024w, https:\/\/marcali.plebania.hu\/wp-content\/uploads\/2022\/04\/02-300x200.jpg 300w, https:\/\/marcali.plebania.hu\/wp-content\/uploads\/2022\/04\/02-768x512.jpg 768w, https:\/\/marcali.plebania.hu\/wp-content\/uploads\/2022\/04\/02-1536x1024.jpg 1536w, https:\/\/marcali.plebania.hu\/wp-content\/uploads\/2022\/04\/02-2048x1365.jpg 2048w, https:\/\/marcali.plebania.hu\/wp-content\/uploads\/2022\/04\/02-405x270.jpg 405w\" sizes=\"auto, (max-width: 1024px) 100vw, 1024px\" \/><\/figure><\/li><li class=\"blocks-gallery-item\"><figure><img loading=\"lazy\" decoding=\"async\" width=\"1024\" height=\"683\" src=\"https:\/\/marcali.plebania.hu\/wp-content\/uploads\/2022\/04\/05-1024x683.jpg\" alt=\"\" data-id=\"3455\" data-link=\"https:\/\/marcali.plebania.hu\/?attachment_id=3455\" class=\"wp-image-3455\" srcset=\"https:\/\/marcali.plebania.hu\/wp-content\/uploads\/2022\/04\/05-1024x683.jpg 1024w, https:\/\/marcali.plebania.hu\/wp-content\/uploads\/2022\/04\/05-300x200.jpg 300w, https:\/\/marcali.plebania.hu\/wp-content\/uploads\/2022\/04\/05-768x512.jpg 768w, https:\/\/marcali.plebania.hu\/wp-content\/uploads\/2022\/04\/05-1536x1024.jpg 1536w, https:\/\/marcali.plebania.hu\/wp-content\/uploads\/2022\/04\/05-2048x1365.jpg 2048w, https:\/\/marcali.plebania.hu\/wp-content\/uploads\/2022\/04\/05-405x270.jpg 405w\" sizes=\"auto, (max-width: 1024px) 100vw, 1024px\" \/><\/figure><\/li><li class=\"blocks-gallery-item\"><figure><img loading=\"lazy\" decoding=\"async\" width=\"1024\" height=\"683\" src=\"https:\/\/marcali.plebania.hu\/wp-content\/uploads\/2022\/04\/21-1024x683.jpg\" alt=\"\" data-id=\"3456\" data-link=\"https:\/\/marcali.plebania.hu\/?attachment_id=3456\" class=\"wp-image-3456\" srcset=\"https:\/\/marcali.plebania.hu\/wp-content\/uploads\/2022\/04\/21-1024x683.jpg 1024w, https:\/\/marcali.plebania.hu\/wp-content\/uploads\/2022\/04\/21-300x200.jpg 300w, https:\/\/marcali.plebania.hu\/wp-content\/uploads\/2022\/04\/21-768x512.jpg 768w, https:\/\/marcali.plebania.hu\/wp-content\/uploads\/2022\/04\/21-1536x1024.jpg 1536w, https:\/\/marcali.plebania.hu\/wp-content\/uploads\/2022\/04\/21-2048x1365.jpg 2048w, https:\/\/marcali.plebania.hu\/wp-content\/uploads\/2022\/04\/21-405x270.jpg 405w\" sizes=\"auto, (max-width: 1024px) 100vw, 1024px\" \/><\/figure><\/li><li class=\"blocks-gallery-item\"><figure><img loading=\"lazy\" decoding=\"async\" width=\"1024\" height=\"683\" src=\"https:\/\/marcali.plebania.hu\/wp-content\/uploads\/2022\/04\/09-1024x683.jpg\" alt=\"\" data-id=\"3458\" data-full-url=\"https:\/\/marcali.plebania.hu\/wp-content\/uploads\/2022\/04\/09-scaled.jpg\" data-link=\"https:\/\/marcali.plebania.hu\/?attachment_id=3458\" class=\"wp-image-3458\" srcset=\"https:\/\/marcali.plebania.hu\/wp-content\/uploads\/2022\/04\/09-1024x683.jpg 1024w, https:\/\/marcali.plebania.hu\/wp-content\/uploads\/2022\/04\/09-300x200.jpg 300w, https:\/\/marcali.plebania.hu\/wp-content\/uploads\/2022\/04\/09-768x512.jpg 768w, https:\/\/marcali.plebania.hu\/wp-content\/uploads\/2022\/04\/09-1536x1024.jpg 1536w, https:\/\/marcali.plebania.hu\/wp-content\/uploads\/2022\/04\/09-2048x1365.jpg 2048w, https:\/\/marcali.plebania.hu\/wp-content\/uploads\/2022\/04\/09-405x270.jpg 405w\" sizes=\"auto, (max-width: 1024px) 100vw, 1024px\" \/><\/figure><\/li><\/ul><\/figure>\n\n\n\n<p>Ezut\u00e1n\ndr. S\u00fct\u0151 L\u00e1szl\u00f3 polg\u00e1rmester \u00e9s id\u0151sebb Nikula Andr\u00e1s k\u00e9thelyi k\u0151farag\u00f3-mester\nleplezt\u00e9k le az eml\u00e9km\u0171vet, melyen Simon Andr\u00e1s grafikusm\u0171v\u00e9sz alkot\u00e1sa l\u00e1that\u00f3\naz \u201eElment\u00e9l de, angyalk\u00e9nt \u00f6r\u00f6kk\u00e9 vel\u00fcnk maradsz\u201d c\u00edm\u0171 id\u00e9zet k\u00eds\u00e9ret\u00e9ben.\nMajd Iv\u00e1n atya egy ima k\u00eds\u00e9ret\u00e9ben meg\u00e1ldotta az eml\u00e9khelyet.<\/p>\n\n\n\n<p>V\u00e9g\u00fcl dr. Gyulain\u00e9 Domj\u00e1n Zsuzsanna \u2013 a m\u00e1sik \u00f6tletgazda \u2013 osztotta meg egy szem\u00e9lyes \u00e9lm\u00e9ny\u00e9t a jelenl\u00e9v\u0151kkel. A val\u00f3s t\u00f6rt\u00e9netben egy abortuszon \u00e1tesett \u00e9desanya \u00e1rulta el neki, hogy az esem\u00e9ny ut\u00e1n, \u00e9vekkel k\u00e9s\u0151bb \u00e1lm\u00e1ban tal\u00e1lkozott a meg nem sz\u00fcletett gyermek\u00e9vel. \u0150 azt \u00fczente \u00e9desanyj\u00e1nak, hogy: \u201eNe agg\u00f3dj \u00e9rtem, \u00e9n m\u00e1r j\u00f3 helyen vagyok! De anya, Te szedd \u00f6ssze magadat! Szeretn\u00e9m, ha m\u00e9g tal\u00e1lkozn\u00e1nk egyszer!\u201d Utalt a gyermek a mennyorsz\u00e1gra, ahova ezek a kis \u00e1rtatlanok ker\u00fclnek az egyh\u00e1z tan\u00edt\u00e1sa szerint.<\/p>\n\n\n\n<figure class=\"wp-block-gallery columns-3 is-cropped wp-block-gallery-3 is-layout-flex wp-block-gallery-is-layout-flex\"><ul class=\"blocks-gallery-grid\"><li class=\"blocks-gallery-item\"><figure><img loading=\"lazy\" decoding=\"async\" width=\"1024\" height=\"683\" src=\"https:\/\/marcali.plebania.hu\/wp-content\/uploads\/2022\/04\/24-1024x683.jpg\" alt=\"\" data-id=\"3459\" data-link=\"https:\/\/marcali.plebania.hu\/?attachment_id=3459\" class=\"wp-image-3459\" srcset=\"https:\/\/marcali.plebania.hu\/wp-content\/uploads\/2022\/04\/24-1024x683.jpg 1024w, https:\/\/marcali.plebania.hu\/wp-content\/uploads\/2022\/04\/24-300x200.jpg 300w, https:\/\/marcali.plebania.hu\/wp-content\/uploads\/2022\/04\/24-768x512.jpg 768w, https:\/\/marcali.plebania.hu\/wp-content\/uploads\/2022\/04\/24-1536x1024.jpg 1536w, https:\/\/marcali.plebania.hu\/wp-content\/uploads\/2022\/04\/24-2048x1365.jpg 2048w, https:\/\/marcali.plebania.hu\/wp-content\/uploads\/2022\/04\/24-405x270.jpg 405w\" sizes=\"auto, (max-width: 1024px) 100vw, 1024px\" \/><\/figure><\/li><li class=\"blocks-gallery-item\"><figure><img loading=\"lazy\" decoding=\"async\" width=\"1024\" height=\"683\" src=\"https:\/\/marcali.plebania.hu\/wp-content\/uploads\/2022\/04\/26-1024x683.jpg\" alt=\"\" data-id=\"3460\" data-link=\"https:\/\/marcali.plebania.hu\/?attachment_id=3460\" class=\"wp-image-3460\" srcset=\"https:\/\/marcali.plebania.hu\/wp-content\/uploads\/2022\/04\/26-1024x683.jpg 1024w, https:\/\/marcali.plebania.hu\/wp-content\/uploads\/2022\/04\/26-300x200.jpg 300w, https:\/\/marcali.plebania.hu\/wp-content\/uploads\/2022\/04\/26-768x512.jpg 768w, https:\/\/marcali.plebania.hu\/wp-content\/uploads\/2022\/04\/26-1536x1024.jpg 1536w, https:\/\/marcali.plebania.hu\/wp-content\/uploads\/2022\/04\/26-2048x1365.jpg 2048w, https:\/\/marcali.plebania.hu\/wp-content\/uploads\/2022\/04\/26-405x270.jpg 405w\" sizes=\"auto, (max-width: 1024px) 100vw, 1024px\" \/><\/figure><\/li><li class=\"blocks-gallery-item\"><figure><img loading=\"lazy\" decoding=\"async\" width=\"1024\" height=\"683\" src=\"https:\/\/marcali.plebania.hu\/wp-content\/uploads\/2022\/04\/33-1024x683.jpg\" alt=\"\" data-id=\"3462\" data-link=\"https:\/\/marcali.plebania.hu\/?attachment_id=3462\" class=\"wp-image-3462\" srcset=\"https:\/\/marcali.plebania.hu\/wp-content\/uploads\/2022\/04\/33-1024x683.jpg 1024w, https:\/\/marcali.plebania.hu\/wp-content\/uploads\/2022\/04\/33-300x200.jpg 300w, https:\/\/marcali.plebania.hu\/wp-content\/uploads\/2022\/04\/33-768x512.jpg 768w, https:\/\/marcali.plebania.hu\/wp-content\/uploads\/2022\/04\/33-1536x1024.jpg 1536w, https:\/\/marcali.plebania.hu\/wp-content\/uploads\/2022\/04\/33-2048x1365.jpg 2048w, https:\/\/marcali.plebania.hu\/wp-content\/uploads\/2022\/04\/33-405x270.jpg 405w\" sizes=\"auto, (max-width: 1024px) 100vw, 1024px\" \/><\/figure><\/li><li class=\"blocks-gallery-item\"><figure><img loading=\"lazy\" decoding=\"async\" width=\"1024\" height=\"683\" src=\"https:\/\/marcali.plebania.hu\/wp-content\/uploads\/2022\/04\/31-1024x683.jpg\" alt=\"\" data-id=\"3463\" data-full-url=\"https:\/\/marcali.plebania.hu\/wp-content\/uploads\/2022\/04\/31-scaled.jpg\" data-link=\"https:\/\/marcali.plebania.hu\/?attachment_id=3463\" class=\"wp-image-3463\" srcset=\"https:\/\/marcali.plebania.hu\/wp-content\/uploads\/2022\/04\/31-1024x683.jpg 1024w, https:\/\/marcali.plebania.hu\/wp-content\/uploads\/2022\/04\/31-300x200.jpg 300w, https:\/\/marcali.plebania.hu\/wp-content\/uploads\/2022\/04\/31-768x512.jpg 768w, https:\/\/marcali.plebania.hu\/wp-content\/uploads\/2022\/04\/31-1536x1024.jpg 1536w, https:\/\/marcali.plebania.hu\/wp-content\/uploads\/2022\/04\/31-2048x1365.jpg 2048w, https:\/\/marcali.plebania.hu\/wp-content\/uploads\/2022\/04\/31-405x270.jpg 405w\" sizes=\"auto, (max-width: 1024px) 100vw, 1024px\" \/><\/figure><\/li><\/ul><\/figure>\n\n\n\n<p>Ezt\nk\u00f6vet\u0151en az imak\u00f6ri tagok k\u00f6ny\u00f6rg\u00e9st mondtak az \u00e9let v\u00e9delm\u00e9ben \u00e9s egy-egy sz\u00e1l\nvir\u00e1g k\u00eds\u00e9ret\u00e9ben. Majd a jelenl\u00e9v\u0151k tov\u00e1bbi csokrokat helyeztek el, illetve\nm\u00e9cseseket gy\u00fajtottak az \u00e1rtatlanok eml\u00e9k\u00e9re.<\/p>\n\n\n\n<p>Az esem\u00e9nyen git\u00e1ros \u00e9nekekkel k\u00f6zrem\u0171k\u00f6d\u00f6tt a Marcali F\u00e9ny Gyermekei Katolikus Zenekar.<\/p>\n\n\n\n<figure class=\"wp-block-gallery columns-3 is-cropped wp-block-gallery-4 is-layout-flex wp-block-gallery-is-layout-flex\"><ul class=\"blocks-gallery-grid\"><li class=\"blocks-gallery-item\"><figure><img loading=\"lazy\" decoding=\"async\" width=\"1024\" height=\"683\" src=\"https:\/\/marcali.plebania.hu\/wp-content\/uploads\/2022\/04\/32-1024x683.jpg\" alt=\"\" data-id=\"3464\" data-link=\"https:\/\/marcali.plebania.hu\/?attachment_id=3464\" class=\"wp-image-3464\" srcset=\"https:\/\/marcali.plebania.hu\/wp-content\/uploads\/2022\/04\/32-1024x683.jpg 1024w, https:\/\/marcali.plebania.hu\/wp-content\/uploads\/2022\/04\/32-300x200.jpg 300w, https:\/\/marcali.plebania.hu\/wp-content\/uploads\/2022\/04\/32-768x512.jpg 768w, https:\/\/marcali.plebania.hu\/wp-content\/uploads\/2022\/04\/32-1536x1024.jpg 1536w, https:\/\/marcali.plebania.hu\/wp-content\/uploads\/2022\/04\/32-2048x1365.jpg 2048w, https:\/\/marcali.plebania.hu\/wp-content\/uploads\/2022\/04\/32-405x270.jpg 405w\" sizes=\"auto, (max-width: 1024px) 100vw, 1024px\" \/><\/figure><\/li><li class=\"blocks-gallery-item\"><figure><img loading=\"lazy\" decoding=\"async\" width=\"1024\" height=\"683\" src=\"https:\/\/marcali.plebania.hu\/wp-content\/uploads\/2022\/04\/36-1024x683.jpg\" alt=\"\" data-id=\"3465\" data-link=\"https:\/\/marcali.plebania.hu\/?attachment_id=3465\" class=\"wp-image-3465\" srcset=\"https:\/\/marcali.plebania.hu\/wp-content\/uploads\/2022\/04\/36-1024x683.jpg 1024w, https:\/\/marcali.plebania.hu\/wp-content\/uploads\/2022\/04\/36-300x200.jpg 300w, https:\/\/marcali.plebania.hu\/wp-content\/uploads\/2022\/04\/36-768x512.jpg 768w, https:\/\/marcali.plebania.hu\/wp-content\/uploads\/2022\/04\/36-1536x1024.jpg 1536w, https:\/\/marcali.plebania.hu\/wp-content\/uploads\/2022\/04\/36-2048x1365.jpg 2048w, https:\/\/marcali.plebania.hu\/wp-content\/uploads\/2022\/04\/36-405x270.jpg 405w\" sizes=\"auto, (max-width: 1024px) 100vw, 1024px\" \/><\/figure><\/li><li class=\"blocks-gallery-item\"><figure><img loading=\"lazy\" decoding=\"async\" width=\"1024\" height=\"683\" src=\"https:\/\/marcali.plebania.hu\/wp-content\/uploads\/2022\/04\/40-1024x683.jpg\" alt=\"\" data-id=\"3466\" data-link=\"https:\/\/marcali.plebania.hu\/?attachment_id=3466\" class=\"wp-image-3466\" srcset=\"https:\/\/marcali.plebania.hu\/wp-content\/uploads\/2022\/04\/40-1024x683.jpg 1024w, https:\/\/marcali.plebania.hu\/wp-content\/uploads\/2022\/04\/40-300x200.jpg 300w, https:\/\/marcali.plebania.hu\/wp-content\/uploads\/2022\/04\/40-768x512.jpg 768w, https:\/\/marcali.plebania.hu\/wp-content\/uploads\/2022\/04\/40-1536x1024.jpg 1536w, https:\/\/marcali.plebania.hu\/wp-content\/uploads\/2022\/04\/40-2048x1365.jpg 2048w, https:\/\/marcali.plebania.hu\/wp-content\/uploads\/2022\/04\/40-405x270.jpg 405w\" sizes=\"auto, (max-width: 1024px) 100vw, 1024px\" \/><\/figure><\/li><li class=\"blocks-gallery-item\"><figure><img loading=\"lazy\" decoding=\"async\" width=\"1024\" height=\"683\" src=\"https:\/\/marcali.plebania.hu\/wp-content\/uploads\/2022\/04\/41-1024x683.jpg\" alt=\"\" data-id=\"3467\" data-full-url=\"https:\/\/marcali.plebania.hu\/wp-content\/uploads\/2022\/04\/41-scaled.jpg\" data-link=\"https:\/\/marcali.plebania.hu\/?attachment_id=3467\" class=\"wp-image-3467\" srcset=\"https:\/\/marcali.plebania.hu\/wp-content\/uploads\/2022\/04\/41-1024x683.jpg 1024w, https:\/\/marcali.plebania.hu\/wp-content\/uploads\/2022\/04\/41-300x200.jpg 300w, https:\/\/marcali.plebania.hu\/wp-content\/uploads\/2022\/04\/41-768x512.jpg 768w, https:\/\/marcali.plebania.hu\/wp-content\/uploads\/2022\/04\/41-1536x1024.jpg 1536w, https:\/\/marcali.plebania.hu\/wp-content\/uploads\/2022\/04\/41-2048x1365.jpg 2048w, https:\/\/marcali.plebania.hu\/wp-content\/uploads\/2022\/04\/41-405x270.jpg 405w\" sizes=\"auto, (max-width: 1024px) 100vw, 1024px\" \/><\/figure><\/li><\/ul><\/figure>\n\n\n\n<p>Az eml\u00e9khely \u00f6tlete m\u00e9g 2021-ben\nsz\u00fcletett, amikor az \u201e\u00c9let \u00datja\u201d zar\u00e1ndoklat keret\u00e9ben \u2013 a Kaposv\u00e1ri Egyh\u00e1zmegy\u00e9t\nj\u00e1rva \u2013 Marcaliba is elhozt\u00e1k a \u201eMeg nem sz\u00fcletett gyermek\u201d szobr\u00e1t, akkor a\nhelyi egyh\u00e1zk\u00f6zs\u00e9g tagjai is nagy sz\u00e1mban csatlakoztak a lelki adopt\u00e1l\u00e1s\nmozgalm\u00e1hoz. Ebben kilenc h\u00f3napon kereszt\u00fcl minden nap im\u00e1dkoztak egy sz\u00e1mukra\nismeretlen gyermek\u00e9rt, akinek kil\u00e9t\u00e9t egyed\u00fcl Isten ismeri, \u00e9s \u0151k abban k\u00e9rt\u00e9k\naz \u0150 seg\u00edts\u00e9g\u00e9t, hogy a sz\u00e1mukra ismeretlen gyermekre a sz\u00fclei igent tudjanak\nmondani \u00e9s szeretetben tudj\u00e1k felnevelni.<\/p>\n\n\n\n<p>A Marcali K\u00f6zponti Temet\u0151ben a \u201eMeg nem sz\u00fcletett gyermekek\u201d eml\u00e9khelye a k\u00e9thelyi Nikula K\u0151farag\u00f3 M\u0171hely nagylelk\u0171 adom\u00e1nyb\u00f3l, \u00e9s t\u00e1rsadalmi \u00f6sszefog\u00e1sb\u00f3l val\u00f3sult meg.<\/p>\n\n\n\n<figure class=\"wp-block-gallery columns-1 is-cropped wp-block-gallery-5 is-layout-flex wp-block-gallery-is-layout-flex\"><ul class=\"blocks-gallery-grid\"><li class=\"blocks-gallery-item\"><figure><img loading=\"lazy\" decoding=\"async\" width=\"1024\" height=\"683\" src=\"https:\/\/marcali.plebania.hu\/wp-content\/uploads\/2022\/04\/45-1024x683.jpg\" alt=\"\" data-id=\"3468\" data-full-url=\"https:\/\/marcali.plebania.hu\/wp-content\/uploads\/2022\/04\/45-scaled.jpg\" data-link=\"https:\/\/marcali.plebania.hu\/?attachment_id=3468\" class=\"wp-image-3468\" srcset=\"https:\/\/marcali.plebania.hu\/wp-content\/uploads\/2022\/04\/45-1024x683.jpg 1024w, https:\/\/marcali.plebania.hu\/wp-content\/uploads\/2022\/04\/45-300x200.jpg 300w, https:\/\/marcali.plebania.hu\/wp-content\/uploads\/2022\/04\/45-768x512.jpg 768w, https:\/\/marcali.plebania.hu\/wp-content\/uploads\/2022\/04\/45-1536x1024.jpg 1536w, https:\/\/marcali.plebania.hu\/wp-content\/uploads\/2022\/04\/45-2048x1365.jpg 2048w, https:\/\/marcali.plebania.hu\/wp-content\/uploads\/2022\/04\/45-405x270.jpg 405w\" sizes=\"auto, (max-width: 1024px) 100vw, 1024px\" \/><\/figure><\/li><\/ul><\/figure>\n\n\n\n<p>Az\neml\u00e9khely l\u00e9trej\u00f6tt\u00e9ben seg\u00e9dkezet: Marcali V\u00e1ros \u00d6nkorm\u00e1nyzata, Nikula Andr\u00e1s,\nk\u00e9thelyi k\u0151farag\u00f3 \u00e9s csal\u00e1dja, Simon Andr\u00e1s grafikusm\u0171v\u00e9sz, valamint dr. Gyulai\nBotond \u00e9s feles\u00e9ge, dr. Gyulain\u00e9 Domj\u00e1n Zsuzsanna.<\/p>\n","protected":false},"excerpt":{"rendered":"<p>2022. \u00e1prilis 9-\u00e9n, szombaton d\u00e9lel\u0151tt 10 \u00f3rakor \u00fcnnepi keretek k\u00f6z\u00f6tt adt\u00e1k \u00e1t \u00e9s \u00e1ldott\u00e1k meg a \u201eMeg nem sz\u00fcletett gyermekek\u201d eml\u00e9khely\u00e9t a Marcali K\u00f6zponti Temet\u0151ben, a ravataloz\u00f3 el\u0151tt. Az id\u0151j\u00e1r\u00e1s miatt a ravataloz\u00f3 el\u0151tti fedett r\u00e9szen kezd\u0151d\u00f6tt a cerem\u00f3nia. Els\u0151k\u00e9nt dr. Gyulai Botond \u2013 az eml\u00e9khely egyik \u00f6tletad\u00f3ja \u2013 ismertette a megjelentekkel azt a szomor\u00fa statisztik\u00e1t, hogy Magyarorsz\u00e1gon \u00e9vente hozz\u00e1vet\u0151legesen Marcali lakoss\u00e1g\u00e1nak mintegy h\u00e1romszorosa azoknak a magzatoknak a sz\u00e1ma, akik sz\u00e1nd\u00e9kosan, vagy nem tervezetten halnak meg terhess\u00e9g-megszak\u00edt\u00e1s k\u00f6vetkezt\u00e9ben. Pedig orvosi&#8230;<\/p>\n<p class=\"read-more\"><a class=\"btn btn-default\" href=\"https:\/\/marcali.plebania.hu\/?p=3449\"> Read More<span class=\"screen-reader-text\">  Read More<\/span><\/a><\/p>\n","protected":false},"author":2,"featured_media":0,"comment_status":"closed","ping_status":"open","sticky":false,"template":"","format":"standard","meta":{"footnotes":""},"categories":[1],"tags":[],"class_list":["post-3449","post","type-post","status-publish","format-standard","hentry","category-egyeb"],"_links":{"self":[{"href":"https:\/\/marcali.plebania.hu\/index.php?rest_route=\/wp\/v2\/posts\/3449","targetHints":{"allow":["GET"]}}],"collection":[{"href":"https:\/\/marcali.plebania.hu\/index.php?rest_route=\/wp\/v2\/posts"}],"about":[{"href":"https:\/\/marcali.plebania.hu\/index.php?rest_route=\/wp\/v2\/types\/post"}],"author":[{"embeddable":true,"href":"https:\/\/marcali.plebania.hu\/index.php?rest_route=\/wp\/v2\/users\/2"}],"replies":[{"embeddable":true,"href":"https:\/\/marcali.plebania.hu\/index.php?rest_route=%2Fwp%2Fv2%2Fcomments&post=3449"}],"version-history":[{"count":1,"href":"https:\/\/marcali.plebania.hu\/index.php?rest_route=\/wp\/v2\/posts\/3449\/revisions"}],"predecessor-version":[{"id":3469,"href":"https:\/\/marcali.plebania.hu\/index.php?rest_route=\/wp\/v2\/posts\/3449\/revisions\/3469"}],"wp:attachment":[{"href":"https:\/\/marcali.plebania.hu\/index.php?rest_route=%2Fwp%2Fv2%2Fmedia&parent=3449"}],"wp:term":[{"taxonomy":"category","embeddable":true,"href":"https:\/\/marcali.plebania.hu\/index.php?rest_route=%2Fwp%2Fv2%2Fcategories&post=3449"},{"taxonomy":"post_tag","embeddable":true,"href":"https:\/\/marcali.plebania.hu\/index.php?rest_route=%2Fwp%2Fv2%2Ftags&post=3449"}],"curies":[{"name":"wp","href":"https:\/\/api.w.org\/{rel}","templated":true}]}}