{"id":3470,"date":"2022-04-12T14:34:57","date_gmt":"2022-04-12T14:34:57","guid":{"rendered":"https:\/\/marcali.plebania.hu\/?p=3470"},"modified":"2022-04-12T14:34:57","modified_gmt":"2022-04-12T14:34:57","slug":"ismet-nagybojti-lelki-napot-tartottak-marcaliban","status":"publish","type":"post","link":"https:\/\/marcali.plebania.hu\/?p=3470","title":{"rendered":"Ism\u00e9t nagyb\u00f6jti Lelki Napot tartottak Marcaliban"},"content":{"rendered":"\n<p>2022. \u00e1prilis 9-\u00e9n, szombaton 15 \u00f3rai kezdettel nagyb\u00f6jti Lelki Napot tartottak a R\u00f3mai Katolikus Egyh\u00e1zk\u00f6zs\u00e9g k\u00f6z\u00f6ss\u00e9gi h\u00e1z\u00e1ban, az X-h\u00e1zban. Erre az alkalomra nemcsak a hittanosokat, hanem a sz\u00fcl\u0151ket is megh\u00edvt\u00e1k, akiknek k\u00fcl\u00f6n programot is szerveztek a hitoktat\u00f3k.<\/p>\n\n\n\n<figure class=\"wp-block-gallery columns-3 is-cropped wp-block-gallery-1 is-layout-flex wp-block-gallery-is-layout-flex\"><ul class=\"blocks-gallery-grid\"><li class=\"blocks-gallery-item\"><figure><img loading=\"lazy\" decoding=\"async\" width=\"1024\" height=\"683\" src=\"https:\/\/marcali.plebania.hu\/wp-content\/uploads\/2022\/04\/01-1-1024x683.jpg\" alt=\"\" data-id=\"3471\" data-link=\"https:\/\/marcali.plebania.hu\/?attachment_id=3471\" class=\"wp-image-3471\" srcset=\"https:\/\/marcali.plebania.hu\/wp-content\/uploads\/2022\/04\/01-1-1024x683.jpg 1024w, https:\/\/marcali.plebania.hu\/wp-content\/uploads\/2022\/04\/01-1-300x200.jpg 300w, https:\/\/marcali.plebania.hu\/wp-content\/uploads\/2022\/04\/01-1-768x512.jpg 768w, https:\/\/marcali.plebania.hu\/wp-content\/uploads\/2022\/04\/01-1-1536x1024.jpg 1536w, https:\/\/marcali.plebania.hu\/wp-content\/uploads\/2022\/04\/01-1-2048x1365.jpg 2048w, https:\/\/marcali.plebania.hu\/wp-content\/uploads\/2022\/04\/01-1-405x270.jpg 405w\" sizes=\"auto, (max-width: 1024px) 100vw, 1024px\" \/><\/figure><\/li><li class=\"blocks-gallery-item\"><figure><img loading=\"lazy\" decoding=\"async\" width=\"1024\" height=\"683\" src=\"https:\/\/marcali.plebania.hu\/wp-content\/uploads\/2022\/04\/02-1-1024x683.jpg\" alt=\"\" data-id=\"3472\" data-link=\"https:\/\/marcali.plebania.hu\/?attachment_id=3472\" class=\"wp-image-3472\" srcset=\"https:\/\/marcali.plebania.hu\/wp-content\/uploads\/2022\/04\/02-1-1024x683.jpg 1024w, https:\/\/marcali.plebania.hu\/wp-content\/uploads\/2022\/04\/02-1-300x200.jpg 300w, https:\/\/marcali.plebania.hu\/wp-content\/uploads\/2022\/04\/02-1-768x512.jpg 768w, https:\/\/marcali.plebania.hu\/wp-content\/uploads\/2022\/04\/02-1-1536x1024.jpg 1536w, https:\/\/marcali.plebania.hu\/wp-content\/uploads\/2022\/04\/02-1-2048x1365.jpg 2048w, https:\/\/marcali.plebania.hu\/wp-content\/uploads\/2022\/04\/02-1-405x270.jpg 405w\" sizes=\"auto, (max-width: 1024px) 100vw, 1024px\" \/><\/figure><\/li><li class=\"blocks-gallery-item\"><figure><img loading=\"lazy\" decoding=\"async\" width=\"1024\" height=\"683\" src=\"https:\/\/marcali.plebania.hu\/wp-content\/uploads\/2022\/04\/07-1024x683.jpg\" alt=\"\" data-id=\"3473\" data-link=\"https:\/\/marcali.plebania.hu\/?attachment_id=3473\" class=\"wp-image-3473\" srcset=\"https:\/\/marcali.plebania.hu\/wp-content\/uploads\/2022\/04\/07-1024x683.jpg 1024w, https:\/\/marcali.plebania.hu\/wp-content\/uploads\/2022\/04\/07-300x200.jpg 300w, https:\/\/marcali.plebania.hu\/wp-content\/uploads\/2022\/04\/07-768x512.jpg 768w, https:\/\/marcali.plebania.hu\/wp-content\/uploads\/2022\/04\/07-1536x1024.jpg 1536w, https:\/\/marcali.plebania.hu\/wp-content\/uploads\/2022\/04\/07-2048x1365.jpg 2048w, https:\/\/marcali.plebania.hu\/wp-content\/uploads\/2022\/04\/07-405x270.jpg 405w\" sizes=\"auto, (max-width: 1024px) 100vw, 1024px\" \/><\/figure><\/li><li class=\"blocks-gallery-item\"><figure><img loading=\"lazy\" decoding=\"async\" width=\"1024\" height=\"683\" src=\"https:\/\/marcali.plebania.hu\/wp-content\/uploads\/2022\/04\/11-1024x683.jpg\" alt=\"\" data-id=\"3474\" data-full-url=\"https:\/\/marcali.plebania.hu\/wp-content\/uploads\/2022\/04\/11-scaled.jpg\" data-link=\"https:\/\/marcali.plebania.hu\/?attachment_id=3474\" class=\"wp-image-3474\" srcset=\"https:\/\/marcali.plebania.hu\/wp-content\/uploads\/2022\/04\/11-1024x683.jpg 1024w, https:\/\/marcali.plebania.hu\/wp-content\/uploads\/2022\/04\/11-300x200.jpg 300w, https:\/\/marcali.plebania.hu\/wp-content\/uploads\/2022\/04\/11-768x512.jpg 768w, https:\/\/marcali.plebania.hu\/wp-content\/uploads\/2022\/04\/11-1536x1024.jpg 1536w, https:\/\/marcali.plebania.hu\/wp-content\/uploads\/2022\/04\/11-2048x1365.jpg 2048w, https:\/\/marcali.plebania.hu\/wp-content\/uploads\/2022\/04\/11-405x270.jpg 405w\" sizes=\"auto, (max-width: 1024px) 100vw, 1024px\" \/><\/figure><\/li><\/ul><\/figure>\n\n\n\n<p>A rendezv\u00e9nyt dr. Gyulain\u00e9 Domj\u00e1n\nZsuzsanna hitoktat\u00f3n\u0151 nyitotta meg, majd zen\u00e9s dics\u0151\u00edt\u00e9s kezd\u0151d\u00f6tt a F\u00e9ny\nGyermekei Katolikus Zenekar k\u00f6zrem\u0171k\u00f6d\u00e9s\u00e9vel, melybe a gyermekek \u00e9s sz\u00fcleik is szabadon\nbekapcsol\u00f3dhattak. A m\u0171sorban ismert git\u00e1ros \u00e9nekek is felhangzottak. A\nfell\u00e9p\u00e9s m\u00e1sik, nem titkolt c\u00e9lja az volt, hogy fiatalokat toborozzanak az\negy\u00fcttes sz\u00e1m\u00e1ra ak\u00e1r hangszeren j\u00e1tsz\u00f3, ak\u00e1r pedig az \u00e9nekl\u00e9s ir\u00e1nt kedvet\n\u00e9rz\u0151 di\u00e1kok sz\u00e1m\u00e1ra.<\/p>\n\n\n\n<p>Ezt k\u00f6vet\u0151en Kiss Iv\u00e1n c. pr\u00e9post, pl\u00e9b\u00e1nos atya k\u00f6sz\u00f6nt\u00f6tte a jelenl\u00e9v\u0151ket \u00e9s mutatta be T\u00f6lgyesi D\u00e1vid somogys\u00e1msoni pl\u00e9b\u00e1niai korm\u00e1nyz\u00f3t, aki 15.30-t\u00f3l tartott el\u0151ad\u00e1st az als\u00f3s \u00e9s fels\u0151s hittanosok sz\u00e1m\u00e1ra. \u0150 el\u0151sz\u00f6r is r\u00f6viden bemutatkozott, besz\u00e9lt arr\u00f3l, mik\u00e9nt lett pap, mi\u00e9rt v\u00e1lasztotta ezt a hivat\u00e1st. Majd pedig a h\u00fasv\u00e9tra val\u00f3 lelki el\u0151k\u00e9sz\u00fclet r\u00e9szek\u00e9nt elmondta, majd elmagyar\u00e1zta a bibliai T\u00e9kozl\u00f3 fi\u00fa t\u00f6rt\u00e9net\u00e9t, mondanival\u00f3j\u00e1t. Ezut\u00e1n pedig a gy\u00f3n\u00e1s, a b\u0171nb\u00e1nat fontoss\u00e1g\u00e1ra h\u00edvta fel a gyermekek figyelm\u00e9t.<\/p>\n\n\n\n<figure class=\"wp-block-gallery columns-3 is-cropped wp-block-gallery-2 is-layout-flex wp-block-gallery-is-layout-flex\"><ul class=\"blocks-gallery-grid\"><li class=\"blocks-gallery-item\"><figure><img loading=\"lazy\" decoding=\"async\" width=\"1024\" height=\"683\" src=\"https:\/\/marcali.plebania.hu\/wp-content\/uploads\/2022\/04\/08-1024x683.jpg\" alt=\"\" data-id=\"3475\" data-link=\"https:\/\/marcali.plebania.hu\/?attachment_id=3475\" class=\"wp-image-3475\" srcset=\"https:\/\/marcali.plebania.hu\/wp-content\/uploads\/2022\/04\/08-1024x683.jpg 1024w, https:\/\/marcali.plebania.hu\/wp-content\/uploads\/2022\/04\/08-300x200.jpg 300w, https:\/\/marcali.plebania.hu\/wp-content\/uploads\/2022\/04\/08-768x512.jpg 768w, https:\/\/marcali.plebania.hu\/wp-content\/uploads\/2022\/04\/08-1536x1024.jpg 1536w, https:\/\/marcali.plebania.hu\/wp-content\/uploads\/2022\/04\/08-2048x1365.jpg 2048w, https:\/\/marcali.plebania.hu\/wp-content\/uploads\/2022\/04\/08-405x270.jpg 405w\" sizes=\"auto, (max-width: 1024px) 100vw, 1024px\" \/><\/figure><\/li><li class=\"blocks-gallery-item\"><figure><img loading=\"lazy\" decoding=\"async\" width=\"1024\" height=\"683\" src=\"https:\/\/marcali.plebania.hu\/wp-content\/uploads\/2022\/04\/12-1024x683.jpg\" alt=\"\" data-id=\"3476\" data-link=\"https:\/\/marcali.plebania.hu\/?attachment_id=3476\" class=\"wp-image-3476\" srcset=\"https:\/\/marcali.plebania.hu\/wp-content\/uploads\/2022\/04\/12-1024x683.jpg 1024w, https:\/\/marcali.plebania.hu\/wp-content\/uploads\/2022\/04\/12-300x200.jpg 300w, https:\/\/marcali.plebania.hu\/wp-content\/uploads\/2022\/04\/12-768x512.jpg 768w, https:\/\/marcali.plebania.hu\/wp-content\/uploads\/2022\/04\/12-1536x1024.jpg 1536w, https:\/\/marcali.plebania.hu\/wp-content\/uploads\/2022\/04\/12-2048x1365.jpg 2048w, https:\/\/marcali.plebania.hu\/wp-content\/uploads\/2022\/04\/12-405x270.jpg 405w\" sizes=\"auto, (max-width: 1024px) 100vw, 1024px\" \/><\/figure><\/li><li class=\"blocks-gallery-item\"><figure><img loading=\"lazy\" decoding=\"async\" width=\"1024\" height=\"683\" src=\"https:\/\/marcali.plebania.hu\/wp-content\/uploads\/2022\/04\/14-1-1024x683.jpg\" alt=\"\" data-id=\"3477\" data-link=\"https:\/\/marcali.plebania.hu\/?attachment_id=3477\" class=\"wp-image-3477\" srcset=\"https:\/\/marcali.plebania.hu\/wp-content\/uploads\/2022\/04\/14-1-1024x683.jpg 1024w, https:\/\/marcali.plebania.hu\/wp-content\/uploads\/2022\/04\/14-1-300x200.jpg 300w, https:\/\/marcali.plebania.hu\/wp-content\/uploads\/2022\/04\/14-1-768x512.jpg 768w, https:\/\/marcali.plebania.hu\/wp-content\/uploads\/2022\/04\/14-1-1536x1024.jpg 1536w, https:\/\/marcali.plebania.hu\/wp-content\/uploads\/2022\/04\/14-1-2048x1365.jpg 2048w, https:\/\/marcali.plebania.hu\/wp-content\/uploads\/2022\/04\/14-1-405x270.jpg 405w\" sizes=\"auto, (max-width: 1024px) 100vw, 1024px\" \/><\/figure><\/li><li class=\"blocks-gallery-item\"><figure><img loading=\"lazy\" decoding=\"async\" width=\"1024\" height=\"683\" src=\"https:\/\/marcali.plebania.hu\/wp-content\/uploads\/2022\/04\/13-1024x683.jpg\" alt=\"\" data-id=\"3478\" data-full-url=\"https:\/\/marcali.plebania.hu\/wp-content\/uploads\/2022\/04\/13-scaled.jpg\" data-link=\"https:\/\/marcali.plebania.hu\/?attachment_id=3478\" class=\"wp-image-3478\" srcset=\"https:\/\/marcali.plebania.hu\/wp-content\/uploads\/2022\/04\/13-1024x683.jpg 1024w, https:\/\/marcali.plebania.hu\/wp-content\/uploads\/2022\/04\/13-300x200.jpg 300w, https:\/\/marcali.plebania.hu\/wp-content\/uploads\/2022\/04\/13-768x512.jpg 768w, https:\/\/marcali.plebania.hu\/wp-content\/uploads\/2022\/04\/13-1536x1024.jpg 1536w, https:\/\/marcali.plebania.hu\/wp-content\/uploads\/2022\/04\/13-2048x1365.jpg 2048w, https:\/\/marcali.plebania.hu\/wp-content\/uploads\/2022\/04\/13-405x270.jpg 405w\" sizes=\"auto, (max-width: 1024px) 100vw, 1024px\" \/><\/figure><\/li><\/ul><\/figure>\n\n\n\n<p>A sz\u00fcl\u0151ket \u00e9s a feln\u0151tteket ek\u00f6zben \u2013 a\nKarit\u00e1sz teremben \u2013 dr. Gyulain\u00e9 Domj\u00e1n Zsuzsanna hitoktat\u00f3n\u0151\n\u201eszeretetvend\u00e9gs\u00e9gbe\u201d, egy k\u00f6tetlen besz\u00e9lget\u00e9sre invit\u00e1lta.<\/p>\n\n\n\n<p>Ezt k\u00f6vet\u0151en a fels\u0151s hittanosoknak 16\n\u00f3r\u00e1t\u00f3l, a feln\u0151tteknek pedig 17 \u00f3r\u00e1t\u00f3l volt gy\u00f3n\u00e1si lehet\u0151s\u00e9g a Gy\u00fcm\u00f6lcsolt\u00f3\nBoldogasszony pl\u00e9b\u00e1niatemplomban. D\u00e1vid aty\u00e1n k\u00edv\u00fcl Csatl\u00f3s Istv\u00e1n inkei,\nvalamint Galambos Ferenc mesztegny\u0151i pl\u00e9b\u00e1nos \u00e1lltak az id\u00e9n, a h\u00edvek\nrendelkez\u00e9s\u00e9re az este folyam\u00e1n.<\/p>\n\n\n\n<p>Ez id\u0151 alatt az als\u00f3soknak k\u00e9zm\u0171ves foglalkoz\u00e1st is szerveztek az X-h\u00e1z nagyterm\u00e9ben, melyet Pozsonyin\u00e9 Kiss M\u00e1ria \u00e9s Tombor Erzs\u00e9bet hitoktat\u00f3n\u0151k vezettek. A Lelki Nap sz\u00fcks\u00e9gess\u00e9g\u00e9t a Bibli\u00e1n kereszt\u00fcl J\u00e9zus szavaival lehet tal\u00e1n a legjobban megvil\u00e1g\u00edtani: \u201eMit haszn\u00e1l az embernek, ha az eg\u00e9sz vil\u00e1got megnyeri is, de a lelk\u00e9ben k\u00e1rt vall?\u201d (M\u00e1t\u00e9 16,26). De ide illik m\u00e9g \u2013 t\u00f6bbek k\u00f6z\u00f6tt \u2013 Johnson Gnanabaranam indiai sz\u00e1rmaz\u00e1s\u00fa kereszt\u00e9ny teol\u00f3gus, matematikatan\u00e1r egyik gondolata is: \u201eMit haszn\u00e1l neked \u00e9s nekem, ha az eg\u00e9sz vil\u00e1g \u00f6r\u00f6m\u00e9t \u00e9s bar\u00e1ts\u00e1g\u00e1t megnyerj\u00fck, de a b\u00e9kess\u00e9get \u00e9s az Urunkkal val\u00f3 k\u00f6z\u00f6ss\u00e9get elvesz\u00edtj\u00fck?\u201d<\/p>\n\n\n\n<figure class=\"wp-block-gallery columns-3 is-cropped wp-block-gallery-3 is-layout-flex wp-block-gallery-is-layout-flex\"><ul class=\"blocks-gallery-grid\"><li class=\"blocks-gallery-item\"><figure><img loading=\"lazy\" decoding=\"async\" width=\"1024\" height=\"683\" src=\"https:\/\/marcali.plebania.hu\/wp-content\/uploads\/2022\/04\/15-1024x683.jpg\" alt=\"\" data-id=\"3479\" data-full-url=\"https:\/\/marcali.plebania.hu\/wp-content\/uploads\/2022\/04\/15-scaled.jpg\" data-link=\"https:\/\/marcali.plebania.hu\/?attachment_id=3479\" class=\"wp-image-3479\" srcset=\"https:\/\/marcali.plebania.hu\/wp-content\/uploads\/2022\/04\/15-1024x683.jpg 1024w, https:\/\/marcali.plebania.hu\/wp-content\/uploads\/2022\/04\/15-300x200.jpg 300w, https:\/\/marcali.plebania.hu\/wp-content\/uploads\/2022\/04\/15-768x512.jpg 768w, https:\/\/marcali.plebania.hu\/wp-content\/uploads\/2022\/04\/15-1536x1024.jpg 1536w, https:\/\/marcali.plebania.hu\/wp-content\/uploads\/2022\/04\/15-2048x1365.jpg 2048w, https:\/\/marcali.plebania.hu\/wp-content\/uploads\/2022\/04\/15-405x270.jpg 405w\" sizes=\"auto, (max-width: 1024px) 100vw, 1024px\" \/><\/figure><\/li><li class=\"blocks-gallery-item\"><figure><img loading=\"lazy\" decoding=\"async\" width=\"1024\" height=\"683\" src=\"https:\/\/marcali.plebania.hu\/wp-content\/uploads\/2022\/04\/16-1024x683.jpg\" alt=\"\" data-id=\"3480\" data-full-url=\"https:\/\/marcali.plebania.hu\/wp-content\/uploads\/2022\/04\/16-scaled.jpg\" data-link=\"https:\/\/marcali.plebania.hu\/?attachment_id=3480\" class=\"wp-image-3480\" srcset=\"https:\/\/marcali.plebania.hu\/wp-content\/uploads\/2022\/04\/16-1024x683.jpg 1024w, https:\/\/marcali.plebania.hu\/wp-content\/uploads\/2022\/04\/16-300x200.jpg 300w, https:\/\/marcali.plebania.hu\/wp-content\/uploads\/2022\/04\/16-768x512.jpg 768w, https:\/\/marcali.plebania.hu\/wp-content\/uploads\/2022\/04\/16-1536x1024.jpg 1536w, https:\/\/marcali.plebania.hu\/wp-content\/uploads\/2022\/04\/16-2048x1365.jpg 2048w, https:\/\/marcali.plebania.hu\/wp-content\/uploads\/2022\/04\/16-405x270.jpg 405w\" sizes=\"auto, (max-width: 1024px) 100vw, 1024px\" \/><\/figure><\/li><li class=\"blocks-gallery-item\"><figure><img loading=\"lazy\" decoding=\"async\" width=\"1024\" height=\"683\" src=\"https:\/\/marcali.plebania.hu\/wp-content\/uploads\/2022\/04\/17-1024x683.jpg\" alt=\"\" data-id=\"3481\" data-full-url=\"https:\/\/marcali.plebania.hu\/wp-content\/uploads\/2022\/04\/17-scaled.jpg\" data-link=\"https:\/\/marcali.plebania.hu\/?attachment_id=3481\" class=\"wp-image-3481\" srcset=\"https:\/\/marcali.plebania.hu\/wp-content\/uploads\/2022\/04\/17-1024x683.jpg 1024w, https:\/\/marcali.plebania.hu\/wp-content\/uploads\/2022\/04\/17-300x200.jpg 300w, https:\/\/marcali.plebania.hu\/wp-content\/uploads\/2022\/04\/17-768x512.jpg 768w, https:\/\/marcali.plebania.hu\/wp-content\/uploads\/2022\/04\/17-1536x1024.jpg 1536w, https:\/\/marcali.plebania.hu\/wp-content\/uploads\/2022\/04\/17-2048x1365.jpg 2048w, https:\/\/marcali.plebania.hu\/wp-content\/uploads\/2022\/04\/17-405x270.jpg 405w\" sizes=\"auto, (max-width: 1024px) 100vw, 1024px\" \/><\/figure><\/li><li class=\"blocks-gallery-item\"><figure><img loading=\"lazy\" decoding=\"async\" width=\"1024\" height=\"683\" src=\"https:\/\/marcali.plebania.hu\/wp-content\/uploads\/2022\/04\/18-1024x683.jpg\" alt=\"\" data-id=\"3482\" data-full-url=\"https:\/\/marcali.plebania.hu\/wp-content\/uploads\/2022\/04\/18-scaled.jpg\" data-link=\"https:\/\/marcali.plebania.hu\/?attachment_id=3482\" class=\"wp-image-3482\" srcset=\"https:\/\/marcali.plebania.hu\/wp-content\/uploads\/2022\/04\/18-1024x683.jpg 1024w, https:\/\/marcali.plebania.hu\/wp-content\/uploads\/2022\/04\/18-300x200.jpg 300w, https:\/\/marcali.plebania.hu\/wp-content\/uploads\/2022\/04\/18-768x512.jpg 768w, https:\/\/marcali.plebania.hu\/wp-content\/uploads\/2022\/04\/18-1536x1024.jpg 1536w, https:\/\/marcali.plebania.hu\/wp-content\/uploads\/2022\/04\/18-2048x1365.jpg 2048w, https:\/\/marcali.plebania.hu\/wp-content\/uploads\/2022\/04\/18-405x270.jpg 405w\" sizes=\"auto, (max-width: 1024px) 100vw, 1024px\" \/><\/figure><\/li><\/ul><\/figure>\n\n\n\n<p>A program r\u00e9sze volt a 17.20-kor kezd\u0151d\u0151\nifj\u00fas\u00e1gi kereszt\u00fat a pl\u00e9b\u00e1niatemplomban, melybe nemcsak a hittanosok, hanem a\nfeln\u0151ttek is bekapcsol\u00f3dtak a k\u00f6z\u00f6s im\u00e1kba \u00e9s \u00e9nekekbe.<\/p>\n\n\n\n<p>A nagyb\u00f6jti Lelki Nap z\u00e1r\u00e1sak\u00e9nt 18 \u00f3rakor \u00fcnnepi szentmise kezd\u0151d\u00f6tt, melyet T\u00f6lgyesi D\u00e1vid somogys\u00e1msoni pl\u00e9b\u00e1niai korm\u00e1nyz\u00f3 celebr\u00e1lt, mik\u00f6zben az evang\u00e9liumb\u00f3l el\u0151sz\u00f6r felolvasta a passi\u00f3t. Majd pr\u00e9dik\u00e1ci\u00f3j\u00e1ban pedig, a H\u00fasv\u00e9tra val\u00f3 k\u00e9sz\u00fcl\u0151d\u00e9s r\u00e9szek\u00e9nt, \u00e9rdekes t\u00f6rt\u00e9netek r\u00e9v\u00e9n, ennek jelent\u0151s\u00e9g\u00e9t, fontoss\u00e1g\u00e1t hangs\u00falyozta a h\u00edveknek.<\/p>\n\n\n\n<figure class=\"wp-block-gallery columns-3 is-cropped wp-block-gallery-4 is-layout-flex wp-block-gallery-is-layout-flex\"><ul class=\"blocks-gallery-grid\"><li class=\"blocks-gallery-item\"><figure><img loading=\"lazy\" decoding=\"async\" width=\"1024\" height=\"683\" src=\"https:\/\/marcali.plebania.hu\/wp-content\/uploads\/2022\/04\/23-1024x683.jpg\" alt=\"\" data-id=\"3483\" data-link=\"https:\/\/marcali.plebania.hu\/?attachment_id=3483\" class=\"wp-image-3483\" srcset=\"https:\/\/marcali.plebania.hu\/wp-content\/uploads\/2022\/04\/23-1024x683.jpg 1024w, https:\/\/marcali.plebania.hu\/wp-content\/uploads\/2022\/04\/23-300x200.jpg 300w, https:\/\/marcali.plebania.hu\/wp-content\/uploads\/2022\/04\/23-768x512.jpg 768w, https:\/\/marcali.plebania.hu\/wp-content\/uploads\/2022\/04\/23-1536x1024.jpg 1536w, https:\/\/marcali.plebania.hu\/wp-content\/uploads\/2022\/04\/23-2048x1365.jpg 2048w, https:\/\/marcali.plebania.hu\/wp-content\/uploads\/2022\/04\/23-405x270.jpg 405w\" sizes=\"auto, (max-width: 1024px) 100vw, 1024px\" \/><\/figure><\/li><li class=\"blocks-gallery-item\"><figure><img loading=\"lazy\" decoding=\"async\" width=\"1024\" height=\"683\" src=\"https:\/\/marcali.plebania.hu\/wp-content\/uploads\/2022\/04\/25-1024x683.jpg\" alt=\"\" data-id=\"3484\" data-link=\"https:\/\/marcali.plebania.hu\/?attachment_id=3484\" class=\"wp-image-3484\" srcset=\"https:\/\/marcali.plebania.hu\/wp-content\/uploads\/2022\/04\/25-1024x683.jpg 1024w, https:\/\/marcali.plebania.hu\/wp-content\/uploads\/2022\/04\/25-300x200.jpg 300w, https:\/\/marcali.plebania.hu\/wp-content\/uploads\/2022\/04\/25-768x512.jpg 768w, https:\/\/marcali.plebania.hu\/wp-content\/uploads\/2022\/04\/25-1536x1024.jpg 1536w, https:\/\/marcali.plebania.hu\/wp-content\/uploads\/2022\/04\/25-2048x1365.jpg 2048w, https:\/\/marcali.plebania.hu\/wp-content\/uploads\/2022\/04\/25-405x270.jpg 405w\" sizes=\"auto, (max-width: 1024px) 100vw, 1024px\" \/><\/figure><\/li><li class=\"blocks-gallery-item\"><figure><img loading=\"lazy\" decoding=\"async\" width=\"1024\" height=\"683\" src=\"https:\/\/marcali.plebania.hu\/wp-content\/uploads\/2022\/04\/27-1024x683.jpg\" alt=\"\" data-id=\"3485\" data-link=\"https:\/\/marcali.plebania.hu\/?attachment_id=3485\" class=\"wp-image-3485\" srcset=\"https:\/\/marcali.plebania.hu\/wp-content\/uploads\/2022\/04\/27-1024x683.jpg 1024w, https:\/\/marcali.plebania.hu\/wp-content\/uploads\/2022\/04\/27-300x200.jpg 300w, https:\/\/marcali.plebania.hu\/wp-content\/uploads\/2022\/04\/27-768x512.jpg 768w, https:\/\/marcali.plebania.hu\/wp-content\/uploads\/2022\/04\/27-1536x1024.jpg 1536w, https:\/\/marcali.plebania.hu\/wp-content\/uploads\/2022\/04\/27-2048x1365.jpg 2048w, https:\/\/marcali.plebania.hu\/wp-content\/uploads\/2022\/04\/27-405x270.jpg 405w\" sizes=\"auto, (max-width: 1024px) 100vw, 1024px\" \/><\/figure><\/li><li class=\"blocks-gallery-item\"><figure><img loading=\"lazy\" decoding=\"async\" width=\"1024\" height=\"683\" src=\"https:\/\/marcali.plebania.hu\/wp-content\/uploads\/2022\/04\/39-1024x683.jpg\" alt=\"\" data-id=\"3486\" data-full-url=\"https:\/\/marcali.plebania.hu\/wp-content\/uploads\/2022\/04\/39-scaled.jpg\" data-link=\"https:\/\/marcali.plebania.hu\/?attachment_id=3486\" class=\"wp-image-3486\" srcset=\"https:\/\/marcali.plebania.hu\/wp-content\/uploads\/2022\/04\/39-1024x683.jpg 1024w, https:\/\/marcali.plebania.hu\/wp-content\/uploads\/2022\/04\/39-300x200.jpg 300w, https:\/\/marcali.plebania.hu\/wp-content\/uploads\/2022\/04\/39-768x512.jpg 768w, https:\/\/marcali.plebania.hu\/wp-content\/uploads\/2022\/04\/39-1536x1024.jpg 1536w, https:\/\/marcali.plebania.hu\/wp-content\/uploads\/2022\/04\/39-2048x1365.jpg 2048w, https:\/\/marcali.plebania.hu\/wp-content\/uploads\/2022\/04\/39-405x270.jpg 405w\" sizes=\"auto, (max-width: 1024px) 100vw, 1024px\" \/><\/figure><\/li><\/ul><\/figure>\n\n\n\n<p>Az istentisztelet v\u00e9g\u00e9n Iv\u00e1n atya\nmegk\u00f6sz\u00f6nte a koll\u00e9g\u00e1k k\u00f6zrem\u0171k\u00f6d\u00e9s\u00e9t, valamint mindazok seg\u00edts\u00e9g\u00e9t, akik az\neg\u00e9sz nap sikeres lebonyol\u00edt\u00e1s\u00e1ban valamilyen feladatot is v\u00e1llaltak. Majd\nismertette a Nagyh\u00e9t, valamint a h\u00fasv\u00e9ti \u00fcnnepek miserendj\u00e9t.<\/p>\n\n\n\n<p>A szentmis\u00e9n Balogh B\u00e1lint k\u00e1ntor, \u00e9s a\nMarcali F\u00e9ny Gyermekei Katolikus Zenekar m\u0171k\u00f6d\u00f6tt k\u00f6zre orgon\u00e1s-git\u00e1ros\n\u00e9nekekkel. Az X-h\u00e1zban, a d\u00e9lut\u00e1n folyam\u00e1n, pedig kegyt\u00e1rgyakat, k\u00f6nyveket \u00e9s\nk\u00fcl\u00f6nf\u00e9le vall\u00e1si t\u00e9m\u00e1j\u00fa j\u00e1t\u00e9kok b\u0151 v\u00e1laszt\u00e9k\u00e1b\u00f3l lehetett v\u00e1s\u00e1rolni a\ngyermekek, illetve a feln\u0151ttek r\u00e9sz\u00e9re.<\/p>\n","protected":false},"excerpt":{"rendered":"<p>2022. \u00e1prilis 9-\u00e9n, szombaton 15 \u00f3rai kezdettel nagyb\u00f6jti Lelki Napot tartottak a R\u00f3mai Katolikus Egyh\u00e1zk\u00f6zs\u00e9g k\u00f6z\u00f6ss\u00e9gi h\u00e1z\u00e1ban, az X-h\u00e1zban. Erre az alkalomra nemcsak a hittanosokat, hanem a sz\u00fcl\u0151ket is megh\u00edvt\u00e1k, akiknek k\u00fcl\u00f6n programot is szerveztek a hitoktat\u00f3k. A rendezv\u00e9nyt dr. Gyulain\u00e9 Domj\u00e1n Zsuzsanna hitoktat\u00f3n\u0151 nyitotta meg, majd zen\u00e9s dics\u0151\u00edt\u00e9s kezd\u0151d\u00f6tt a F\u00e9ny Gyermekei Katolikus Zenekar k\u00f6zrem\u0171k\u00f6d\u00e9s\u00e9vel, melybe a gyermekek \u00e9s sz\u00fcleik is szabadon bekapcsol\u00f3dhattak. A m\u0171sorban ismert git\u00e1ros \u00e9nekek is felhangzottak. A fell\u00e9p\u00e9s m\u00e1sik, nem titkolt c\u00e9lja az volt, hogy&#8230;<\/p>\n<p class=\"read-more\"><a class=\"btn btn-default\" href=\"https:\/\/marcali.plebania.hu\/?p=3470\"> Read More<span class=\"screen-reader-text\">  Read More<\/span><\/a><\/p>\n","protected":false},"author":2,"featured_media":0,"comment_status":"closed","ping_status":"open","sticky":false,"template":"","format":"standard","meta":{"footnotes":""},"categories":[1],"tags":[],"class_list":["post-3470","post","type-post","status-publish","format-standard","hentry","category-egyeb"],"_links":{"self":[{"href":"https:\/\/marcali.plebania.hu\/index.php?rest_route=\/wp\/v2\/posts\/3470","targetHints":{"allow":["GET"]}}],"collection":[{"href":"https:\/\/marcali.plebania.hu\/index.php?rest_route=\/wp\/v2\/posts"}],"about":[{"href":"https:\/\/marcali.plebania.hu\/index.php?rest_route=\/wp\/v2\/types\/post"}],"author":[{"embeddable":true,"href":"https:\/\/marcali.plebania.hu\/index.php?rest_route=\/wp\/v2\/users\/2"}],"replies":[{"embeddable":true,"href":"https:\/\/marcali.plebania.hu\/index.php?rest_route=%2Fwp%2Fv2%2Fcomments&post=3470"}],"version-history":[{"count":1,"href":"https:\/\/marcali.plebania.hu\/index.php?rest_route=\/wp\/v2\/posts\/3470\/revisions"}],"predecessor-version":[{"id":3487,"href":"https:\/\/marcali.plebania.hu\/index.php?rest_route=\/wp\/v2\/posts\/3470\/revisions\/3487"}],"wp:attachment":[{"href":"https:\/\/marcali.plebania.hu\/index.php?rest_route=%2Fwp%2Fv2%2Fmedia&parent=3470"}],"wp:term":[{"taxonomy":"category","embeddable":true,"href":"https:\/\/marcali.plebania.hu\/index.php?rest_route=%2Fwp%2Fv2%2Fcategories&post=3470"},{"taxonomy":"post_tag","embeddable":true,"href":"https:\/\/marcali.plebania.hu\/index.php?rest_route=%2Fwp%2Fv2%2Ftags&post=3470"}],"curies":[{"name":"wp","href":"https:\/\/api.w.org\/{rel}","templated":true}]}}