{"id":3488,"date":"2022-04-12T14:43:16","date_gmt":"2022-04-12T14:43:16","guid":{"rendered":"https:\/\/marcali.plebania.hu\/?p=3488"},"modified":"2022-04-12T14:43:16","modified_gmt":"2022-04-12T14:43:16","slug":"viragvasarnap-barkaszenteles-passio-megkezdodott-a-nagyhet-marcaliban","status":"publish","type":"post","link":"https:\/\/marcali.plebania.hu\/?p=3488","title":{"rendered":"Vir\u00e1gvas\u00e1rnap: barkaszentel\u00e9s, passi\u00f3 \u2013 Megkezd\u0151d\u00f6tt a nagyh\u00e9t Marcaliban"},"content":{"rendered":"\n<p>2022. \u00e1prilis 10-\u00e9n, Vir\u00e1gvas\u00e1rnap 9 \u00f3rakor Kiss Iv\u00e1n c. pr\u00e9post, pl\u00e9b\u00e1nos \u00fcnnepi szentmis\u00e9t celebr\u00e1lt a Gy\u00fcm\u00f6lcsolt\u00f3 Boldogasszony pl\u00e9b\u00e1niatemplomban.<\/p>\n\n\n\n<figure class=\"wp-block-gallery columns-3 is-cropped wp-block-gallery-1 is-layout-flex wp-block-gallery-is-layout-flex\"><ul class=\"blocks-gallery-grid\"><li class=\"blocks-gallery-item\"><figure><img loading=\"lazy\" decoding=\"async\" width=\"1024\" height=\"683\" src=\"https:\/\/marcali.plebania.hu\/wp-content\/uploads\/2022\/04\/01-2-1024x683.jpg\" alt=\"\" data-id=\"3489\" data-link=\"https:\/\/marcali.plebania.hu\/?attachment_id=3489\" class=\"wp-image-3489\" srcset=\"https:\/\/marcali.plebania.hu\/wp-content\/uploads\/2022\/04\/01-2-1024x683.jpg 1024w, https:\/\/marcali.plebania.hu\/wp-content\/uploads\/2022\/04\/01-2-300x200.jpg 300w, https:\/\/marcali.plebania.hu\/wp-content\/uploads\/2022\/04\/01-2-768x512.jpg 768w, https:\/\/marcali.plebania.hu\/wp-content\/uploads\/2022\/04\/01-2-1536x1024.jpg 1536w, https:\/\/marcali.plebania.hu\/wp-content\/uploads\/2022\/04\/01-2-2048x1365.jpg 2048w, https:\/\/marcali.plebania.hu\/wp-content\/uploads\/2022\/04\/01-2-405x270.jpg 405w\" sizes=\"auto, (max-width: 1024px) 100vw, 1024px\" \/><\/figure><\/li><li class=\"blocks-gallery-item\"><figure><img loading=\"lazy\" decoding=\"async\" width=\"1024\" height=\"683\" src=\"https:\/\/marcali.plebania.hu\/wp-content\/uploads\/2022\/04\/02-2-1024x683.jpg\" alt=\"\" data-id=\"3490\" data-link=\"https:\/\/marcali.plebania.hu\/?attachment_id=3490\" class=\"wp-image-3490\" srcset=\"https:\/\/marcali.plebania.hu\/wp-content\/uploads\/2022\/04\/02-2-1024x683.jpg 1024w, https:\/\/marcali.plebania.hu\/wp-content\/uploads\/2022\/04\/02-2-300x200.jpg 300w, https:\/\/marcali.plebania.hu\/wp-content\/uploads\/2022\/04\/02-2-768x512.jpg 768w, https:\/\/marcali.plebania.hu\/wp-content\/uploads\/2022\/04\/02-2-1536x1024.jpg 1536w, https:\/\/marcali.plebania.hu\/wp-content\/uploads\/2022\/04\/02-2-2048x1365.jpg 2048w, https:\/\/marcali.plebania.hu\/wp-content\/uploads\/2022\/04\/02-2-405x270.jpg 405w\" sizes=\"auto, (max-width: 1024px) 100vw, 1024px\" \/><\/figure><\/li><li class=\"blocks-gallery-item\"><figure><img loading=\"lazy\" decoding=\"async\" width=\"1024\" height=\"683\" src=\"https:\/\/marcali.plebania.hu\/wp-content\/uploads\/2022\/04\/05-1-1024x683.jpg\" alt=\"\" data-id=\"3491\" data-link=\"https:\/\/marcali.plebania.hu\/?attachment_id=3491\" class=\"wp-image-3491\" srcset=\"https:\/\/marcali.plebania.hu\/wp-content\/uploads\/2022\/04\/05-1-1024x683.jpg 1024w, https:\/\/marcali.plebania.hu\/wp-content\/uploads\/2022\/04\/05-1-300x200.jpg 300w, https:\/\/marcali.plebania.hu\/wp-content\/uploads\/2022\/04\/05-1-768x512.jpg 768w, https:\/\/marcali.plebania.hu\/wp-content\/uploads\/2022\/04\/05-1-1536x1024.jpg 1536w, https:\/\/marcali.plebania.hu\/wp-content\/uploads\/2022\/04\/05-1-2048x1365.jpg 2048w, https:\/\/marcali.plebania.hu\/wp-content\/uploads\/2022\/04\/05-1-405x270.jpg 405w\" sizes=\"auto, (max-width: 1024px) 100vw, 1024px\" \/><\/figure><\/li><li class=\"blocks-gallery-item\"><figure><img loading=\"lazy\" decoding=\"async\" width=\"1024\" height=\"683\" src=\"https:\/\/marcali.plebania.hu\/wp-content\/uploads\/2022\/04\/04-1024x683.jpg\" alt=\"\" data-id=\"3492\" data-full-url=\"https:\/\/marcali.plebania.hu\/wp-content\/uploads\/2022\/04\/04-scaled.jpg\" data-link=\"https:\/\/marcali.plebania.hu\/?attachment_id=3492\" class=\"wp-image-3492\" srcset=\"https:\/\/marcali.plebania.hu\/wp-content\/uploads\/2022\/04\/04-1024x683.jpg 1024w, https:\/\/marcali.plebania.hu\/wp-content\/uploads\/2022\/04\/04-300x200.jpg 300w, https:\/\/marcali.plebania.hu\/wp-content\/uploads\/2022\/04\/04-768x512.jpg 768w, https:\/\/marcali.plebania.hu\/wp-content\/uploads\/2022\/04\/04-1536x1024.jpg 1536w, https:\/\/marcali.plebania.hu\/wp-content\/uploads\/2022\/04\/04-2048x1365.jpg 2048w, https:\/\/marcali.plebania.hu\/wp-content\/uploads\/2022\/04\/04-405x270.jpg 405w\" sizes=\"auto, (max-width: 1024px) 100vw, 1024px\" \/><\/figure><\/li><\/ul><\/figure>\n\n\n\n<p>A\nvir\u00e1gvas\u00e1rnapi k\u00f6rmenet az id\u00e9n is csak r\u00f6vid\u00edtett form\u00e1ban t\u00f6rt\u00e9nt meg. Iv\u00e1n\natya a ministr\u00e1nsokkal, valamint a J\u00e9zus Testv\u00e9rei Kisk\u00f6z\u00f6ss\u00e9g tagjaival egy\u00fctt\nugyanis, jelk\u00e9pesen n\u00e9h\u00e1ny barka- \u00e9s p\u00e1lma\u00e1ggal, \u00e9rkezett a nyugati f\u0151bej\u00e1raton\n\u00e1t az istentiszteletre, J\u00e9zus jeruzs\u00e1lemi bevonul\u00e1s\u00e1t feleleven\u00edtve. Majd el\u0151sz\u00f6r\na k\u00f3rus alatti F\u00e1jdalmas Anya szobra el\u0151tt meg\u00e1ldotta a bark\u00e1kat, melyeket m\u00e1r\nt\u00f6bb mint egy h\u00f3nappal ezel\u0151tt n\u00e9h\u00e1ny h\u00edv\u0151 hozott erre az alkalomra.<\/p>\n\n\n\n<p>Ezt k\u00f6vet\u0151en a szentmis\u00e9n, az egyh\u00e1zk\u00f6zs\u00e9g k\u00fcl\u00f6nb\u00f6z\u0151 k\u00f6z\u00f6ss\u00e9geib\u0151l \u00e9s a fiatalokb\u00f3l \u00f6ssze\u00e1ll\u00edtott \u00e9nekkar pedig el\u00e9nekelte a passi\u00f3t, amely a H\u00fasv\u00e9tra val\u00f3 lelki felk\u00e9sz\u00fcl\u00e9s egyik fontos r\u00e9sze.<\/p>\n\n\n\n<figure class=\"wp-block-gallery columns-3 is-cropped wp-block-gallery-2 is-layout-flex wp-block-gallery-is-layout-flex\"><ul class=\"blocks-gallery-grid\"><li class=\"blocks-gallery-item\"><figure><img loading=\"lazy\" decoding=\"async\" width=\"1024\" height=\"683\" src=\"https:\/\/marcali.plebania.hu\/wp-content\/uploads\/2022\/04\/07-1-1024x683.jpg\" alt=\"\" data-id=\"3493\" data-full-url=\"https:\/\/marcali.plebania.hu\/wp-content\/uploads\/2022\/04\/07-1-scaled.jpg\" data-link=\"https:\/\/marcali.plebania.hu\/?attachment_id=3493\" class=\"wp-image-3493\" srcset=\"https:\/\/marcali.plebania.hu\/wp-content\/uploads\/2022\/04\/07-1-1024x683.jpg 1024w, https:\/\/marcali.plebania.hu\/wp-content\/uploads\/2022\/04\/07-1-300x200.jpg 300w, https:\/\/marcali.plebania.hu\/wp-content\/uploads\/2022\/04\/07-1-768x512.jpg 768w, https:\/\/marcali.plebania.hu\/wp-content\/uploads\/2022\/04\/07-1-1536x1024.jpg 1536w, https:\/\/marcali.plebania.hu\/wp-content\/uploads\/2022\/04\/07-1-2048x1365.jpg 2048w, https:\/\/marcali.plebania.hu\/wp-content\/uploads\/2022\/04\/07-1-405x270.jpg 405w\" sizes=\"auto, (max-width: 1024px) 100vw, 1024px\" \/><\/figure><\/li><li class=\"blocks-gallery-item\"><figure><img loading=\"lazy\" decoding=\"async\" width=\"1024\" height=\"683\" src=\"https:\/\/marcali.plebania.hu\/wp-content\/uploads\/2022\/04\/08-1-1024x683.jpg\" alt=\"\" data-id=\"3494\" data-full-url=\"https:\/\/marcali.plebania.hu\/wp-content\/uploads\/2022\/04\/08-1-scaled.jpg\" data-link=\"https:\/\/marcali.plebania.hu\/?attachment_id=3494\" class=\"wp-image-3494\" srcset=\"https:\/\/marcali.plebania.hu\/wp-content\/uploads\/2022\/04\/08-1-1024x683.jpg 1024w, https:\/\/marcali.plebania.hu\/wp-content\/uploads\/2022\/04\/08-1-300x200.jpg 300w, https:\/\/marcali.plebania.hu\/wp-content\/uploads\/2022\/04\/08-1-768x512.jpg 768w, https:\/\/marcali.plebania.hu\/wp-content\/uploads\/2022\/04\/08-1-1536x1024.jpg 1536w, https:\/\/marcali.plebania.hu\/wp-content\/uploads\/2022\/04\/08-1-2048x1365.jpg 2048w, https:\/\/marcali.plebania.hu\/wp-content\/uploads\/2022\/04\/08-1-405x270.jpg 405w\" sizes=\"auto, (max-width: 1024px) 100vw, 1024px\" \/><\/figure><\/li><li class=\"blocks-gallery-item\"><figure><img loading=\"lazy\" decoding=\"async\" width=\"1024\" height=\"683\" src=\"https:\/\/marcali.plebania.hu\/wp-content\/uploads\/2022\/04\/09-1-1024x683.jpg\" alt=\"\" data-id=\"3495\" data-full-url=\"https:\/\/marcali.plebania.hu\/wp-content\/uploads\/2022\/04\/09-1-scaled.jpg\" data-link=\"https:\/\/marcali.plebania.hu\/?attachment_id=3495\" class=\"wp-image-3495\" srcset=\"https:\/\/marcali.plebania.hu\/wp-content\/uploads\/2022\/04\/09-1-1024x683.jpg 1024w, https:\/\/marcali.plebania.hu\/wp-content\/uploads\/2022\/04\/09-1-300x200.jpg 300w, https:\/\/marcali.plebania.hu\/wp-content\/uploads\/2022\/04\/09-1-768x512.jpg 768w, https:\/\/marcali.plebania.hu\/wp-content\/uploads\/2022\/04\/09-1-1536x1024.jpg 1536w, https:\/\/marcali.plebania.hu\/wp-content\/uploads\/2022\/04\/09-1-2048x1365.jpg 2048w, https:\/\/marcali.plebania.hu\/wp-content\/uploads\/2022\/04\/09-1-405x270.jpg 405w\" sizes=\"auto, (max-width: 1024px) 100vw, 1024px\" \/><\/figure><\/li><li class=\"blocks-gallery-item\"><figure><img loading=\"lazy\" decoding=\"async\" width=\"1024\" height=\"683\" src=\"https:\/\/marcali.plebania.hu\/wp-content\/uploads\/2022\/04\/10-1-1024x683.jpg\" alt=\"\" data-id=\"3496\" data-full-url=\"https:\/\/marcali.plebania.hu\/wp-content\/uploads\/2022\/04\/10-1-scaled.jpg\" data-link=\"https:\/\/marcali.plebania.hu\/?attachment_id=3496\" class=\"wp-image-3496\" srcset=\"https:\/\/marcali.plebania.hu\/wp-content\/uploads\/2022\/04\/10-1-1024x683.jpg 1024w, https:\/\/marcali.plebania.hu\/wp-content\/uploads\/2022\/04\/10-1-300x200.jpg 300w, https:\/\/marcali.plebania.hu\/wp-content\/uploads\/2022\/04\/10-1-768x512.jpg 768w, https:\/\/marcali.plebania.hu\/wp-content\/uploads\/2022\/04\/10-1-1536x1024.jpg 1536w, https:\/\/marcali.plebania.hu\/wp-content\/uploads\/2022\/04\/10-1-2048x1365.jpg 2048w, https:\/\/marcali.plebania.hu\/wp-content\/uploads\/2022\/04\/10-1-405x270.jpg 405w\" sizes=\"auto, (max-width: 1024px) 100vw, 1024px\" \/><\/figure><\/li><\/ul><\/figure>\n\n\n\n<p>A szentmis\u00e9n Balogh B\u00e1lint k\u00e1ntor, valamint a Marcali F\u00e9ny Gyermekei Katolikus Zenekar tagjai m\u0171k\u00f6dtek k\u00f6zre zenei szolg\u00e1lattal. V\u00e9g\u00fcl Iv\u00e1n atya kihirdette m\u00e9g a nagyheti \u00e9s h\u00fasv\u00e9ti \u00fcnnepi mise- \u00e9s szertart\u00e1srendet, melyek est\u00e9nk\u00e9t 18 \u00f3rakor kezd\u0151dnek. Nagyp\u00e9nteken 15 \u00f3rakor a K\u00f6zponti Temet\u0151 K\u00e1lv\u00e1ri\u00e1j\u00e1n lesz megtartva a szok\u00e1sos kereszt\u00fat. Nagyszombaton este pedig a h\u00fasv\u00e9ti vig\u00edlia \u00fcnnepi szentmis\u00e9vel \u00e9s a hagyom\u00e1nyos f\u00e1kly\u00e1s-z\u00e1szl\u00f3s k\u00f6rmenettel a R\u00e1k\u00f3czi utc\u00e1n ez\u00fattal az \u00f6nkorm\u00e1nyzatig, majd vissza. Az \u00e9telszentel\u00e9sre k\u00e9t alkalommal is lesz lehet\u0151s\u00e9g: szombaton az esti mis\u00e9t k\u00f6vet\u0151en, illetve H\u00fasv\u00e9t vas\u00e1rnap a 9 \u00f3r\u00e1s szentmise el\u0151tt.<\/p>\n\n\n\n<figure class=\"wp-block-gallery columns-3 is-cropped wp-block-gallery-3 is-layout-flex wp-block-gallery-is-layout-flex\"><ul class=\"blocks-gallery-grid\"><li class=\"blocks-gallery-item\"><figure><img loading=\"lazy\" decoding=\"async\" width=\"1024\" height=\"683\" src=\"https:\/\/marcali.plebania.hu\/wp-content\/uploads\/2022\/04\/19-1024x683.jpg\" alt=\"\" data-id=\"3497\" data-link=\"https:\/\/marcali.plebania.hu\/?attachment_id=3497\" class=\"wp-image-3497\" srcset=\"https:\/\/marcali.plebania.hu\/wp-content\/uploads\/2022\/04\/19-1024x683.jpg 1024w, https:\/\/marcali.plebania.hu\/wp-content\/uploads\/2022\/04\/19-300x200.jpg 300w, https:\/\/marcali.plebania.hu\/wp-content\/uploads\/2022\/04\/19-768x512.jpg 768w, https:\/\/marcali.plebania.hu\/wp-content\/uploads\/2022\/04\/19-1536x1024.jpg 1536w, https:\/\/marcali.plebania.hu\/wp-content\/uploads\/2022\/04\/19-2048x1365.jpg 2048w, https:\/\/marcali.plebania.hu\/wp-content\/uploads\/2022\/04\/19-405x270.jpg 405w\" sizes=\"auto, (max-width: 1024px) 100vw, 1024px\" \/><\/figure><\/li><li class=\"blocks-gallery-item\"><figure><img loading=\"lazy\" decoding=\"async\" width=\"1024\" height=\"683\" src=\"https:\/\/marcali.plebania.hu\/wp-content\/uploads\/2022\/04\/17-1-1024x683.jpg\" alt=\"\" data-id=\"3498\" data-link=\"https:\/\/marcali.plebania.hu\/?attachment_id=3498\" class=\"wp-image-3498\" srcset=\"https:\/\/marcali.plebania.hu\/wp-content\/uploads\/2022\/04\/17-1-1024x683.jpg 1024w, https:\/\/marcali.plebania.hu\/wp-content\/uploads\/2022\/04\/17-1-300x200.jpg 300w, https:\/\/marcali.plebania.hu\/wp-content\/uploads\/2022\/04\/17-1-768x512.jpg 768w, https:\/\/marcali.plebania.hu\/wp-content\/uploads\/2022\/04\/17-1-1536x1024.jpg 1536w, https:\/\/marcali.plebania.hu\/wp-content\/uploads\/2022\/04\/17-1-2048x1365.jpg 2048w, https:\/\/marcali.plebania.hu\/wp-content\/uploads\/2022\/04\/17-1-405x270.jpg 405w\" sizes=\"auto, (max-width: 1024px) 100vw, 1024px\" \/><\/figure><\/li><li class=\"blocks-gallery-item\"><figure><img loading=\"lazy\" decoding=\"async\" width=\"1024\" height=\"683\" src=\"https:\/\/marcali.plebania.hu\/wp-content\/uploads\/2022\/04\/20-1-1024x683.jpg\" alt=\"\" data-id=\"3499\" data-link=\"https:\/\/marcali.plebania.hu\/?attachment_id=3499\" class=\"wp-image-3499\" srcset=\"https:\/\/marcali.plebania.hu\/wp-content\/uploads\/2022\/04\/20-1-1024x683.jpg 1024w, https:\/\/marcali.plebania.hu\/wp-content\/uploads\/2022\/04\/20-1-300x200.jpg 300w, https:\/\/marcali.plebania.hu\/wp-content\/uploads\/2022\/04\/20-1-768x512.jpg 768w, https:\/\/marcali.plebania.hu\/wp-content\/uploads\/2022\/04\/20-1-1536x1024.jpg 1536w, https:\/\/marcali.plebania.hu\/wp-content\/uploads\/2022\/04\/20-1-2048x1365.jpg 2048w, https:\/\/marcali.plebania.hu\/wp-content\/uploads\/2022\/04\/20-1-405x270.jpg 405w\" sizes=\"auto, (max-width: 1024px) 100vw, 1024px\" \/><\/figure><\/li><li class=\"blocks-gallery-item\"><figure><img loading=\"lazy\" decoding=\"async\" width=\"1024\" height=\"683\" src=\"https:\/\/marcali.plebania.hu\/wp-content\/uploads\/2022\/04\/25-1-1024x683.jpg\" alt=\"\" data-id=\"3500\" data-full-url=\"https:\/\/marcali.plebania.hu\/wp-content\/uploads\/2022\/04\/25-1-scaled.jpg\" data-link=\"https:\/\/marcali.plebania.hu\/?attachment_id=3500\" class=\"wp-image-3500\" srcset=\"https:\/\/marcali.plebania.hu\/wp-content\/uploads\/2022\/04\/25-1-1024x683.jpg 1024w, https:\/\/marcali.plebania.hu\/wp-content\/uploads\/2022\/04\/25-1-300x200.jpg 300w, https:\/\/marcali.plebania.hu\/wp-content\/uploads\/2022\/04\/25-1-768x512.jpg 768w, https:\/\/marcali.plebania.hu\/wp-content\/uploads\/2022\/04\/25-1-1536x1024.jpg 1536w, https:\/\/marcali.plebania.hu\/wp-content\/uploads\/2022\/04\/25-1-2048x1365.jpg 2048w, https:\/\/marcali.plebania.hu\/wp-content\/uploads\/2022\/04\/25-1-405x270.jpg 405w\" sizes=\"auto, (max-width: 1024px) 100vw, 1024px\" \/><\/figure><\/li><\/ul><\/figure>\n","protected":false},"excerpt":{"rendered":"<p>2022. \u00e1prilis 10-\u00e9n, Vir\u00e1gvas\u00e1rnap 9 \u00f3rakor Kiss Iv\u00e1n c. pr\u00e9post, pl\u00e9b\u00e1nos \u00fcnnepi szentmis\u00e9t celebr\u00e1lt a Gy\u00fcm\u00f6lcsolt\u00f3 Boldogasszony pl\u00e9b\u00e1niatemplomban. A vir\u00e1gvas\u00e1rnapi k\u00f6rmenet az id\u00e9n is csak r\u00f6vid\u00edtett form\u00e1ban t\u00f6rt\u00e9nt meg. Iv\u00e1n atya a ministr\u00e1nsokkal, valamint a J\u00e9zus Testv\u00e9rei Kisk\u00f6z\u00f6ss\u00e9g tagjaival egy\u00fctt ugyanis, jelk\u00e9pesen n\u00e9h\u00e1ny barka- \u00e9s p\u00e1lma\u00e1ggal, \u00e9rkezett a nyugati f\u0151bej\u00e1raton \u00e1t az istentiszteletre, J\u00e9zus jeruzs\u00e1lemi bevonul\u00e1s\u00e1t feleleven\u00edtve. Majd el\u0151sz\u00f6r a k\u00f3rus alatti F\u00e1jdalmas Anya szobra el\u0151tt meg\u00e1ldotta a bark\u00e1kat, melyeket m\u00e1r t\u00f6bb mint egy h\u00f3nappal ezel\u0151tt n\u00e9h\u00e1ny h\u00edv\u0151 hozott erre&#8230;<\/p>\n<p class=\"read-more\"><a class=\"btn btn-default\" href=\"https:\/\/marcali.plebania.hu\/?p=3488\"> Read More<span class=\"screen-reader-text\">  Read More<\/span><\/a><\/p>\n","protected":false},"author":2,"featured_media":0,"comment_status":"closed","ping_status":"open","sticky":false,"template":"","format":"standard","meta":{"footnotes":""},"categories":[1],"tags":[],"class_list":["post-3488","post","type-post","status-publish","format-standard","hentry","category-egyeb"],"_links":{"self":[{"href":"https:\/\/marcali.plebania.hu\/index.php?rest_route=\/wp\/v2\/posts\/3488","targetHints":{"allow":["GET"]}}],"collection":[{"href":"https:\/\/marcali.plebania.hu\/index.php?rest_route=\/wp\/v2\/posts"}],"about":[{"href":"https:\/\/marcali.plebania.hu\/index.php?rest_route=\/wp\/v2\/types\/post"}],"author":[{"embeddable":true,"href":"https:\/\/marcali.plebania.hu\/index.php?rest_route=\/wp\/v2\/users\/2"}],"replies":[{"embeddable":true,"href":"https:\/\/marcali.plebania.hu\/index.php?rest_route=%2Fwp%2Fv2%2Fcomments&post=3488"}],"version-history":[{"count":1,"href":"https:\/\/marcali.plebania.hu\/index.php?rest_route=\/wp\/v2\/posts\/3488\/revisions"}],"predecessor-version":[{"id":3501,"href":"https:\/\/marcali.plebania.hu\/index.php?rest_route=\/wp\/v2\/posts\/3488\/revisions\/3501"}],"wp:attachment":[{"href":"https:\/\/marcali.plebania.hu\/index.php?rest_route=%2Fwp%2Fv2%2Fmedia&parent=3488"}],"wp:term":[{"taxonomy":"category","embeddable":true,"href":"https:\/\/marcali.plebania.hu\/index.php?rest_route=%2Fwp%2Fv2%2Fcategories&post=3488"},{"taxonomy":"post_tag","embeddable":true,"href":"https:\/\/marcali.plebania.hu\/index.php?rest_route=%2Fwp%2Fv2%2Ftags&post=3488"}],"curies":[{"name":"wp","href":"https:\/\/api.w.org\/{rel}","templated":true}]}}