{"id":349,"date":"2018-09-12T09:53:35","date_gmt":"2018-09-12T09:53:35","guid":{"rendered":"https:\/\/marcali.plebania.hu\/?p=349"},"modified":"2018-09-12T09:53:35","modified_gmt":"2018-09-12T09:53:35","slug":"tanevnyito-szentmise-a-boldog-gizella-templomban","status":"publish","type":"post","link":"https:\/\/marcali.plebania.hu\/?p=349","title":{"rendered":"Tan\u00e9vnyit\u00f3 szentmise a Boldog Gizella templomban"},"content":{"rendered":"<p>Szeptember 9-\u00e9n este a Boldog Gizella templomban is megvolt a tan\u00e9vnyit\u00f3 szentmise. A szentmis\u00e9n a gyermekek \u00e9s sz\u00fcleik egy\u00fctt im\u00e1dkoztak az \u00faj tan\u00e9v siker\u00e9\u00e9rt.<\/p>\n<p><img loading=\"lazy\" decoding=\"async\" class=\"aligncenter wp-image-350 size-large\" src=\"https:\/\/marcali.plebania.hu\/wp-content\/uploads\/2018\/09\/tan\u00e9vny\u00edt\u00f3bg18-023-1024x678.jpg\" alt=\"\" width=\"640\" height=\"424\" srcset=\"https:\/\/marcali.plebania.hu\/wp-content\/uploads\/2018\/09\/tan\u00e9vny\u00edt\u00f3bg18-023.jpg 1024w, https:\/\/marcali.plebania.hu\/wp-content\/uploads\/2018\/09\/tan\u00e9vny\u00edt\u00f3bg18-023-300x199.jpg 300w, https:\/\/marcali.plebania.hu\/wp-content\/uploads\/2018\/09\/tan\u00e9vny\u00edt\u00f3bg18-023-768x509.jpg 768w, https:\/\/marcali.plebania.hu\/wp-content\/uploads\/2018\/09\/tan\u00e9vny\u00edt\u00f3bg18-023-408x270.jpg 408w\" sizes=\"auto, (max-width: 640px) 100vw, 640px\" \/><\/p>\n<p>A Boldog Gizella templomban is felker\u00fclt az olt\u00e1rra Rubljov Szenth\u00e1roms\u00e1g k\u00e9pe \u00e9s az ott r\u00e9sztvev\u0151 gyermekek is megkapt\u00e1k a kis csomagot, melyben b\u00fazamag volt.<\/p>\n<p>H\u00e1zi feladatot is kaptak: el kell vetni a b\u00fazamagot.<\/p>\n<p><img loading=\"lazy\" decoding=\"async\" class=\"aligncenter wp-image-351 size-large\" src=\"https:\/\/marcali.plebania.hu\/wp-content\/uploads\/2018\/09\/tan\u00e9vny\u00edt\u00f3bg18-043-1024x678.jpg\" alt=\"\" width=\"640\" height=\"424\" srcset=\"https:\/\/marcali.plebania.hu\/wp-content\/uploads\/2018\/09\/tan\u00e9vny\u00edt\u00f3bg18-043.jpg 1024w, https:\/\/marcali.plebania.hu\/wp-content\/uploads\/2018\/09\/tan\u00e9vny\u00edt\u00f3bg18-043-300x199.jpg 300w, https:\/\/marcali.plebania.hu\/wp-content\/uploads\/2018\/09\/tan\u00e9vny\u00edt\u00f3bg18-043-768x509.jpg 768w, https:\/\/marcali.plebania.hu\/wp-content\/uploads\/2018\/09\/tan\u00e9vny\u00edt\u00f3bg18-043-408x270.jpg 408w\" sizes=\"auto, (max-width: 640px) 100vw, 640px\" \/><\/p>\n<p>A szentmise v\u00e9g\u00e9n ritmikus tapsban \u00e9nekelt\u00e9k a gyermekek: \u201eOly j\u00f3 \u00e1ldani az Urat&#8230;\u201d<\/p>\n<p>Iv\u00e1n atya bemutatta az ott jelenl\u00e9v\u0151 k\u00e9t hitoktat\u00f3t: dr Gyulain\u00e9 Domj\u00e1n Zsuzsann\u00e1t \u00e9s Bojtorn\u00e9 Kir\u00e1ly M\u00e1rt\u00e1t.<\/p>\n<p><img loading=\"lazy\" decoding=\"async\" class=\"aligncenter wp-image-352 size-large\" src=\"https:\/\/marcali.plebania.hu\/wp-content\/uploads\/2018\/09\/tan\u00e9vny\u00edt\u00f3bg18-078-1024x678.jpg\" alt=\"\" width=\"640\" height=\"424\" srcset=\"https:\/\/marcali.plebania.hu\/wp-content\/uploads\/2018\/09\/tan\u00e9vny\u00edt\u00f3bg18-078.jpg 1024w, https:\/\/marcali.plebania.hu\/wp-content\/uploads\/2018\/09\/tan\u00e9vny\u00edt\u00f3bg18-078-300x199.jpg 300w, https:\/\/marcali.plebania.hu\/wp-content\/uploads\/2018\/09\/tan\u00e9vny\u00edt\u00f3bg18-078-768x509.jpg 768w, https:\/\/marcali.plebania.hu\/wp-content\/uploads\/2018\/09\/tan\u00e9vny\u00edt\u00f3bg18-078-408x270.jpg 408w\" sizes=\"auto, (max-width: 640px) 100vw, 640px\" \/><\/p>\n","protected":false},"excerpt":{"rendered":"<p>Szeptember 9-\u00e9n este a Boldog Gizella templomban is megvolt a tan\u00e9vnyit\u00f3 szentmise. A szentmis\u00e9n a gyermekek \u00e9s sz\u00fcleik egy\u00fctt im\u00e1dkoztak az \u00faj tan\u00e9v siker\u00e9\u00e9rt. A Boldog Gizella templomban is felker\u00fclt az olt\u00e1rra Rubljov Szenth\u00e1roms\u00e1g k\u00e9pe \u00e9s az ott r\u00e9sztvev\u0151 gyermekek is megkapt\u00e1k a kis csomagot, melyben b\u00fazamag volt. H\u00e1zi feladatot is kaptak: el kell vetni a b\u00fazamagot. A szentmise v\u00e9g\u00e9n ritmikus tapsban \u00e9nekelt\u00e9k a gyermekek: \u201eOly j\u00f3 \u00e1ldani az Urat&#8230;\u201d Iv\u00e1n atya bemutatta az ott jelenl\u00e9v\u0151 k\u00e9t hitoktat\u00f3t: dr Gyulain\u00e9&#8230;<\/p>\n<p class=\"read-more\"><a class=\"btn btn-default\" href=\"https:\/\/marcali.plebania.hu\/?p=349\"> Read More<span class=\"screen-reader-text\">  Read More<\/span><\/a><\/p>\n","protected":false},"author":2,"featured_media":0,"comment_status":"closed","ping_status":"open","sticky":false,"template":"","format":"standard","meta":{"footnotes":""},"categories":[1],"tags":[],"class_list":["post-349","post","type-post","status-publish","format-standard","hentry","category-egyeb"],"_links":{"self":[{"href":"https:\/\/marcali.plebania.hu\/index.php?rest_route=\/wp\/v2\/posts\/349","targetHints":{"allow":["GET"]}}],"collection":[{"href":"https:\/\/marcali.plebania.hu\/index.php?rest_route=\/wp\/v2\/posts"}],"about":[{"href":"https:\/\/marcali.plebania.hu\/index.php?rest_route=\/wp\/v2\/types\/post"}],"author":[{"embeddable":true,"href":"https:\/\/marcali.plebania.hu\/index.php?rest_route=\/wp\/v2\/users\/2"}],"replies":[{"embeddable":true,"href":"https:\/\/marcali.plebania.hu\/index.php?rest_route=%2Fwp%2Fv2%2Fcomments&post=349"}],"version-history":[{"count":1,"href":"https:\/\/marcali.plebania.hu\/index.php?rest_route=\/wp\/v2\/posts\/349\/revisions"}],"predecessor-version":[{"id":353,"href":"https:\/\/marcali.plebania.hu\/index.php?rest_route=\/wp\/v2\/posts\/349\/revisions\/353"}],"wp:attachment":[{"href":"https:\/\/marcali.plebania.hu\/index.php?rest_route=%2Fwp%2Fv2%2Fmedia&parent=349"}],"wp:term":[{"taxonomy":"category","embeddable":true,"href":"https:\/\/marcali.plebania.hu\/index.php?rest_route=%2Fwp%2Fv2%2Fcategories&post=349"},{"taxonomy":"post_tag","embeddable":true,"href":"https:\/\/marcali.plebania.hu\/index.php?rest_route=%2Fwp%2Fv2%2Ftags&post=349"}],"curies":[{"name":"wp","href":"https:\/\/api.w.org\/{rel}","templated":true}]}}