{"id":3505,"date":"2022-04-14T07:54:51","date_gmt":"2022-04-14T07:54:51","guid":{"rendered":"https:\/\/marcali.plebania.hu\/?p=3505"},"modified":"2022-04-14T07:54:51","modified_gmt":"2022-04-14T07:54:51","slug":"hirdetesek-2022-04-17","status":"publish","type":"post","link":"https:\/\/marcali.plebania.hu\/?p=3505","title":{"rendered":"Hirdet\u00e9sek, 2022. 04. 17."},"content":{"rendered":"\n<ol class=\"wp-block-list\"><li>Ma H\u00fasv\u00e9t vas\u00e1rnapja van.<\/li><li>H\u00fasv\u00e9t h\u00e9tf\u0151n 9 \u00f3rakor lesz a pl\u00e9b\u00e1niatemplomban szentmise, ut\u00e1na keresztel\u00e9sek.<\/li><li>A j\u00f6v\u0151 vas\u00e1rnap, az Isteni irgalmass\u00e1g vas\u00e1rnapja.<\/li><li>Megjelent a Marcali Katolikus \u00dajs\u00e1g h\u00fasv\u00e9t sz\u00e1ma, amelyben a pl\u00e9b\u00e1nia t\u00f6rt\u00e9net\u00e9b\u0151l, a 300 \u00e9ves \u00e9vfordul\u00f3hoz kapcsol\u00f3d\u00f3an nyerem\u00e9nyj\u00e1t\u00e9k is van 13+1 k\u00e9rd\u00e9ssel. A megfejt\u00e9seket m\u00e1jus 1-ig k\u00e9rj\u00fck eljuttatni a pl\u00e9b\u00e1nia postal\u00e1d\u00e1j\u00e1ba, vagy e-mailben (<a href=\"mailto:marcaliplebania@gmail.com\">marcaliplebania@gmail.com<\/a>) c\u00edmre: n\u00e9vvel, c\u00edmmel \u00e9s telefonsz\u00e1mmal. A nyertesek k\u00f6z\u00f6tt \u00e9rt\u00e9kes k\u00f6nyvjutalmat osztunk ki.<\/li><li>Megk\u00f6sz\u00f6nj\u00fck mindazok munk\u00e1j\u00e1t, akik a h\u00fasv\u00e9ti el\u0151k\u00e9sz\u00fcletekben, vagy ak\u00e1r a k\u00f6rmeneten seg\u00edtettek.<\/li><\/ol>\n","protected":false},"excerpt":{"rendered":"<p>Ma H\u00fasv\u00e9t vas\u00e1rnapja van. H\u00fasv\u00e9t h\u00e9tf\u0151n 9 \u00f3rakor lesz a pl\u00e9b\u00e1niatemplomban szentmise, ut\u00e1na keresztel\u00e9sek. A j\u00f6v\u0151 vas\u00e1rnap, az Isteni irgalmass\u00e1g vas\u00e1rnapja. Megjelent a Marcali Katolikus \u00dajs\u00e1g h\u00fasv\u00e9t sz\u00e1ma, amelyben a pl\u00e9b\u00e1nia t\u00f6rt\u00e9net\u00e9b\u0151l, a 300 \u00e9ves \u00e9vfordul\u00f3hoz kapcsol\u00f3d\u00f3an nyerem\u00e9nyj\u00e1t\u00e9k is van 13+1 k\u00e9rd\u00e9ssel. A megfejt\u00e9seket m\u00e1jus 1-ig k\u00e9rj\u00fck eljuttatni a pl\u00e9b\u00e1nia postal\u00e1d\u00e1j\u00e1ba, vagy e-mailben (marcaliplebania@gmail.com) c\u00edmre: n\u00e9vvel, c\u00edmmel \u00e9s telefonsz\u00e1mmal. A nyertesek k\u00f6z\u00f6tt \u00e9rt\u00e9kes k\u00f6nyvjutalmat osztunk ki. Megk\u00f6sz\u00f6nj\u00fck mindazok munk\u00e1j\u00e1t, akik a h\u00fasv\u00e9ti el\u0151k\u00e9sz\u00fcletekben, vagy ak\u00e1r a k\u00f6rmeneten seg\u00edtettek.<\/p>\n","protected":false},"author":2,"featured_media":0,"comment_status":"closed","ping_status":"open","sticky":false,"template":"","format":"standard","meta":{"footnotes":""},"categories":[1],"tags":[],"class_list":["post-3505","post","type-post","status-publish","format-standard","hentry","category-egyeb"],"_links":{"self":[{"href":"https:\/\/marcali.plebania.hu\/index.php?rest_route=\/wp\/v2\/posts\/3505","targetHints":{"allow":["GET"]}}],"collection":[{"href":"https:\/\/marcali.plebania.hu\/index.php?rest_route=\/wp\/v2\/posts"}],"about":[{"href":"https:\/\/marcali.plebania.hu\/index.php?rest_route=\/wp\/v2\/types\/post"}],"author":[{"embeddable":true,"href":"https:\/\/marcali.plebania.hu\/index.php?rest_route=\/wp\/v2\/users\/2"}],"replies":[{"embeddable":true,"href":"https:\/\/marcali.plebania.hu\/index.php?rest_route=%2Fwp%2Fv2%2Fcomments&post=3505"}],"version-history":[{"count":1,"href":"https:\/\/marcali.plebania.hu\/index.php?rest_route=\/wp\/v2\/posts\/3505\/revisions"}],"predecessor-version":[{"id":3506,"href":"https:\/\/marcali.plebania.hu\/index.php?rest_route=\/wp\/v2\/posts\/3505\/revisions\/3506"}],"wp:attachment":[{"href":"https:\/\/marcali.plebania.hu\/index.php?rest_route=%2Fwp%2Fv2%2Fmedia&parent=3505"}],"wp:term":[{"taxonomy":"category","embeddable":true,"href":"https:\/\/marcali.plebania.hu\/index.php?rest_route=%2Fwp%2Fv2%2Fcategories&post=3505"},{"taxonomy":"post_tag","embeddable":true,"href":"https:\/\/marcali.plebania.hu\/index.php?rest_route=%2Fwp%2Fv2%2Ftags&post=3505"}],"curies":[{"name":"wp","href":"https:\/\/api.w.org\/{rel}","templated":true}]}}