{"id":3507,"date":"2022-04-21T07:14:27","date_gmt":"2022-04-21T07:14:27","guid":{"rendered":"https:\/\/marcali.plebania.hu\/?p=3507"},"modified":"2022-04-21T07:14:27","modified_gmt":"2022-04-21T07:14:27","slug":"nagypenteki-keresztut-a-marcali-kozponti-temeto-kalvariajanal","status":"publish","type":"post","link":"https:\/\/marcali.plebania.hu\/?p=3507","title":{"rendered":"Nagyp\u00e9nteki kereszt\u00fat a Marcali K\u00f6zponti Temet\u0151 K\u00e1lv\u00e1ri\u00e1j\u00e1n\u00e1l"},"content":{"rendered":"\n<p>2022. \u00e1prilis 15-\u00e9n, Nagyp\u00e9nteken 15 \u00f3rakor a Marcali K\u00f6zponti Temet\u0151 K\u00e1lv\u00e1ri\u00e1j\u00e1n\u00e1l Kiss Iv\u00e1n c. pr\u00e9post vezette a keresztutat, melyet a Marcali R\u00f3mai Katolikus Egyh\u00e1zk\u00f6zs\u00e9g tagjai \u2013 k\u00f6zt\u00fck id\u0151sek \u00e9s fiatalok \u2013 v\u00e9geztek, hogy felid\u00e9zz\u00e9k J\u00e9zus szenved\u00e9st\u00f6rt\u00e9net\u00e9t, kereszthal\u00e1l\u00e1t \u00e9s s\u00edrba t\u00e9tel\u00e9t.<\/p>\n\n\n\n<figure class=\"wp-block-gallery columns-3 is-cropped wp-block-gallery-1 is-layout-flex wp-block-gallery-is-layout-flex\"><ul class=\"blocks-gallery-grid\"><li class=\"blocks-gallery-item\"><figure><img loading=\"lazy\" decoding=\"async\" width=\"1024\" height=\"683\" src=\"https:\/\/marcali.plebania.hu\/wp-content\/uploads\/2022\/04\/01-3-1024x683.jpg\" alt=\"\" data-id=\"3508\" data-link=\"https:\/\/marcali.plebania.hu\/?attachment_id=3508\" class=\"wp-image-3508\" srcset=\"https:\/\/marcali.plebania.hu\/wp-content\/uploads\/2022\/04\/01-3-1024x683.jpg 1024w, https:\/\/marcali.plebania.hu\/wp-content\/uploads\/2022\/04\/01-3-300x200.jpg 300w, https:\/\/marcali.plebania.hu\/wp-content\/uploads\/2022\/04\/01-3-768x512.jpg 768w, https:\/\/marcali.plebania.hu\/wp-content\/uploads\/2022\/04\/01-3-1536x1024.jpg 1536w, https:\/\/marcali.plebania.hu\/wp-content\/uploads\/2022\/04\/01-3-2048x1365.jpg 2048w, https:\/\/marcali.plebania.hu\/wp-content\/uploads\/2022\/04\/01-3-405x270.jpg 405w\" sizes=\"auto, (max-width: 1024px) 100vw, 1024px\" \/><\/figure><\/li><li class=\"blocks-gallery-item\"><figure><img loading=\"lazy\" decoding=\"async\" width=\"1024\" height=\"683\" src=\"https:\/\/marcali.plebania.hu\/wp-content\/uploads\/2022\/04\/04-1-1024x683.jpg\" alt=\"\" data-id=\"3509\" data-link=\"https:\/\/marcali.plebania.hu\/?attachment_id=3509\" class=\"wp-image-3509\" srcset=\"https:\/\/marcali.plebania.hu\/wp-content\/uploads\/2022\/04\/04-1-1024x683.jpg 1024w, https:\/\/marcali.plebania.hu\/wp-content\/uploads\/2022\/04\/04-1-300x200.jpg 300w, https:\/\/marcali.plebania.hu\/wp-content\/uploads\/2022\/04\/04-1-768x512.jpg 768w, https:\/\/marcali.plebania.hu\/wp-content\/uploads\/2022\/04\/04-1-1536x1024.jpg 1536w, https:\/\/marcali.plebania.hu\/wp-content\/uploads\/2022\/04\/04-1-2048x1365.jpg 2048w, https:\/\/marcali.plebania.hu\/wp-content\/uploads\/2022\/04\/04-1-405x270.jpg 405w\" sizes=\"auto, (max-width: 1024px) 100vw, 1024px\" \/><\/figure><\/li><li class=\"blocks-gallery-item\"><figure><img loading=\"lazy\" decoding=\"async\" width=\"1024\" height=\"683\" src=\"https:\/\/marcali.plebania.hu\/wp-content\/uploads\/2022\/04\/02-3-1024x683.jpg\" alt=\"\" data-id=\"3510\" data-full-url=\"https:\/\/marcali.plebania.hu\/wp-content\/uploads\/2022\/04\/02-3-scaled.jpg\" data-link=\"https:\/\/marcali.plebania.hu\/?attachment_id=3510\" class=\"wp-image-3510\" srcset=\"https:\/\/marcali.plebania.hu\/wp-content\/uploads\/2022\/04\/02-3-1024x683.jpg 1024w, https:\/\/marcali.plebania.hu\/wp-content\/uploads\/2022\/04\/02-3-300x200.jpg 300w, https:\/\/marcali.plebania.hu\/wp-content\/uploads\/2022\/04\/02-3-768x512.jpg 768w, https:\/\/marcali.plebania.hu\/wp-content\/uploads\/2022\/04\/02-3-1536x1024.jpg 1536w, https:\/\/marcali.plebania.hu\/wp-content\/uploads\/2022\/04\/02-3-2048x1365.jpg 2048w, https:\/\/marcali.plebania.hu\/wp-content\/uploads\/2022\/04\/02-3-405x270.jpg 405w\" sizes=\"auto, (max-width: 1024px) 100vw, 1024px\" \/><\/figure><\/li><li class=\"blocks-gallery-item\"><figure><img loading=\"lazy\" decoding=\"async\" width=\"1024\" height=\"683\" src=\"https:\/\/marcali.plebania.hu\/wp-content\/uploads\/2022\/04\/03-1024x683.jpg\" alt=\"\" data-id=\"3511\" data-full-url=\"https:\/\/marcali.plebania.hu\/wp-content\/uploads\/2022\/04\/03-scaled.jpg\" data-link=\"https:\/\/marcali.plebania.hu\/?attachment_id=3511\" class=\"wp-image-3511\" srcset=\"https:\/\/marcali.plebania.hu\/wp-content\/uploads\/2022\/04\/03-1024x683.jpg 1024w, https:\/\/marcali.plebania.hu\/wp-content\/uploads\/2022\/04\/03-300x200.jpg 300w, https:\/\/marcali.plebania.hu\/wp-content\/uploads\/2022\/04\/03-768x512.jpg 768w, https:\/\/marcali.plebania.hu\/wp-content\/uploads\/2022\/04\/03-1536x1024.jpg 1536w, https:\/\/marcali.plebania.hu\/wp-content\/uploads\/2022\/04\/03-2048x1365.jpg 2048w, https:\/\/marcali.plebania.hu\/wp-content\/uploads\/2022\/04\/03-405x270.jpg 405w\" sizes=\"auto, (max-width: 1024px) 100vw, 1024px\" \/><\/figure><\/li><\/ul><\/figure>\n\n\n\n<p>A Magyar Katolikus P\u00fcsp\u00f6ki\nKonferencia (MKPK) sajt\u00f3nyilatkozata szerint: \u201eA kereszt\u00fat seg\u00edt meg\u00e9rten\u00fcnk a\nt\u00f6rt\u00e9nelem dr\u00e1m\u00e1j\u00e1t, de benn\u00fcnket, h\u00edv\u0151ket biztos\u00edt arr\u00f3l, hogy nem a hal\u00e1l\u00e9 az\nutols\u00f3 sz\u00f3, hiszen a nagyp\u00e9nteket k\u00f6veti a felt\u00e1mad\u00e1s, a j\u00f3 gy\u0151zedelmeskedik a\ngonosz felett, a szeretet gy\u0151z a gy\u0171l\u00f6let felett, a harmadnapra Felt\u00e1madt\nKrisztus gy\u0151zelme hirdeti, hogy az utols\u00f3 sz\u00f3 Isten\u00e9, aki maga az \u00c9let.<\/p>\n\n\n\n<p>Az Egyh\u00e1z nagyp\u00e9nteken szigor\u00fa b\u00f6jt megtart\u00e1s\u00e1t k\u00e9ri a h\u00edvekt\u0151l. A 18 \u00e9s 60 \u00e9v k\u00f6z\u00f6tti h\u00edvek legfeljebb h\u00e1romszor \u00e9tkezhetnek, \u00e9s egyszer lakhatnak j\u00f3l, valamint 14 \u00e9ves kort\u00f3l a h\u00fas\u00e9telek fogyaszt\u00e1s\u00e1t\u00f3l is tart\u00f3zkodni kell. A h\u00edvek ezzel az \u00f6nmegtagad\u00e1ssal fejezik ki szeretet\u00fcket az \u00d6r\u00f6k F\u0151pap ir\u00e1nt \u00e9s a testi lemond\u00e1s eml\u00e9keztet minket J\u00e9zus mindhal\u00e1lig tart\u00f3 szeretet\u00e9re.\u201d \u2013 h\u00edvja fel a figyelmet az MKPK nyilatkozata.<\/p>\n\n\n\n<figure class=\"wp-block-gallery columns-3 is-cropped wp-block-gallery-2 is-layout-flex wp-block-gallery-is-layout-flex\"><ul class=\"blocks-gallery-grid\"><li class=\"blocks-gallery-item\"><figure><img loading=\"lazy\" decoding=\"async\" width=\"1024\" height=\"683\" src=\"https:\/\/marcali.plebania.hu\/wp-content\/uploads\/2022\/04\/06-1-1024x683.jpg\" alt=\"\" data-id=\"3513\" data-link=\"https:\/\/marcali.plebania.hu\/?attachment_id=3513\" class=\"wp-image-3513\" srcset=\"https:\/\/marcali.plebania.hu\/wp-content\/uploads\/2022\/04\/06-1-1024x683.jpg 1024w, https:\/\/marcali.plebania.hu\/wp-content\/uploads\/2022\/04\/06-1-300x200.jpg 300w, https:\/\/marcali.plebania.hu\/wp-content\/uploads\/2022\/04\/06-1-768x512.jpg 768w, https:\/\/marcali.plebania.hu\/wp-content\/uploads\/2022\/04\/06-1-1536x1024.jpg 1536w, https:\/\/marcali.plebania.hu\/wp-content\/uploads\/2022\/04\/06-1-2048x1365.jpg 2048w, https:\/\/marcali.plebania.hu\/wp-content\/uploads\/2022\/04\/06-1-405x270.jpg 405w\" sizes=\"auto, (max-width: 1024px) 100vw, 1024px\" \/><\/figure><\/li><li class=\"blocks-gallery-item\"><figure><img loading=\"lazy\" decoding=\"async\" width=\"1024\" height=\"683\" src=\"https:\/\/marcali.plebania.hu\/wp-content\/uploads\/2022\/04\/07-2-1024x683.jpg\" alt=\"\" data-id=\"3514\" data-link=\"https:\/\/marcali.plebania.hu\/?attachment_id=3514\" class=\"wp-image-3514\" srcset=\"https:\/\/marcali.plebania.hu\/wp-content\/uploads\/2022\/04\/07-2-1024x683.jpg 1024w, https:\/\/marcali.plebania.hu\/wp-content\/uploads\/2022\/04\/07-2-300x200.jpg 300w, https:\/\/marcali.plebania.hu\/wp-content\/uploads\/2022\/04\/07-2-768x512.jpg 768w, https:\/\/marcali.plebania.hu\/wp-content\/uploads\/2022\/04\/07-2-1536x1024.jpg 1536w, https:\/\/marcali.plebania.hu\/wp-content\/uploads\/2022\/04\/07-2-2048x1365.jpg 2048w, https:\/\/marcali.plebania.hu\/wp-content\/uploads\/2022\/04\/07-2-405x270.jpg 405w\" sizes=\"auto, (max-width: 1024px) 100vw, 1024px\" \/><\/figure><\/li><li class=\"blocks-gallery-item\"><figure><img loading=\"lazy\" decoding=\"async\" width=\"1024\" height=\"683\" src=\"https:\/\/marcali.plebania.hu\/wp-content\/uploads\/2022\/04\/08-2-1024x683.jpg\" alt=\"\" data-id=\"3515\" data-link=\"https:\/\/marcali.plebania.hu\/?attachment_id=3515\" class=\"wp-image-3515\" srcset=\"https:\/\/marcali.plebania.hu\/wp-content\/uploads\/2022\/04\/08-2-1024x683.jpg 1024w, https:\/\/marcali.plebania.hu\/wp-content\/uploads\/2022\/04\/08-2-300x200.jpg 300w, https:\/\/marcali.plebania.hu\/wp-content\/uploads\/2022\/04\/08-2-768x512.jpg 768w, https:\/\/marcali.plebania.hu\/wp-content\/uploads\/2022\/04\/08-2-1536x1024.jpg 1536w, https:\/\/marcali.plebania.hu\/wp-content\/uploads\/2022\/04\/08-2-2048x1365.jpg 2048w, https:\/\/marcali.plebania.hu\/wp-content\/uploads\/2022\/04\/08-2-405x270.jpg 405w\" sizes=\"auto, (max-width: 1024px) 100vw, 1024px\" \/><\/figure><\/li><li class=\"blocks-gallery-item\"><figure><img loading=\"lazy\" decoding=\"async\" width=\"1024\" height=\"683\" src=\"https:\/\/marcali.plebania.hu\/wp-content\/uploads\/2022\/04\/09-2-1024x683.jpg\" alt=\"\" data-id=\"3516\" data-full-url=\"https:\/\/marcali.plebania.hu\/wp-content\/uploads\/2022\/04\/09-2-scaled.jpg\" data-link=\"https:\/\/marcali.plebania.hu\/?attachment_id=3516\" class=\"wp-image-3516\" srcset=\"https:\/\/marcali.plebania.hu\/wp-content\/uploads\/2022\/04\/09-2-1024x683.jpg 1024w, https:\/\/marcali.plebania.hu\/wp-content\/uploads\/2022\/04\/09-2-300x200.jpg 300w, https:\/\/marcali.plebania.hu\/wp-content\/uploads\/2022\/04\/09-2-768x512.jpg 768w, https:\/\/marcali.plebania.hu\/wp-content\/uploads\/2022\/04\/09-2-1536x1024.jpg 1536w, https:\/\/marcali.plebania.hu\/wp-content\/uploads\/2022\/04\/09-2-2048x1365.jpg 2048w, https:\/\/marcali.plebania.hu\/wp-content\/uploads\/2022\/04\/09-2-405x270.jpg 405w\" sizes=\"auto, (max-width: 1024px) 100vw, 1024px\" \/><\/figure><\/li><\/ul><\/figure>\n\n\n\n<p>\u201eNagyp\u00e9ntek az egyh\u00e1zi \u00e9v\nlegmegrend\u00edt\u0151bb \u00e9s legcsendesebb \u00fcnnepe: J\u00e9zus k\u00ednszenved\u00e9s\u00e9nek, hal\u00e1l\u00e1nak \u00e9s\ns\u00edrba t\u00e9tel\u00e9nek a napja. A szent h\u00e1rom nap legm\u00e9lyebb val\u00f3s\u00e1g\u00e1t: a passi\u00f3t\nt\u00e1rja el\u00e9nk.<\/p>\n\n\n\n<p>Az Anyaszentegyh\u00e1z \u0151si hagyom\u00e1ny szerint nem mutat be szentmis\u00e9t ezen napon, mert maga az \u00f6r\u00f6k F\u0151pap, Krisztus az \u00e1ldozat a kereszt olt\u00e1r\u00e1n. A J\u00e9zust jelk\u00e9pez\u0151 olt\u00e1r d\u00edszek n\u00e9lk\u00fcl, csupaszon \u00e1ll, mint a Golgota sziklat\u00f6mbje, amelyen a megv\u00e1lt\u00e1s \u00e1ldozata v\u00e9gbement.\u201d<\/p>\n\n\n\n<figure class=\"wp-block-gallery columns-3 is-cropped wp-block-gallery-3 is-layout-flex wp-block-gallery-is-layout-flex\"><ul class=\"blocks-gallery-grid\"><li class=\"blocks-gallery-item\"><figure><img loading=\"lazy\" decoding=\"async\" width=\"1024\" height=\"683\" src=\"https:\/\/marcali.plebania.hu\/wp-content\/uploads\/2022\/04\/10-2-1024x683.jpg\" alt=\"\" data-id=\"3517\" data-link=\"https:\/\/marcali.plebania.hu\/?attachment_id=3517\" class=\"wp-image-3517\" srcset=\"https:\/\/marcali.plebania.hu\/wp-content\/uploads\/2022\/04\/10-2-1024x683.jpg 1024w, https:\/\/marcali.plebania.hu\/wp-content\/uploads\/2022\/04\/10-2-300x200.jpg 300w, https:\/\/marcali.plebania.hu\/wp-content\/uploads\/2022\/04\/10-2-768x512.jpg 768w, https:\/\/marcali.plebania.hu\/wp-content\/uploads\/2022\/04\/10-2-1536x1024.jpg 1536w, https:\/\/marcali.plebania.hu\/wp-content\/uploads\/2022\/04\/10-2-2048x1365.jpg 2048w, https:\/\/marcali.plebania.hu\/wp-content\/uploads\/2022\/04\/10-2-405x270.jpg 405w\" sizes=\"auto, (max-width: 1024px) 100vw, 1024px\" \/><\/figure><\/li><li class=\"blocks-gallery-item\"><figure><img loading=\"lazy\" decoding=\"async\" width=\"1024\" height=\"683\" src=\"https:\/\/marcali.plebania.hu\/wp-content\/uploads\/2022\/04\/11-1-1024x683.jpg\" alt=\"\" data-id=\"3518\" data-link=\"https:\/\/marcali.plebania.hu\/?attachment_id=3518\" class=\"wp-image-3518\" srcset=\"https:\/\/marcali.plebania.hu\/wp-content\/uploads\/2022\/04\/11-1-1024x683.jpg 1024w, https:\/\/marcali.plebania.hu\/wp-content\/uploads\/2022\/04\/11-1-300x200.jpg 300w, https:\/\/marcali.plebania.hu\/wp-content\/uploads\/2022\/04\/11-1-768x512.jpg 768w, https:\/\/marcali.plebania.hu\/wp-content\/uploads\/2022\/04\/11-1-1536x1024.jpg 1536w, https:\/\/marcali.plebania.hu\/wp-content\/uploads\/2022\/04\/11-1-2048x1365.jpg 2048w, https:\/\/marcali.plebania.hu\/wp-content\/uploads\/2022\/04\/11-1-405x270.jpg 405w\" sizes=\"auto, (max-width: 1024px) 100vw, 1024px\" \/><\/figure><\/li><li class=\"blocks-gallery-item\"><figure><img loading=\"lazy\" decoding=\"async\" width=\"1024\" height=\"683\" src=\"https:\/\/marcali.plebania.hu\/wp-content\/uploads\/2022\/04\/13-1-1024x683.jpg\" alt=\"\" data-id=\"3520\" data-link=\"https:\/\/marcali.plebania.hu\/?attachment_id=3520\" class=\"wp-image-3520\" srcset=\"https:\/\/marcali.plebania.hu\/wp-content\/uploads\/2022\/04\/13-1-1024x683.jpg 1024w, https:\/\/marcali.plebania.hu\/wp-content\/uploads\/2022\/04\/13-1-300x200.jpg 300w, https:\/\/marcali.plebania.hu\/wp-content\/uploads\/2022\/04\/13-1-768x512.jpg 768w, https:\/\/marcali.plebania.hu\/wp-content\/uploads\/2022\/04\/13-1-1536x1024.jpg 1536w, https:\/\/marcali.plebania.hu\/wp-content\/uploads\/2022\/04\/13-1-2048x1365.jpg 2048w, https:\/\/marcali.plebania.hu\/wp-content\/uploads\/2022\/04\/13-1-405x270.jpg 405w\" sizes=\"auto, (max-width: 1024px) 100vw, 1024px\" \/><\/figure><\/li><li class=\"blocks-gallery-item\"><figure><img loading=\"lazy\" decoding=\"async\" width=\"1024\" height=\"683\" src=\"https:\/\/marcali.plebania.hu\/wp-content\/uploads\/2022\/04\/14-2-1024x683.jpg\" alt=\"\" data-id=\"3521\" data-full-url=\"https:\/\/marcali.plebania.hu\/wp-content\/uploads\/2022\/04\/14-2-scaled.jpg\" data-link=\"https:\/\/marcali.plebania.hu\/?attachment_id=3521\" class=\"wp-image-3521\" srcset=\"https:\/\/marcali.plebania.hu\/wp-content\/uploads\/2022\/04\/14-2-1024x683.jpg 1024w, https:\/\/marcali.plebania.hu\/wp-content\/uploads\/2022\/04\/14-2-300x200.jpg 300w, https:\/\/marcali.plebania.hu\/wp-content\/uploads\/2022\/04\/14-2-768x512.jpg 768w, https:\/\/marcali.plebania.hu\/wp-content\/uploads\/2022\/04\/14-2-1536x1024.jpg 1536w, https:\/\/marcali.plebania.hu\/wp-content\/uploads\/2022\/04\/14-2-2048x1365.jpg 2048w, https:\/\/marcali.plebania.hu\/wp-content\/uploads\/2022\/04\/14-2-405x270.jpg 405w\" sizes=\"auto, (max-width: 1024px) 100vw, 1024px\" \/><\/figure><\/li><\/ul><\/figure>\n\n\n\n<p>A Marcali Gy\u00fcm\u00f6lcsolt\u00f3\nBoldogasszony Pl\u00e9b\u00e1niatemplomban a liturgia este 18 \u00f3r\u00e1t\u00f3l a pl\u00e9b\u00e1niatemplomban\nfolytat\u00f3dott tov\u00e1bb. Az olvasm\u00e1nyok is J\u00e9zus szenved\u00e9s\u00e9nek titk\u00e1r\u00f3l sz\u00f3ltak. Els\u0151k\u00e9nt\nIzaj\u00e1s pr\u00f3f\u00e9ta k\u00f6nyv\u00e9b\u0151l (Iz 52,13\u201353,12), majd pedig a Zsid\u00f3khoz (Zsid\n4,14\u201316; 5,7\u20139) \u00edrt lev\u00e9lb\u0151l hangzottak el. Az igeliturgia cs\u00facspontjak\u00e9nt a J\u00e1nos\nevang\u00e9lium Passi\u00f3 t\u00f6rt\u00e9net\u00e9t (Jn 18,1 \u2013 19,42) \u00e9nekelt\u00e9k el az egyh\u00e1zk\u00f6zs\u00e9g\nk\u00f6z\u00f6ss\u00e9geib\u0151l \u00f6ssze\u00e1llt \u00e9nekkar Balogh B\u00e1lint k\u00e1ntor vezet\u00e9s\u00e9vel.<\/p>\n\n\n\n<p>Az egyetemes k\u00f6ny\u00f6rg\u00e9sekben az Egyh\u00e1z mindenki\u00e9rt, az eg\u00e9sz emberis\u00e9g\u00e9rt, l\u00e9lekben a kereszt alatt \u00e1llva im\u00e1dkozik. Sorrendben az Anyaszentegyh\u00e1z\u00e9rt, a p\u00e1p\u00e1\u00e9rt, a paps\u00e1g\u00e9rt, a h\u00edvek\u00e9rt, a kereszts\u00e9gre k\u00e9sz\u00fcl\u0151k\u00e9rt, a kereszt\u00e9nyek egys\u00e9g\u00e9\u00e9rt, az \u00d3sz\u00f6vets\u00e9g n\u00e9p\u00e9\u00e9rt, a zsid\u00f3k\u00e9rt, az Egyh\u00e1zt\u00f3l elszakadtak\u00e9rt, a nem h\u00edv\u0151k\u00e9rt, valamint az orsz\u00e1g, a t\u00e1rsadalom, a vil\u00e1g vezet\u0151i\u00e9rt \u00e9s k\u00fcl\u00f6n\u00f6sen a szenved\u0151k\u00e9rt sz\u00f3ltak ezek a k\u00f6ny\u00f6rg\u00e9sek.<\/p>\n\n\n\n<figure class=\"wp-block-gallery columns-3 is-cropped wp-block-gallery-4 is-layout-flex wp-block-gallery-is-layout-flex\"><ul class=\"blocks-gallery-grid\"><li class=\"blocks-gallery-item\"><figure><img loading=\"lazy\" decoding=\"async\" width=\"1024\" height=\"683\" src=\"https:\/\/marcali.plebania.hu\/wp-content\/uploads\/2022\/04\/15-1-1024x683.jpg\" alt=\"\" data-id=\"3522\" data-full-url=\"https:\/\/marcali.plebania.hu\/wp-content\/uploads\/2022\/04\/15-1-scaled.jpg\" data-link=\"https:\/\/marcali.plebania.hu\/?attachment_id=3522\" class=\"wp-image-3522\" srcset=\"https:\/\/marcali.plebania.hu\/wp-content\/uploads\/2022\/04\/15-1-1024x683.jpg 1024w, https:\/\/marcali.plebania.hu\/wp-content\/uploads\/2022\/04\/15-1-300x200.jpg 300w, https:\/\/marcali.plebania.hu\/wp-content\/uploads\/2022\/04\/15-1-768x512.jpg 768w, https:\/\/marcali.plebania.hu\/wp-content\/uploads\/2022\/04\/15-1-1536x1024.jpg 1536w, https:\/\/marcali.plebania.hu\/wp-content\/uploads\/2022\/04\/15-1-2048x1365.jpg 2048w, https:\/\/marcali.plebania.hu\/wp-content\/uploads\/2022\/04\/15-1-405x270.jpg 405w\" sizes=\"auto, (max-width: 1024px) 100vw, 1024px\" \/><\/figure><\/li><li class=\"blocks-gallery-item\"><figure><img loading=\"lazy\" decoding=\"async\" width=\"1024\" height=\"683\" src=\"https:\/\/marcali.plebania.hu\/wp-content\/uploads\/2022\/04\/16-1-1024x683.jpg\" alt=\"\" data-id=\"3523\" data-full-url=\"https:\/\/marcali.plebania.hu\/wp-content\/uploads\/2022\/04\/16-1-scaled.jpg\" data-link=\"https:\/\/marcali.plebania.hu\/?attachment_id=3523\" class=\"wp-image-3523\" srcset=\"https:\/\/marcali.plebania.hu\/wp-content\/uploads\/2022\/04\/16-1-1024x683.jpg 1024w, https:\/\/marcali.plebania.hu\/wp-content\/uploads\/2022\/04\/16-1-300x200.jpg 300w, https:\/\/marcali.plebania.hu\/wp-content\/uploads\/2022\/04\/16-1-768x512.jpg 768w, https:\/\/marcali.plebania.hu\/wp-content\/uploads\/2022\/04\/16-1-1536x1024.jpg 1536w, https:\/\/marcali.plebania.hu\/wp-content\/uploads\/2022\/04\/16-1-2048x1365.jpg 2048w, https:\/\/marcali.plebania.hu\/wp-content\/uploads\/2022\/04\/16-1-405x270.jpg 405w\" sizes=\"auto, (max-width: 1024px) 100vw, 1024px\" \/><\/figure><\/li><li class=\"blocks-gallery-item\"><figure><img loading=\"lazy\" decoding=\"async\" width=\"1024\" height=\"683\" src=\"https:\/\/marcali.plebania.hu\/wp-content\/uploads\/2022\/04\/17-2-1024x683.jpg\" alt=\"\" data-id=\"3524\" data-full-url=\"https:\/\/marcali.plebania.hu\/wp-content\/uploads\/2022\/04\/17-2-scaled.jpg\" data-link=\"https:\/\/marcali.plebania.hu\/?attachment_id=3524\" class=\"wp-image-3524\" srcset=\"https:\/\/marcali.plebania.hu\/wp-content\/uploads\/2022\/04\/17-2-1024x683.jpg 1024w, https:\/\/marcali.plebania.hu\/wp-content\/uploads\/2022\/04\/17-2-300x200.jpg 300w, https:\/\/marcali.plebania.hu\/wp-content\/uploads\/2022\/04\/17-2-768x512.jpg 768w, https:\/\/marcali.plebania.hu\/wp-content\/uploads\/2022\/04\/17-2-1536x1024.jpg 1536w, https:\/\/marcali.plebania.hu\/wp-content\/uploads\/2022\/04\/17-2-2048x1365.jpg 2048w, https:\/\/marcali.plebania.hu\/wp-content\/uploads\/2022\/04\/17-2-405x270.jpg 405w\" sizes=\"auto, (max-width: 1024px) 100vw, 1024px\" \/><\/figure><\/li><li class=\"blocks-gallery-item\"><figure><img loading=\"lazy\" decoding=\"async\" width=\"1024\" height=\"683\" src=\"https:\/\/marcali.plebania.hu\/wp-content\/uploads\/2022\/04\/18-1-1024x683.jpg\" alt=\"\" data-id=\"3525\" data-full-url=\"https:\/\/marcali.plebania.hu\/wp-content\/uploads\/2022\/04\/18-1-scaled.jpg\" data-link=\"https:\/\/marcali.plebania.hu\/?attachment_id=3525\" class=\"wp-image-3525\" srcset=\"https:\/\/marcali.plebania.hu\/wp-content\/uploads\/2022\/04\/18-1-1024x683.jpg 1024w, https:\/\/marcali.plebania.hu\/wp-content\/uploads\/2022\/04\/18-1-300x200.jpg 300w, https:\/\/marcali.plebania.hu\/wp-content\/uploads\/2022\/04\/18-1-768x512.jpg 768w, https:\/\/marcali.plebania.hu\/wp-content\/uploads\/2022\/04\/18-1-1536x1024.jpg 1536w, https:\/\/marcali.plebania.hu\/wp-content\/uploads\/2022\/04\/18-1-2048x1365.jpg 2048w, https:\/\/marcali.plebania.hu\/wp-content\/uploads\/2022\/04\/18-1-405x270.jpg 405w\" sizes=\"auto, (max-width: 1024px) 100vw, 1024px\" \/><\/figure><\/li><\/ul><\/figure>\n\n\n\n<p>A szertart\u00e1s ezut\u00e1n a\nkereszth\u00f3dolattal (adoratio crucis) folytat\u00f3dott. \u201eEnnek hagyom\u00e1nya\nJeruzs\u00e1lemb\u0151l sz\u00e1rmazik, amikor is Szent Ilona megtal\u00e1lta a szent keresztf\u00e1t.\nEz a h\u00f3dolat a 7. sz\u00e1zadt\u00f3l R\u00f3m\u00e1ban \u00fcnnep\u00e9lyesebb form\u00e1t \u00f6lt\u00f6tt \u00e9s a szent\nh\u00e1rom nap liturgi\u00e1j\u00e1nak r\u00e9sz\u00e9v\u00e9 v\u00e1lt.\u201d<\/p>\n\n\n\n<p>Miut\u00e1n ez az egyetlen napja az egyh\u00e1zi \u00e9vnek, amikor nincs \u00e1tv\u00e1ltoztat\u00e1s, a Miaty\u00e1nk \u00e9s az Isten B\u00e1r\u00e1nya elmond\u00e1sa ut\u00e1n a h\u00edvek \u00e1ldoz\u00e1shoz j\u00e1rulhattak. A csendess\u00e9g napja ez, \u00edgy a z\u00e1r\u00f3k\u00f6ny\u00f6rg\u00e9s elmond\u00e1sa ut\u00e1n a liturgia befejezt\u00e9vel Iv\u00e1n atya \u00e9s a ministr\u00e1nsok teljes csendben t\u00e1voztak a templomb\u00f3l.<\/p>\n\n\n\n<figure class=\"wp-block-gallery columns-3 is-cropped wp-block-gallery-5 is-layout-flex wp-block-gallery-is-layout-flex\"><ul class=\"blocks-gallery-grid\"><li class=\"blocks-gallery-item\"><figure><img loading=\"lazy\" decoding=\"async\" width=\"1024\" height=\"683\" src=\"https:\/\/marcali.plebania.hu\/wp-content\/uploads\/2022\/04\/19-1-1024x683.jpg\" alt=\"\" data-id=\"3526\" data-link=\"https:\/\/marcali.plebania.hu\/?attachment_id=3526\" class=\"wp-image-3526\" srcset=\"https:\/\/marcali.plebania.hu\/wp-content\/uploads\/2022\/04\/19-1-1024x683.jpg 1024w, https:\/\/marcali.plebania.hu\/wp-content\/uploads\/2022\/04\/19-1-300x200.jpg 300w, https:\/\/marcali.plebania.hu\/wp-content\/uploads\/2022\/04\/19-1-768x512.jpg 768w, https:\/\/marcali.plebania.hu\/wp-content\/uploads\/2022\/04\/19-1-1536x1024.jpg 1536w, https:\/\/marcali.plebania.hu\/wp-content\/uploads\/2022\/04\/19-1-2048x1365.jpg 2048w, https:\/\/marcali.plebania.hu\/wp-content\/uploads\/2022\/04\/19-1-405x270.jpg 405w\" sizes=\"auto, (max-width: 1024px) 100vw, 1024px\" \/><\/figure><\/li><li class=\"blocks-gallery-item\"><figure><img loading=\"lazy\" decoding=\"async\" width=\"1024\" height=\"683\" src=\"https:\/\/marcali.plebania.hu\/wp-content\/uploads\/2022\/04\/20-2-1024x683.jpg\" alt=\"\" data-id=\"3527\" data-link=\"https:\/\/marcali.plebania.hu\/?attachment_id=3527\" class=\"wp-image-3527\" srcset=\"https:\/\/marcali.plebania.hu\/wp-content\/uploads\/2022\/04\/20-2-1024x683.jpg 1024w, https:\/\/marcali.plebania.hu\/wp-content\/uploads\/2022\/04\/20-2-300x200.jpg 300w, https:\/\/marcali.plebania.hu\/wp-content\/uploads\/2022\/04\/20-2-768x512.jpg 768w, https:\/\/marcali.plebania.hu\/wp-content\/uploads\/2022\/04\/20-2-1536x1024.jpg 1536w, https:\/\/marcali.plebania.hu\/wp-content\/uploads\/2022\/04\/20-2-2048x1365.jpg 2048w, https:\/\/marcali.plebania.hu\/wp-content\/uploads\/2022\/04\/20-2-405x270.jpg 405w\" sizes=\"auto, (max-width: 1024px) 100vw, 1024px\" \/><\/figure><\/li><li class=\"blocks-gallery-item\"><figure><img loading=\"lazy\" decoding=\"async\" width=\"1024\" height=\"683\" src=\"https:\/\/marcali.plebania.hu\/wp-content\/uploads\/2022\/04\/21-1-1024x683.jpg\" alt=\"\" data-id=\"3528\" data-link=\"https:\/\/marcali.plebania.hu\/?attachment_id=3528\" class=\"wp-image-3528\" srcset=\"https:\/\/marcali.plebania.hu\/wp-content\/uploads\/2022\/04\/21-1-1024x683.jpg 1024w, https:\/\/marcali.plebania.hu\/wp-content\/uploads\/2022\/04\/21-1-300x200.jpg 300w, https:\/\/marcali.plebania.hu\/wp-content\/uploads\/2022\/04\/21-1-768x512.jpg 768w, https:\/\/marcali.plebania.hu\/wp-content\/uploads\/2022\/04\/21-1-1536x1024.jpg 1536w, https:\/\/marcali.plebania.hu\/wp-content\/uploads\/2022\/04\/21-1-2048x1365.jpg 2048w, https:\/\/marcali.plebania.hu\/wp-content\/uploads\/2022\/04\/21-1-405x270.jpg 405w\" sizes=\"auto, (max-width: 1024px) 100vw, 1024px\" \/><\/figure><\/li><li class=\"blocks-gallery-item\"><figure><img loading=\"lazy\" decoding=\"async\" width=\"1024\" height=\"683\" src=\"https:\/\/marcali.plebania.hu\/wp-content\/uploads\/2022\/04\/24-1-1024x683.jpg\" alt=\"\" data-id=\"3529\" data-full-url=\"https:\/\/marcali.plebania.hu\/wp-content\/uploads\/2022\/04\/24-1-scaled.jpg\" data-link=\"https:\/\/marcali.plebania.hu\/?attachment_id=3529\" class=\"wp-image-3529\" srcset=\"https:\/\/marcali.plebania.hu\/wp-content\/uploads\/2022\/04\/24-1-1024x683.jpg 1024w, https:\/\/marcali.plebania.hu\/wp-content\/uploads\/2022\/04\/24-1-300x200.jpg 300w, https:\/\/marcali.plebania.hu\/wp-content\/uploads\/2022\/04\/24-1-768x512.jpg 768w, https:\/\/marcali.plebania.hu\/wp-content\/uploads\/2022\/04\/24-1-1536x1024.jpg 1536w, https:\/\/marcali.plebania.hu\/wp-content\/uploads\/2022\/04\/24-1-2048x1365.jpg 2048w, https:\/\/marcali.plebania.hu\/wp-content\/uploads\/2022\/04\/24-1-405x270.jpg 405w\" sizes=\"auto, (max-width: 1024px) 100vw, 1024px\" \/><\/figure><\/li><\/ul><\/figure>\n","protected":false},"excerpt":{"rendered":"<p>2022. \u00e1prilis 15-\u00e9n, Nagyp\u00e9nteken 15 \u00f3rakor a Marcali K\u00f6zponti Temet\u0151 K\u00e1lv\u00e1ri\u00e1j\u00e1n\u00e1l Kiss Iv\u00e1n c. pr\u00e9post vezette a keresztutat, melyet a Marcali R\u00f3mai Katolikus Egyh\u00e1zk\u00f6zs\u00e9g tagjai \u2013 k\u00f6zt\u00fck id\u0151sek \u00e9s fiatalok \u2013 v\u00e9geztek, hogy felid\u00e9zz\u00e9k J\u00e9zus szenved\u00e9st\u00f6rt\u00e9net\u00e9t, kereszthal\u00e1l\u00e1t \u00e9s s\u00edrba t\u00e9tel\u00e9t. A Magyar Katolikus P\u00fcsp\u00f6ki Konferencia (MKPK) sajt\u00f3nyilatkozata szerint: \u201eA kereszt\u00fat seg\u00edt meg\u00e9rten\u00fcnk a t\u00f6rt\u00e9nelem dr\u00e1m\u00e1j\u00e1t, de benn\u00fcnket, h\u00edv\u0151ket biztos\u00edt arr\u00f3l, hogy nem a hal\u00e1l\u00e9 az utols\u00f3 sz\u00f3, hiszen a nagyp\u00e9nteket k\u00f6veti a felt\u00e1mad\u00e1s, a j\u00f3 gy\u0151zedelmeskedik a gonosz felett, a&#8230;<\/p>\n<p class=\"read-more\"><a class=\"btn btn-default\" href=\"https:\/\/marcali.plebania.hu\/?p=3507\"> Read More<span class=\"screen-reader-text\">  Read More<\/span><\/a><\/p>\n","protected":false},"author":2,"featured_media":0,"comment_status":"closed","ping_status":"open","sticky":false,"template":"","format":"standard","meta":{"footnotes":""},"categories":[1],"tags":[],"class_list":["post-3507","post","type-post","status-publish","format-standard","hentry","category-egyeb"],"_links":{"self":[{"href":"https:\/\/marcali.plebania.hu\/index.php?rest_route=\/wp\/v2\/posts\/3507","targetHints":{"allow":["GET"]}}],"collection":[{"href":"https:\/\/marcali.plebania.hu\/index.php?rest_route=\/wp\/v2\/posts"}],"about":[{"href":"https:\/\/marcali.plebania.hu\/index.php?rest_route=\/wp\/v2\/types\/post"}],"author":[{"embeddable":true,"href":"https:\/\/marcali.plebania.hu\/index.php?rest_route=\/wp\/v2\/users\/2"}],"replies":[{"embeddable":true,"href":"https:\/\/marcali.plebania.hu\/index.php?rest_route=%2Fwp%2Fv2%2Fcomments&post=3507"}],"version-history":[{"count":1,"href":"https:\/\/marcali.plebania.hu\/index.php?rest_route=\/wp\/v2\/posts\/3507\/revisions"}],"predecessor-version":[{"id":3530,"href":"https:\/\/marcali.plebania.hu\/index.php?rest_route=\/wp\/v2\/posts\/3507\/revisions\/3530"}],"wp:attachment":[{"href":"https:\/\/marcali.plebania.hu\/index.php?rest_route=%2Fwp%2Fv2%2Fmedia&parent=3507"}],"wp:term":[{"taxonomy":"category","embeddable":true,"href":"https:\/\/marcali.plebania.hu\/index.php?rest_route=%2Fwp%2Fv2%2Fcategories&post=3507"},{"taxonomy":"post_tag","embeddable":true,"href":"https:\/\/marcali.plebania.hu\/index.php?rest_route=%2Fwp%2Fv2%2Ftags&post=3507"}],"curies":[{"name":"wp","href":"https:\/\/api.w.org\/{rel}","templated":true}]}}