{"id":354,"date":"2018-09-14T07:42:02","date_gmt":"2018-09-14T07:42:02","guid":{"rendered":"https:\/\/marcali.plebania.hu\/?p=354"},"modified":"2018-09-14T07:42:02","modified_gmt":"2018-09-14T07:42:02","slug":"tisztsegviselo-valasztas-a-kereszteny-ertelmisegiek-szovetsege-marcali-csoportjanal","status":"publish","type":"post","link":"https:\/\/marcali.plebania.hu\/?p=354","title":{"rendered":"Tiszts\u00e9gvisel\u0151 v\u00e1laszt\u00e1s a Kereszt\u00e9ny \u00c9rtelmis\u00e9giek Sz\u00f6vets\u00e9ge Marcali Csoportj\u00e1n\u00e1l"},"content":{"rendered":"<p>2018. szeptember 11-\u00e9n, kedden 17 \u00f3rakor az X-h\u00e1z (D\u00f3zsa Gy. u. 3.) nagyterm\u00e9ben tiszt\u00faj\u00edt\u00f3 taggy\u0171l\u00e9st tartott a Kereszt\u00e9ny \u00c9rtelmis\u00e9giek Sz\u00f6vets\u00e9ge (K\u00c9SZ) Marcali Csoportja. A v\u00e1laszt\u00e1sra az\u00e9rt volt sz\u00fcks\u00e9g, mert a helyi csoport tiszts\u00e9gvisel\u0151inek a mand\u00e1tuma lej\u00e1rt.<\/p>\n<p>A K\u00c9SZ alapszab\u00e1ly\u00e1ban meghat\u00e1rozott el\u0151\u00edr\u00e1sok szerint el\u0151sz\u00f6r egy h\u00e1romtag\u00fa Jel\u00f6l\u0151 \u00e9s Szavazatsz\u00e1ml\u00e1l\u00f3 Bizotts\u00e1got v\u00e1lasztottak Gelencs\u00e9r R\u00f3bert eln\u00f6klet\u00e9vel. Majd ezut\u00e1n a jelenl\u00e9v\u0151 tagok egyhang\u00fa szavazata alapj\u00e1n \u00fajabb \u00f6t \u00e9vre megv\u00e1lasztott\u00e1k dr. Laczkovics Ann\u00e1t eln\u00f6knek, Kiss K\u00e1lm\u00e1nt titk\u00e1rnak, Hossz\u00fa Zolt\u00e1nn\u00e9t p\u00e9nzt\u00e1rosnak, valamint G\u00e1ln\u00e9 V\u00e9gh Editet p\u00f3tk\u00fcld\u00f6ttnek. (K\u00fcld\u00f6ttet csak az 50 f\u0151s tagl\u00e9tsz\u00e1mot meghalad\u00f3 csoportok v\u00e1laszthatnak. A K\u00c9SZ Marcali Csoportja jelenleg 38 f\u0151t sz\u00e1ml\u00e1l.)<\/p>\n<p>A gy\u0171l\u00e9s tov\u00e1bbi r\u00e9szben a napirendi pontokban meghat\u00e1rozottakr\u00f3l esett sz\u00f3. A titk\u00e1r besz\u00e1molt a 2017-es \u00e9v megval\u00f3sult programjair\u00f3l, illetve kit\u00e9rt a 2018-as rendezv\u00e9nyekre is. Ezt k\u00f6vet\u0151en ismertette a 2017-es \u00e9v sz\u00e1mad\u00e1s\u00e1t, illetve a tagd\u00edjak alakul\u00e1s\u00e1t. Majd az eln\u00f6k asszony v\u00e1zolta a tov\u00e1bbi program terveket. Ezen k\u00edv\u00fcl besz\u00e9lt az \u0151szre tervezett zar\u00e1ndok\u00fatr\u00f3l is, melyet a csoport saj\u00e1t k\u00f6lts\u00e9gvet\u00e9s\u00e9b\u0151l fog finansz\u00edrozni, mivel az idei esztend\u0151ben a K\u00c9SZ k\u00f6zpont nem \u00edrt ki p\u00e1ly\u00e1zatot. A tags\u00e1g v\u00e9g\u00fcl megszavazta a sz\u00e9kesfeh\u00e9rv\u00e1ri \u00fati c\u00e9lt.<\/p>\n<p>A j\u00f6v\u0151beli tervek k\u00f6z\u00f6tt szerepel gr\u00f3f Zichy L\u00e1szl\u00f3 pszichol\u00f3gus megh\u00edv\u00e1sa is, akivel m\u00e1r siker\u00fclt felvenni a kapcsolatot \u00e9s okt\u00f3ber elej\u00e9re \u00edg\u00e9rte egy el\u0151ad\u00e1s megtart\u00e1s\u00e1t Marcaliban.<\/p>\n<p>&nbsp;<\/p>\n","protected":false},"excerpt":{"rendered":"<p>2018. szeptember 11-\u00e9n, kedden 17 \u00f3rakor az X-h\u00e1z (D\u00f3zsa Gy. u. 3.) nagyterm\u00e9ben tiszt\u00faj\u00edt\u00f3 taggy\u0171l\u00e9st tartott a Kereszt\u00e9ny \u00c9rtelmis\u00e9giek Sz\u00f6vets\u00e9ge (K\u00c9SZ) Marcali Csoportja. A v\u00e1laszt\u00e1sra az\u00e9rt volt sz\u00fcks\u00e9g, mert a helyi csoport tiszts\u00e9gvisel\u0151inek a mand\u00e1tuma lej\u00e1rt. A K\u00c9SZ alapszab\u00e1ly\u00e1ban meghat\u00e1rozott el\u0151\u00edr\u00e1sok szerint el\u0151sz\u00f6r egy h\u00e1romtag\u00fa Jel\u00f6l\u0151 \u00e9s Szavazatsz\u00e1ml\u00e1l\u00f3 Bizotts\u00e1got v\u00e1lasztottak Gelencs\u00e9r R\u00f3bert eln\u00f6klet\u00e9vel. Majd ezut\u00e1n a jelenl\u00e9v\u0151 tagok egyhang\u00fa szavazata alapj\u00e1n \u00fajabb \u00f6t \u00e9vre megv\u00e1lasztott\u00e1k dr. Laczkovics Ann\u00e1t eln\u00f6knek, Kiss K\u00e1lm\u00e1nt titk\u00e1rnak, Hossz\u00fa Zolt\u00e1nn\u00e9t p\u00e9nzt\u00e1rosnak, valamint G\u00e1ln\u00e9 V\u00e9gh Editet p\u00f3tk\u00fcld\u00f6ttnek&#8230;.<\/p>\n<p class=\"read-more\"><a class=\"btn btn-default\" href=\"https:\/\/marcali.plebania.hu\/?p=354\"> Read More<span class=\"screen-reader-text\">  Read More<\/span><\/a><\/p>\n","protected":false},"author":2,"featured_media":0,"comment_status":"closed","ping_status":"open","sticky":false,"template":"","format":"standard","meta":{"footnotes":""},"categories":[1],"tags":[],"class_list":["post-354","post","type-post","status-publish","format-standard","hentry","category-egyeb"],"_links":{"self":[{"href":"https:\/\/marcali.plebania.hu\/index.php?rest_route=\/wp\/v2\/posts\/354","targetHints":{"allow":["GET"]}}],"collection":[{"href":"https:\/\/marcali.plebania.hu\/index.php?rest_route=\/wp\/v2\/posts"}],"about":[{"href":"https:\/\/marcali.plebania.hu\/index.php?rest_route=\/wp\/v2\/types\/post"}],"author":[{"embeddable":true,"href":"https:\/\/marcali.plebania.hu\/index.php?rest_route=\/wp\/v2\/users\/2"}],"replies":[{"embeddable":true,"href":"https:\/\/marcali.plebania.hu\/index.php?rest_route=%2Fwp%2Fv2%2Fcomments&post=354"}],"version-history":[{"count":1,"href":"https:\/\/marcali.plebania.hu\/index.php?rest_route=\/wp\/v2\/posts\/354\/revisions"}],"predecessor-version":[{"id":355,"href":"https:\/\/marcali.plebania.hu\/index.php?rest_route=\/wp\/v2\/posts\/354\/revisions\/355"}],"wp:attachment":[{"href":"https:\/\/marcali.plebania.hu\/index.php?rest_route=%2Fwp%2Fv2%2Fmedia&parent=354"}],"wp:term":[{"taxonomy":"category","embeddable":true,"href":"https:\/\/marcali.plebania.hu\/index.php?rest_route=%2Fwp%2Fv2%2Fcategories&post=354"},{"taxonomy":"post_tag","embeddable":true,"href":"https:\/\/marcali.plebania.hu\/index.php?rest_route=%2Fwp%2Fv2%2Ftags&post=354"}],"curies":[{"name":"wp","href":"https:\/\/api.w.org\/{rel}","templated":true}]}}