{"id":356,"date":"2018-09-14T08:44:05","date_gmt":"2018-09-14T08:44:05","guid":{"rendered":"https:\/\/marcali.plebania.hu\/?p=356"},"modified":"2018-09-14T08:44:05","modified_gmt":"2018-09-14T08:44:05","slug":"hirdetesek-2018-09-16","status":"publish","type":"post","link":"https:\/\/marcali.plebania.hu\/?p=356","title":{"rendered":"Hirdet\u00e9sek, 2018. 09. 16."},"content":{"rendered":"<ol>\n<li>Ma van az \u00e9vk\u00f6zi 24. vas\u00e1rnap.<\/li>\n<li>Hittanos gyermekeink r\u00e9sz\u00e9re az Egyh\u00e1zmegye rajz- \u00e9s fot\u00f3p\u00e1ly\u00e1zatot \u00edrt ki, melynek t\u00e9m\u00e1ja az Olt\u00e1riszents\u00e9g. R\u00e9szletes t\u00e1j\u00e9koztat\u00e1st a hitoktat\u00f3kt\u00f3l lehet kapni. Bead\u00e1si hat\u00e1rid\u0151 szeptember 28.<\/li>\n<li>A j\u00f6v\u0151 h\u00e9ten keddt\u0151l kezdve este 18 \u00f3rakor h\u00e9tk\u00f6znapi szentmis\u00e9k, p\u00e9nteken 17.30-kor szents\u00e9gim\u00e1d\u00e1s.<\/li>\n<li>A K\u00c9SZ Marcali Csoportja okt\u00f3ber 20-\u00e1n tervezi zar\u00e1ndoklat\u00e1t Sz\u00e9kesfeh\u00e9rv\u00e1rra, a szakr\u00e1lis \u00e9rt\u00e9kek megtekint\u00e9s\u00e9re. A buszk\u00f6lts\u00e9g a K\u00c9SZ-tagoknak ingyenes lesz. Az \u00fatra a h\u00edvek is jelentkezhetnek \u00fatik\u00f6lts\u00e9g t\u00e9r\u00edt\u00e9s ellen\u00e9ben. Jelentkezni a pl\u00e9b\u00e1ni\u00e1n lehet.<\/li>\n<li>Akinek nem jutott \u00daj Ember \u00fajs\u00e1g \u00e9s szeretn\u00e9 el\u0151fizetni, k\u00e9rem jelezze a pl\u00e9b\u00e1ni\u00e1n, hogy meg tudjuk rendelni.<\/li>\n<\/ol>\n","protected":false},"excerpt":{"rendered":"<p>Ma van az \u00e9vk\u00f6zi 24. vas\u00e1rnap. Hittanos gyermekeink r\u00e9sz\u00e9re az Egyh\u00e1zmegye rajz- \u00e9s fot\u00f3p\u00e1ly\u00e1zatot \u00edrt ki, melynek t\u00e9m\u00e1ja az Olt\u00e1riszents\u00e9g. R\u00e9szletes t\u00e1j\u00e9koztat\u00e1st a hitoktat\u00f3kt\u00f3l lehet kapni. Bead\u00e1si hat\u00e1rid\u0151 szeptember 28. A j\u00f6v\u0151 h\u00e9ten keddt\u0151l kezdve este 18 \u00f3rakor h\u00e9tk\u00f6znapi szentmis\u00e9k, p\u00e9nteken 17.30-kor szents\u00e9gim\u00e1d\u00e1s. A K\u00c9SZ Marcali Csoportja okt\u00f3ber 20-\u00e1n tervezi zar\u00e1ndoklat\u00e1t Sz\u00e9kesfeh\u00e9rv\u00e1rra, a szakr\u00e1lis \u00e9rt\u00e9kek megtekint\u00e9s\u00e9re. A buszk\u00f6lts\u00e9g a K\u00c9SZ-tagoknak ingyenes lesz. Az \u00fatra a h\u00edvek is jelentkezhetnek \u00fatik\u00f6lts\u00e9g t\u00e9r\u00edt\u00e9s ellen\u00e9ben. Jelentkezni a pl\u00e9b\u00e1ni\u00e1n lehet. Akinek nem jutott \u00daj Ember&#8230;<\/p>\n<p class=\"read-more\"><a class=\"btn btn-default\" href=\"https:\/\/marcali.plebania.hu\/?p=356\"> Read More<span class=\"screen-reader-text\">  Read More<\/span><\/a><\/p>\n","protected":false},"author":2,"featured_media":0,"comment_status":"closed","ping_status":"open","sticky":false,"template":"","format":"standard","meta":{"footnotes":""},"categories":[1],"tags":[],"class_list":["post-356","post","type-post","status-publish","format-standard","hentry","category-egyeb"],"_links":{"self":[{"href":"https:\/\/marcali.plebania.hu\/index.php?rest_route=\/wp\/v2\/posts\/356","targetHints":{"allow":["GET"]}}],"collection":[{"href":"https:\/\/marcali.plebania.hu\/index.php?rest_route=\/wp\/v2\/posts"}],"about":[{"href":"https:\/\/marcali.plebania.hu\/index.php?rest_route=\/wp\/v2\/types\/post"}],"author":[{"embeddable":true,"href":"https:\/\/marcali.plebania.hu\/index.php?rest_route=\/wp\/v2\/users\/2"}],"replies":[{"embeddable":true,"href":"https:\/\/marcali.plebania.hu\/index.php?rest_route=%2Fwp%2Fv2%2Fcomments&post=356"}],"version-history":[{"count":1,"href":"https:\/\/marcali.plebania.hu\/index.php?rest_route=\/wp\/v2\/posts\/356\/revisions"}],"predecessor-version":[{"id":357,"href":"https:\/\/marcali.plebania.hu\/index.php?rest_route=\/wp\/v2\/posts\/356\/revisions\/357"}],"wp:attachment":[{"href":"https:\/\/marcali.plebania.hu\/index.php?rest_route=%2Fwp%2Fv2%2Fmedia&parent=356"}],"wp:term":[{"taxonomy":"category","embeddable":true,"href":"https:\/\/marcali.plebania.hu\/index.php?rest_route=%2Fwp%2Fv2%2Fcategories&post=356"},{"taxonomy":"post_tag","embeddable":true,"href":"https:\/\/marcali.plebania.hu\/index.php?rest_route=%2Fwp%2Fv2%2Ftags&post=356"}],"curies":[{"name":"wp","href":"https:\/\/api.w.org\/{rel}","templated":true}]}}