{"id":3573,"date":"2022-04-22T07:49:19","date_gmt":"2022-04-22T07:49:19","guid":{"rendered":"https:\/\/marcali.plebania.hu\/?p=3573"},"modified":"2022-04-22T07:49:19","modified_gmt":"2022-04-22T07:49:19","slug":"hirdetesek-2022-04-24","status":"publish","type":"post","link":"https:\/\/marcali.plebania.hu\/?p=3573","title":{"rendered":"Hirdet\u00e9sek, 2022. 04. 24."},"content":{"rendered":"\n<ol class=\"wp-block-list\"><li>Ma\nH\u00fasv\u00e9t 2. vas\u00e1rnapj\u00e1n, az Isteni Irgalmass\u00e1got \u00fcnnepelj\u00fck.<\/li><li>A\nj\u00f6v\u0151 h\u00e9ten, kedden 17 \u00f3rakor a b\u00e9rm\u00e1l\u00e1sra k\u00e9sz\u00fcl\u0151 gyermekek sz\u00fcleinek lesz\nsz\u00fcl\u0151i \u00e9rtekezlet az X-h\u00e1zban.<\/li><li>P\u00e9nteken\n17.30-kor szents\u00e9gim\u00e1d\u00e1s, alatta az \u00d6r\u00f6m \u00fatj\u00e1t im\u00e1dkozzuk, 18 \u00f3rakor szentmise.<\/li><li>A\nMarcali Katolikus \u00dajs\u00e1g h\u00fasv\u00e9t sz\u00e1m\u00e1ban a pl\u00e9b\u00e1nia t\u00f6rt\u00e9net\u00e9b\u0151l, a 300 \u00e9ves\n\u00e9vfordul\u00f3hoz kapcsol\u00f3d\u00f3an nyerem\u00e9nyj\u00e1t\u00e9k van 13+1 k\u00e9rd\u00e9ssel. A megfejt\u00e9seket\nm\u00e1jus 1-ig k\u00e9rj\u00fck eljuttatni a pl\u00e9b\u00e1nia postal\u00e1d\u00e1j\u00e1ba, vagy e-mailben (<a href=\"mailto:marcaliplebania@gmail.com\">marcaliplebania@gmail.com<\/a>) c\u00edmre:\nn\u00e9vvel, c\u00edmmel \u00e9s telefonsz\u00e1mmal. A nyertesek k\u00f6z\u00f6tt \u00e9rt\u00e9kes k\u00f6nyvjutalmat\nosztunk ki.<\/li><\/ol>\n","protected":false},"excerpt":{"rendered":"<p>Ma H\u00fasv\u00e9t 2. vas\u00e1rnapj\u00e1n, az Isteni Irgalmass\u00e1got \u00fcnnepelj\u00fck. A j\u00f6v\u0151 h\u00e9ten, kedden 17 \u00f3rakor a b\u00e9rm\u00e1l\u00e1sra k\u00e9sz\u00fcl\u0151 gyermekek sz\u00fcleinek lesz sz\u00fcl\u0151i \u00e9rtekezlet az X-h\u00e1zban. P\u00e9nteken 17.30-kor szents\u00e9gim\u00e1d\u00e1s, alatta az \u00d6r\u00f6m \u00fatj\u00e1t im\u00e1dkozzuk, 18 \u00f3rakor szentmise. A Marcali Katolikus \u00dajs\u00e1g h\u00fasv\u00e9t sz\u00e1m\u00e1ban a pl\u00e9b\u00e1nia t\u00f6rt\u00e9net\u00e9b\u0151l, a 300 \u00e9ves \u00e9vfordul\u00f3hoz kapcsol\u00f3d\u00f3an nyerem\u00e9nyj\u00e1t\u00e9k van 13+1 k\u00e9rd\u00e9ssel. A megfejt\u00e9seket m\u00e1jus 1-ig k\u00e9rj\u00fck eljuttatni a pl\u00e9b\u00e1nia postal\u00e1d\u00e1j\u00e1ba, vagy e-mailben (marcaliplebania@gmail.com) c\u00edmre: n\u00e9vvel, c\u00edmmel \u00e9s telefonsz\u00e1mmal. A nyertesek k\u00f6z\u00f6tt \u00e9rt\u00e9kes k\u00f6nyvjutalmat osztunk ki.<\/p>\n","protected":false},"author":2,"featured_media":0,"comment_status":"closed","ping_status":"open","sticky":false,"template":"","format":"standard","meta":{"footnotes":""},"categories":[1],"tags":[],"class_list":["post-3573","post","type-post","status-publish","format-standard","hentry","category-egyeb"],"_links":{"self":[{"href":"https:\/\/marcali.plebania.hu\/index.php?rest_route=\/wp\/v2\/posts\/3573","targetHints":{"allow":["GET"]}}],"collection":[{"href":"https:\/\/marcali.plebania.hu\/index.php?rest_route=\/wp\/v2\/posts"}],"about":[{"href":"https:\/\/marcali.plebania.hu\/index.php?rest_route=\/wp\/v2\/types\/post"}],"author":[{"embeddable":true,"href":"https:\/\/marcali.plebania.hu\/index.php?rest_route=\/wp\/v2\/users\/2"}],"replies":[{"embeddable":true,"href":"https:\/\/marcali.plebania.hu\/index.php?rest_route=%2Fwp%2Fv2%2Fcomments&post=3573"}],"version-history":[{"count":1,"href":"https:\/\/marcali.plebania.hu\/index.php?rest_route=\/wp\/v2\/posts\/3573\/revisions"}],"predecessor-version":[{"id":3574,"href":"https:\/\/marcali.plebania.hu\/index.php?rest_route=\/wp\/v2\/posts\/3573\/revisions\/3574"}],"wp:attachment":[{"href":"https:\/\/marcali.plebania.hu\/index.php?rest_route=%2Fwp%2Fv2%2Fmedia&parent=3573"}],"wp:term":[{"taxonomy":"category","embeddable":true,"href":"https:\/\/marcali.plebania.hu\/index.php?rest_route=%2Fwp%2Fv2%2Fcategories&post=3573"},{"taxonomy":"post_tag","embeddable":true,"href":"https:\/\/marcali.plebania.hu\/index.php?rest_route=%2Fwp%2Fv2%2Ftags&post=3573"}],"curies":[{"name":"wp","href":"https:\/\/api.w.org\/{rel}","templated":true}]}}