{"id":3578,"date":"2022-05-06T07:22:10","date_gmt":"2022-05-06T07:22:10","guid":{"rendered":"https:\/\/marcali.plebania.hu\/?p=3578"},"modified":"2022-05-06T08:40:36","modified_gmt":"2022-05-06T08:40:36","slug":"hirdetesek-2022-05-08","status":"publish","type":"post","link":"https:\/\/marcali.plebania.hu\/?p=3578","title":{"rendered":"Hirdet\u00e9sek, 2022. 05. 08."},"content":{"rendered":"\n<ol class=\"wp-block-list\"><li>Ma van H\u00fasv\u00e9t 4. vas\u00e1rnapja, a J\u00f3 P\u00e1sztor vas\u00e1rnapja.<\/li><li>A j\u00f6v\u0151 h\u00e9ten, p\u00e9nteken 17.00-kor fatimai ima\u00f3r\u00e1t v\u00e9gezz\u00fck, majd 18 \u00f3rakor szentmise.<\/li><li>Az idei \u00e9vben az els\u0151 szent\u00e1ldoz\u00e1s m\u00e1jus 22-\u00e9n, vas\u00e1rnap 10 \u00f3rakor a pl\u00e9b\u00e1niatemplomban lesz. Az els\u0151\u00e1ldoz\u00f3k, els\u0151 szentgy\u00f3n\u00e1sa m\u00e1jus 13-\u00e1n, 14 \u00f3rakor a pl\u00e9b\u00e1niatemplomban, f\u0151pr\u00f3b\u00e1ja m\u00e1jus 20-\u00e1n 14 \u00f3rakor a pl\u00e9b\u00e1niatemplomban.<\/li><li>A b\u00e9rm\u00e1l\u00e1s m\u00e1jus 29-\u00e9n 10.30-kor a pl\u00e9b\u00e1niatemplomban, melynek f\u0151pr\u00f3b\u00e1ja \u00e9s gy\u00f3ntat\u00e1sa el\u0151tte p\u00e9nteken 16 \u00f3rakor kezd\u0151dik a pl\u00e9b\u00e1niatemplomban. Ide v\u00e1rjuk a b\u00e9rmasz\u00fcl\u0151ket \u00e9s a sz\u00fcl\u0151ket is a gy\u00f3n\u00e1sra. <\/li><li>M\u00e1jus a Sz\u0171z Anya h\u00f3napja, keddt\u0151l szombatig a 18 \u00f3r\u00e1s szentmise el\u0151tt m\u00e1jusi lit\u00e1nia.<\/li><li>A Marcali Katolikus \u00dajs\u00e1g h\u00fasv\u00e9ti sz\u00e1m\u00e1ban a pl\u00e9b\u00e1nia t\u00f6rt\u00e9net\u00e9b\u0151l, a 300 \u00e9ves \u00e9vfordul\u00f3hoz kapcsol\u00f3d\u00f3an nyerem\u00e9nyj\u00e1t\u00e9k van 13+1 k\u00e9rd\u00e9ssel. A megfejt\u00e9seket m\u00e1jus 15-ig k\u00e9rj\u00fck eljuttatni a pl\u00e9b\u00e1nia postal\u00e1d\u00e1j\u00e1ba, vagy e-mailben (<a href=\"mailto:marcaliplebania@gmail.com\">marcaliplebania@gmail.com<\/a>) c\u00edmre: n\u00e9vvel, c\u00edmmel \u00e9s telefonsz\u00e1mmal. A nyertesek k\u00f6z\u00f6tt \u00e9rt\u00e9kes k\u00f6nyvjutalmat osztunk ki. A szentmise ut\u00e1n a templomatya a templomajt\u00f3ban osztja a k\u00e9rd\u0151\u00edveket.<\/li><\/ol>\n","protected":false},"excerpt":{"rendered":"<p>Ma van H\u00fasv\u00e9t 4. vas\u00e1rnapja, a J\u00f3 P\u00e1sztor vas\u00e1rnapja. A j\u00f6v\u0151 h\u00e9ten, p\u00e9nteken 17.00-kor fatimai ima\u00f3r\u00e1t v\u00e9gezz\u00fck, majd 18 \u00f3rakor szentmise. Az idei \u00e9vben az els\u0151 szent\u00e1ldoz\u00e1s m\u00e1jus 22-\u00e9n, vas\u00e1rnap 10 \u00f3rakor a pl\u00e9b\u00e1niatemplomban lesz. Az els\u0151\u00e1ldoz\u00f3k, els\u0151 szentgy\u00f3n\u00e1sa m\u00e1jus 13-\u00e1n, 14 \u00f3rakor a pl\u00e9b\u00e1niatemplomban, f\u0151pr\u00f3b\u00e1ja m\u00e1jus 20-\u00e1n 14 \u00f3rakor a pl\u00e9b\u00e1niatemplomban. A b\u00e9rm\u00e1l\u00e1s m\u00e1jus 29-\u00e9n 10.30-kor a pl\u00e9b\u00e1niatemplomban, melynek f\u0151pr\u00f3b\u00e1ja \u00e9s gy\u00f3ntat\u00e1sa el\u0151tte p\u00e9nteken 16 \u00f3rakor kezd\u0151dik a pl\u00e9b\u00e1niatemplomban. Ide v\u00e1rjuk a b\u00e9rmasz\u00fcl\u0151ket \u00e9s a sz\u00fcl\u0151ket is a gy\u00f3n\u00e1sra&#8230;.<\/p>\n<p class=\"read-more\"><a class=\"btn btn-default\" href=\"https:\/\/marcali.plebania.hu\/?p=3578\"> Read More<span class=\"screen-reader-text\">  Read More<\/span><\/a><\/p>\n","protected":false},"author":2,"featured_media":0,"comment_status":"closed","ping_status":"open","sticky":false,"template":"","format":"standard","meta":{"footnotes":""},"categories":[1],"tags":[],"class_list":["post-3578","post","type-post","status-publish","format-standard","hentry","category-egyeb"],"_links":{"self":[{"href":"https:\/\/marcali.plebania.hu\/index.php?rest_route=\/wp\/v2\/posts\/3578","targetHints":{"allow":["GET"]}}],"collection":[{"href":"https:\/\/marcali.plebania.hu\/index.php?rest_route=\/wp\/v2\/posts"}],"about":[{"href":"https:\/\/marcali.plebania.hu\/index.php?rest_route=\/wp\/v2\/types\/post"}],"author":[{"embeddable":true,"href":"https:\/\/marcali.plebania.hu\/index.php?rest_route=\/wp\/v2\/users\/2"}],"replies":[{"embeddable":true,"href":"https:\/\/marcali.plebania.hu\/index.php?rest_route=%2Fwp%2Fv2%2Fcomments&post=3578"}],"version-history":[{"count":2,"href":"https:\/\/marcali.plebania.hu\/index.php?rest_route=\/wp\/v2\/posts\/3578\/revisions"}],"predecessor-version":[{"id":3580,"href":"https:\/\/marcali.plebania.hu\/index.php?rest_route=\/wp\/v2\/posts\/3578\/revisions\/3580"}],"wp:attachment":[{"href":"https:\/\/marcali.plebania.hu\/index.php?rest_route=%2Fwp%2Fv2%2Fmedia&parent=3578"}],"wp:term":[{"taxonomy":"category","embeddable":true,"href":"https:\/\/marcali.plebania.hu\/index.php?rest_route=%2Fwp%2Fv2%2Fcategories&post=3578"},{"taxonomy":"post_tag","embeddable":true,"href":"https:\/\/marcali.plebania.hu\/index.php?rest_route=%2Fwp%2Fv2%2Ftags&post=3578"}],"curies":[{"name":"wp","href":"https:\/\/api.w.org\/{rel}","templated":true}]}}