{"id":3581,"date":"2022-05-13T09:06:31","date_gmt":"2022-05-13T09:06:31","guid":{"rendered":"https:\/\/marcali.plebania.hu\/?p=3581"},"modified":"2022-05-13T09:06:31","modified_gmt":"2022-05-13T09:06:31","slug":"hirdetesek-2022-05-15","status":"publish","type":"post","link":"https:\/\/marcali.plebania.hu\/?p=3581","title":{"rendered":"Hirdet\u00e9sek, 2022. 05. 15."},"content":{"rendered":"\n<ol class=\"wp-block-list\"><li>Ma\nh\u00fasv\u00e9t 5. vas\u00e1rnapja van.<\/li><li>J\u00f6v\u0151\nvas\u00e1rnap, m\u00e1jus 22-\u00e9n v\u00e1ltoz\u00e1s lesz a miserendben. A pl\u00e9b\u00e1niatemplomban 10\n\u00f3rakor lesz a szentmise els\u0151\u00e1ldoz\u00e1ssal.<\/li><li>Az\nels\u0151\u00e1ldoz\u00e1s f\u0151pr\u00f3b\u00e1ja p\u00e9nteken d\u00e9lut\u00e1n 14 \u00f3rakor lesz a pl\u00e9b\u00e1niatemplomban. A\nhozz\u00e1tartoz\u00f3k gy\u00f3ntat\u00e1sa ugyanaznap 17 \u00f3r\u00e1t\u00f3l lesz a pl\u00e9b\u00e1niatemplomban.<\/li><li>A\nb\u00e9rm\u00e1l\u00e1s m\u00e1jus 29-\u00e9n 10.30-kor a pl\u00e9b\u00e1niatemplomban, melynek f\u0151pr\u00f3b\u00e1ja \u00e9s\ngy\u00f3ntat\u00e1sa el\u0151tte p\u00e9nteken 16 \u00f3rakor kezd\u0151dik a pl\u00e9b\u00e1niatemplomban. Ide v\u00e1rjuk\na b\u00e9rmasz\u00fcl\u0151ket \u00e9s a sz\u00fcl\u0151ket is a gy\u00f3n\u00e1sra.<\/li><li>M\u00e1jus\na Sz\u0171z Anya h\u00f3napja, keddt\u0151l szombatig a 18 \u00f3r\u00e1s szentmise el\u0151tt m\u00e1jusi\nlit\u00e1nia.<\/li><li>Az\nOrb\u00e1n k\u00e1polna b\u00facs\u00fanapj\u00e1t j\u00fanius 6-\u00e1n, 10 \u00f3rakor P\u00fcnk\u00f6sd h\u00e9tf\u0151n tartjuk, amikor\n\u00fcnnepi szentmise, majd ut\u00e1na szeretetlakom\u00e1ra h\u00edvjuk a h\u00edveket.<\/li><\/ol>\n","protected":false},"excerpt":{"rendered":"<p>Ma h\u00fasv\u00e9t 5. vas\u00e1rnapja van. J\u00f6v\u0151 vas\u00e1rnap, m\u00e1jus 22-\u00e9n v\u00e1ltoz\u00e1s lesz a miserendben. A pl\u00e9b\u00e1niatemplomban 10 \u00f3rakor lesz a szentmise els\u0151\u00e1ldoz\u00e1ssal. Az els\u0151\u00e1ldoz\u00e1s f\u0151pr\u00f3b\u00e1ja p\u00e9nteken d\u00e9lut\u00e1n 14 \u00f3rakor lesz a pl\u00e9b\u00e1niatemplomban. A hozz\u00e1tartoz\u00f3k gy\u00f3ntat\u00e1sa ugyanaznap 17 \u00f3r\u00e1t\u00f3l lesz a pl\u00e9b\u00e1niatemplomban. A b\u00e9rm\u00e1l\u00e1s m\u00e1jus 29-\u00e9n 10.30-kor a pl\u00e9b\u00e1niatemplomban, melynek f\u0151pr\u00f3b\u00e1ja \u00e9s gy\u00f3ntat\u00e1sa el\u0151tte p\u00e9nteken 16 \u00f3rakor kezd\u0151dik a pl\u00e9b\u00e1niatemplomban. Ide v\u00e1rjuk a b\u00e9rmasz\u00fcl\u0151ket \u00e9s a sz\u00fcl\u0151ket is a gy\u00f3n\u00e1sra. M\u00e1jus a Sz\u0171z Anya h\u00f3napja, keddt\u0151l szombatig a 18 \u00f3r\u00e1s szentmise el\u0151tt&#8230;<\/p>\n<p class=\"read-more\"><a class=\"btn btn-default\" href=\"https:\/\/marcali.plebania.hu\/?p=3581\"> Read More<span class=\"screen-reader-text\">  Read More<\/span><\/a><\/p>\n","protected":false},"author":2,"featured_media":0,"comment_status":"closed","ping_status":"open","sticky":false,"template":"","format":"standard","meta":{"footnotes":""},"categories":[1],"tags":[],"class_list":["post-3581","post","type-post","status-publish","format-standard","hentry","category-egyeb"],"_links":{"self":[{"href":"https:\/\/marcali.plebania.hu\/index.php?rest_route=\/wp\/v2\/posts\/3581","targetHints":{"allow":["GET"]}}],"collection":[{"href":"https:\/\/marcali.plebania.hu\/index.php?rest_route=\/wp\/v2\/posts"}],"about":[{"href":"https:\/\/marcali.plebania.hu\/index.php?rest_route=\/wp\/v2\/types\/post"}],"author":[{"embeddable":true,"href":"https:\/\/marcali.plebania.hu\/index.php?rest_route=\/wp\/v2\/users\/2"}],"replies":[{"embeddable":true,"href":"https:\/\/marcali.plebania.hu\/index.php?rest_route=%2Fwp%2Fv2%2Fcomments&post=3581"}],"version-history":[{"count":1,"href":"https:\/\/marcali.plebania.hu\/index.php?rest_route=\/wp\/v2\/posts\/3581\/revisions"}],"predecessor-version":[{"id":3582,"href":"https:\/\/marcali.plebania.hu\/index.php?rest_route=\/wp\/v2\/posts\/3581\/revisions\/3582"}],"wp:attachment":[{"href":"https:\/\/marcali.plebania.hu\/index.php?rest_route=%2Fwp%2Fv2%2Fmedia&parent=3581"}],"wp:term":[{"taxonomy":"category","embeddable":true,"href":"https:\/\/marcali.plebania.hu\/index.php?rest_route=%2Fwp%2Fv2%2Fcategories&post=3581"},{"taxonomy":"post_tag","embeddable":true,"href":"https:\/\/marcali.plebania.hu\/index.php?rest_route=%2Fwp%2Fv2%2Ftags&post=3581"}],"curies":[{"name":"wp","href":"https:\/\/api.w.org\/{rel}","templated":true}]}}