{"id":3587,"date":"2022-05-20T09:12:10","date_gmt":"2022-05-20T09:12:10","guid":{"rendered":"https:\/\/marcali.plebania.hu\/?p=3587"},"modified":"2022-05-20T09:12:10","modified_gmt":"2022-05-20T09:12:10","slug":"tiz-gyermeket-kereszteltek-a-plebaniatemplomban","status":"publish","type":"post","link":"https:\/\/marcali.plebania.hu\/?p=3587","title":{"rendered":"T\u00edz gyermeket kereszteltek a pl\u00e9b\u00e1niatemplomban"},"content":{"rendered":"\n<p>Nem mindennapi keresztel\u00e9sre ker\u00fclt sor a marcali pl\u00e9b\u00e1niatemplomban m\u00e1jus 15-\u00e9n. Ritk\u00e1n fordult el\u0151, hogy ennyi gyermeket egyszerre keresztel\u00fcnk meg.<\/p>\n\n\n\n<figure class=\"wp-block-image size-large\"><img loading=\"lazy\" decoding=\"async\" width=\"1024\" height=\"678\" src=\"https:\/\/marcali.plebania.hu\/wp-content\/uploads\/2022\/05\/keresztel\u015120222-054.jpg\" alt=\"\" class=\"wp-image-3588\" srcset=\"https:\/\/marcali.plebania.hu\/wp-content\/uploads\/2022\/05\/keresztel\u015120222-054.jpg 1024w, https:\/\/marcali.plebania.hu\/wp-content\/uploads\/2022\/05\/keresztel\u015120222-054-300x199.jpg 300w, https:\/\/marcali.plebania.hu\/wp-content\/uploads\/2022\/05\/keresztel\u015120222-054-768x509.jpg 768w, https:\/\/marcali.plebania.hu\/wp-content\/uploads\/2022\/05\/keresztel\u015120222-054-408x270.jpg 408w\" sizes=\"auto, (max-width: 1024px) 100vw, 1024px\" \/><\/figure>\n\n\n\n<p> Az elm\u00falt h\u00f3napban is nyolc keresztel\u0151 volt.<br> Az elm\u00falt k\u00e9t \u00e9v j\u00e1rv\u00e1nyhelyzete miatt sokan elhalasztott\u00e1k a kor\u00e1bbi<br> id\u0151pontot, hiszen csal\u00e1di \u00f6sszej\u00f6vetelre sokszor nem volt lehet\u0151s\u00e9g.<\/p>\n\n\n\n<p>A  k\u00f6vetkez\u0151 h\u00f3napokra is m\u00e1r vannak jelentkez\u0151k, akiket szeretettel v\u00e1runk a keresztel\u0151re. <\/p>\n","protected":false},"excerpt":{"rendered":"<p>Nem mindennapi keresztel\u00e9sre ker\u00fclt sor a marcali pl\u00e9b\u00e1niatemplomban m\u00e1jus 15-\u00e9n. Ritk\u00e1n fordult el\u0151, hogy ennyi gyermeket egyszerre keresztel\u00fcnk meg. Az elm\u00falt h\u00f3napban is nyolc keresztel\u0151 volt. Az elm\u00falt k\u00e9t \u00e9v j\u00e1rv\u00e1nyhelyzete miatt sokan elhalasztott\u00e1k a kor\u00e1bbi id\u0151pontot, hiszen csal\u00e1di \u00f6sszej\u00f6vetelre sokszor nem volt lehet\u0151s\u00e9g. A k\u00f6vetkez\u0151 h\u00f3napokra is m\u00e1r vannak jelentkez\u0151k, akiket szeretettel v\u00e1runk a keresztel\u0151re.<\/p>\n","protected":false},"author":2,"featured_media":0,"comment_status":"closed","ping_status":"open","sticky":false,"template":"","format":"standard","meta":{"footnotes":""},"categories":[1],"tags":[],"class_list":["post-3587","post","type-post","status-publish","format-standard","hentry","category-egyeb"],"_links":{"self":[{"href":"https:\/\/marcali.plebania.hu\/index.php?rest_route=\/wp\/v2\/posts\/3587","targetHints":{"allow":["GET"]}}],"collection":[{"href":"https:\/\/marcali.plebania.hu\/index.php?rest_route=\/wp\/v2\/posts"}],"about":[{"href":"https:\/\/marcali.plebania.hu\/index.php?rest_route=\/wp\/v2\/types\/post"}],"author":[{"embeddable":true,"href":"https:\/\/marcali.plebania.hu\/index.php?rest_route=\/wp\/v2\/users\/2"}],"replies":[{"embeddable":true,"href":"https:\/\/marcali.plebania.hu\/index.php?rest_route=%2Fwp%2Fv2%2Fcomments&post=3587"}],"version-history":[{"count":1,"href":"https:\/\/marcali.plebania.hu\/index.php?rest_route=\/wp\/v2\/posts\/3587\/revisions"}],"predecessor-version":[{"id":3589,"href":"https:\/\/marcali.plebania.hu\/index.php?rest_route=\/wp\/v2\/posts\/3587\/revisions\/3589"}],"wp:attachment":[{"href":"https:\/\/marcali.plebania.hu\/index.php?rest_route=%2Fwp%2Fv2%2Fmedia&parent=3587"}],"wp:term":[{"taxonomy":"category","embeddable":true,"href":"https:\/\/marcali.plebania.hu\/index.php?rest_route=%2Fwp%2Fv2%2Fcategories&post=3587"},{"taxonomy":"post_tag","embeddable":true,"href":"https:\/\/marcali.plebania.hu\/index.php?rest_route=%2Fwp%2Fv2%2Ftags&post=3587"}],"curies":[{"name":"wp","href":"https:\/\/api.w.org\/{rel}","templated":true}]}}