{"id":3590,"date":"2022-05-20T09:15:05","date_gmt":"2022-05-20T09:15:05","guid":{"rendered":"https:\/\/marcali.plebania.hu\/?p=3590"},"modified":"2022-05-20T09:15:05","modified_gmt":"2022-05-20T09:15:05","slug":"300-eves-a-marcali-plebania-es-az-egyhazkozseg-kisorsoltak-es-dijaztak-az-egyhaztorteneti-nyeremenyjatek-elso-fordulojanak-gyozteseit","status":"publish","type":"post","link":"https:\/\/marcali.plebania.hu\/?p=3590","title":{"rendered":"300 \u00e9ves a Marcali Pl\u00e9b\u00e1nia \u00e9s az Egyh\u00e1zk\u00f6zs\u00e9g \u2013 Kisorsolt\u00e1k \u00e9s d\u00edjazt\u00e1k az egyh\u00e1zt\u00f6rt\u00e9neti nyerem\u00e9nyj\u00e1t\u00e9k els\u0151 fordul\u00f3j\u00e1nak gy\u0151zteseit"},"content":{"rendered":"\n<p>Az idei esztend\u0151ben \u00fcnnepli\nfenn\u00e1ll\u00e1s\u00e1nak 300. \u00e9vfordul\u00f3j\u00e1t a Marcali R\u00f3mai Katolikus Pl\u00e9b\u00e1nia \u00e9s az\nEgyh\u00e1zk\u00f6zs\u00e9g.<\/p>\n\n\n\n<p>Az eredetileg k\u00f6z\u00e9pkori alap\u00edt\u00e1s\u00fa pl\u00e9b\u00e1niatemplom a t\u00f6r\u00f6k h\u00f3dolts\u00e1g idej\u00e9n elpusztult, majd a felszabad\u00edt\u00f3 h\u00e1bor\u00fakat k\u00f6vet\u0151en 1722-ben ind\u00edtott\u00e1k \u00fajra az egyh\u00e1zi \u00e9letet. Az idei jubileum alkalm\u00e1b\u00f3l m\u00e1r t\u00f6bb programot is szervezett, illetve tervez m\u00e9g az egyh\u00e1zk\u00f6zs\u00e9g, melyeken megeml\u00e9keznek az alap\u00edt\u00e1sr\u00f3l \u00e9s az az\u00f3ta eltelt 300 \u00e9v t\u00f6rt\u00e9n\u00e9seir\u0151l.<\/p>\n\n\n\n<figure class=\"wp-block-gallery columns-3 is-cropped wp-block-gallery-1 is-layout-flex wp-block-gallery-is-layout-flex\"><ul class=\"blocks-gallery-grid\"><li class=\"blocks-gallery-item\"><figure><img loading=\"lazy\" decoding=\"async\" width=\"1024\" height=\"683\" src=\"https:\/\/marcali.plebania.hu\/wp-content\/uploads\/2022\/05\/01-1024x683.jpg\" alt=\"\" data-id=\"3591\" data-full-url=\"https:\/\/marcali.plebania.hu\/wp-content\/uploads\/2022\/05\/01-scaled.jpg\" data-link=\"https:\/\/marcali.plebania.hu\/?attachment_id=3591\" class=\"wp-image-3591\" srcset=\"https:\/\/marcali.plebania.hu\/wp-content\/uploads\/2022\/05\/01-1024x683.jpg 1024w, https:\/\/marcali.plebania.hu\/wp-content\/uploads\/2022\/05\/01-300x200.jpg 300w, https:\/\/marcali.plebania.hu\/wp-content\/uploads\/2022\/05\/01-768x512.jpg 768w, https:\/\/marcali.plebania.hu\/wp-content\/uploads\/2022\/05\/01-1536x1024.jpg 1536w, https:\/\/marcali.plebania.hu\/wp-content\/uploads\/2022\/05\/01-2048x1365.jpg 2048w, https:\/\/marcali.plebania.hu\/wp-content\/uploads\/2022\/05\/01-405x270.jpg 405w\" sizes=\"auto, (max-width: 1024px) 100vw, 1024px\" \/><\/figure><\/li><li class=\"blocks-gallery-item\"><figure><img loading=\"lazy\" decoding=\"async\" width=\"1024\" height=\"683\" src=\"https:\/\/marcali.plebania.hu\/wp-content\/uploads\/2022\/05\/02-1024x683.jpg\" alt=\"\" data-id=\"3592\" data-full-url=\"https:\/\/marcali.plebania.hu\/wp-content\/uploads\/2022\/05\/02-scaled.jpg\" data-link=\"https:\/\/marcali.plebania.hu\/?attachment_id=3592\" class=\"wp-image-3592\" srcset=\"https:\/\/marcali.plebania.hu\/wp-content\/uploads\/2022\/05\/02-1024x683.jpg 1024w, https:\/\/marcali.plebania.hu\/wp-content\/uploads\/2022\/05\/02-300x200.jpg 300w, https:\/\/marcali.plebania.hu\/wp-content\/uploads\/2022\/05\/02-768x512.jpg 768w, https:\/\/marcali.plebania.hu\/wp-content\/uploads\/2022\/05\/02-1536x1024.jpg 1536w, https:\/\/marcali.plebania.hu\/wp-content\/uploads\/2022\/05\/02-2048x1365.jpg 2048w, https:\/\/marcali.plebania.hu\/wp-content\/uploads\/2022\/05\/02-405x270.jpg 405w\" sizes=\"auto, (max-width: 1024px) 100vw, 1024px\" \/><\/figure><\/li><li class=\"blocks-gallery-item\"><figure><img loading=\"lazy\" decoding=\"async\" width=\"1024\" height=\"683\" src=\"https:\/\/marcali.plebania.hu\/wp-content\/uploads\/2022\/05\/03-1024x683.jpg\" alt=\"\" data-id=\"3593\" data-full-url=\"https:\/\/marcali.plebania.hu\/wp-content\/uploads\/2022\/05\/03-scaled.jpg\" data-link=\"https:\/\/marcali.plebania.hu\/?attachment_id=3593\" class=\"wp-image-3593\" srcset=\"https:\/\/marcali.plebania.hu\/wp-content\/uploads\/2022\/05\/03-1024x683.jpg 1024w, https:\/\/marcali.plebania.hu\/wp-content\/uploads\/2022\/05\/03-300x200.jpg 300w, https:\/\/marcali.plebania.hu\/wp-content\/uploads\/2022\/05\/03-768x512.jpg 768w, https:\/\/marcali.plebania.hu\/wp-content\/uploads\/2022\/05\/03-1536x1024.jpg 1536w, https:\/\/marcali.plebania.hu\/wp-content\/uploads\/2022\/05\/03-2048x1365.jpg 2048w, https:\/\/marcali.plebania.hu\/wp-content\/uploads\/2022\/05\/03-405x270.jpg 405w\" sizes=\"auto, (max-width: 1024px) 100vw, 1024px\" \/><\/figure><\/li><li class=\"blocks-gallery-item\"><figure><img loading=\"lazy\" decoding=\"async\" width=\"1024\" height=\"683\" src=\"https:\/\/marcali.plebania.hu\/wp-content\/uploads\/2022\/05\/04-1024x683.jpg\" alt=\"\" data-id=\"3594\" data-full-url=\"https:\/\/marcali.plebania.hu\/wp-content\/uploads\/2022\/05\/04-scaled.jpg\" data-link=\"https:\/\/marcali.plebania.hu\/?attachment_id=3594\" class=\"wp-image-3594\" srcset=\"https:\/\/marcali.plebania.hu\/wp-content\/uploads\/2022\/05\/04-1024x683.jpg 1024w, https:\/\/marcali.plebania.hu\/wp-content\/uploads\/2022\/05\/04-300x200.jpg 300w, https:\/\/marcali.plebania.hu\/wp-content\/uploads\/2022\/05\/04-768x512.jpg 768w, https:\/\/marcali.plebania.hu\/wp-content\/uploads\/2022\/05\/04-1536x1024.jpg 1536w, https:\/\/marcali.plebania.hu\/wp-content\/uploads\/2022\/05\/04-2048x1365.jpg 2048w, https:\/\/marcali.plebania.hu\/wp-content\/uploads\/2022\/05\/04-405x270.jpg 405w\" sizes=\"auto, (max-width: 1024px) 100vw, 1024px\" \/><\/figure><\/li><\/ul><\/figure>\n\n\n\n<p>Ehhez kapcsol\u00f3dva a Marcali Katolikus\n\u00dajs\u00e1g XXVI. \u00e9vfolyam\u00e1nak 2022. \u00e9vi 1. sz\u00e1m\u00e1ban, H\u00fasv\u00e9tkor egy nyerem\u00e9nyj\u00e1t\u00e9kot\nind\u00edtottak a lap olvas\u00f3i sz\u00e1m\u00e1ra, melyben a helyi templomok t\u00f6rt\u00e9net\u00e9b\u0151l 13+1\nk\u00e9rd\u00e9sre kellett helyesen v\u00e1laszolni. A megfejt\u00e9seket a pl\u00e9b\u00e1niahivatal r\u00e9sz\u00e9re\npost\u00e1n, vagy e-mailben lehetett eljuttatni az elm\u00falt h\u00e9tv\u00e9g\u00e9ig. A ki\u00edr\u00e1s\nszerint a nyerem\u00e9nyj\u00e1t\u00e9kban b\u00e1rki r\u00e9szt vehetett, feln\u0151tt \u00e9s fiatal egyar\u00e1nt.<\/p>\n\n\n\n<p>V\u00e9g\u00fcl 2022. m\u00e1jus 15-\u00e9n, vas\u00e1rnap a 9 \u00f3r\u00e1s szentmis\u00e9n Kiss Iv\u00e1n c. pr\u00e9post, pl\u00e9b\u00e1nos hirdette ki az els\u0151 fordul\u00f3 v\u00e9geredm\u00e9ny\u00e9t. Iv\u00e1n atya elmondta, hogy \u00f6sszesen 43 megfejt\u00e9s \u00e9rkezett be a megadott hat\u00e1rid\u0151re. Ezek k\u00f6z\u00fcl 15-en helyesen is v\u00e1laszoltak, \u00edgy a gy\u0151ztesek k\u00f6z\u00f6tt az istentiszteleten k\u00fcl\u00f6n sorsol\u00e1st is tartani kellett, hogy kider\u00fclj\u00f6n, k\u00f6z\u00fcl\u00fck ki nyeri el a f\u0151d\u00edjat, egy sz\u00e9p k\u00e9pes Bibli\u00e1t. A gy\u0151ztes v\u00e9g\u00fcl Varg\u00e1n\u00e9 Pimmer \u00c9va lett, akinek a nev\u00e9t egy hittanos kisl\u00e1ny h\u00fazta ki a kos\u00e1rb\u00f3l. A t\u00f6bbi nyertes Varga L\u00e1szl\u00f3 kaposv\u00e1ri megy\u00e9sp\u00fcsp\u00f6k k\u00f6nyveib\u0151l kapott egy-egy \u00e9rt\u00e9kes p\u00e9ld\u00e1nyt.<\/p>\n\n\n\n<figure class=\"wp-block-gallery columns-3 is-cropped wp-block-gallery-2 is-layout-flex wp-block-gallery-is-layout-flex\"><ul class=\"blocks-gallery-grid\"><li class=\"blocks-gallery-item\"><figure><img loading=\"lazy\" decoding=\"async\" width=\"1024\" height=\"683\" src=\"https:\/\/marcali.plebania.hu\/wp-content\/uploads\/2022\/05\/05-1024x683.jpg\" alt=\"\" data-id=\"3595\" data-full-url=\"https:\/\/marcali.plebania.hu\/wp-content\/uploads\/2022\/05\/05-scaled.jpg\" data-link=\"https:\/\/marcali.plebania.hu\/?attachment_id=3595\" class=\"wp-image-3595\" srcset=\"https:\/\/marcali.plebania.hu\/wp-content\/uploads\/2022\/05\/05-1024x683.jpg 1024w, https:\/\/marcali.plebania.hu\/wp-content\/uploads\/2022\/05\/05-300x200.jpg 300w, https:\/\/marcali.plebania.hu\/wp-content\/uploads\/2022\/05\/05-768x512.jpg 768w, https:\/\/marcali.plebania.hu\/wp-content\/uploads\/2022\/05\/05-1536x1024.jpg 1536w, https:\/\/marcali.plebania.hu\/wp-content\/uploads\/2022\/05\/05-2048x1365.jpg 2048w, https:\/\/marcali.plebania.hu\/wp-content\/uploads\/2022\/05\/05-405x270.jpg 405w\" sizes=\"auto, (max-width: 1024px) 100vw, 1024px\" \/><\/figure><\/li><li class=\"blocks-gallery-item\"><figure><img loading=\"lazy\" decoding=\"async\" width=\"1024\" height=\"683\" src=\"https:\/\/marcali.plebania.hu\/wp-content\/uploads\/2022\/05\/06-1024x683.jpg\" alt=\"\" data-id=\"3596\" data-full-url=\"https:\/\/marcali.plebania.hu\/wp-content\/uploads\/2022\/05\/06-scaled.jpg\" data-link=\"https:\/\/marcali.plebania.hu\/?attachment_id=3596\" class=\"wp-image-3596\" srcset=\"https:\/\/marcali.plebania.hu\/wp-content\/uploads\/2022\/05\/06-1024x683.jpg 1024w, https:\/\/marcali.plebania.hu\/wp-content\/uploads\/2022\/05\/06-300x200.jpg 300w, https:\/\/marcali.plebania.hu\/wp-content\/uploads\/2022\/05\/06-768x512.jpg 768w, https:\/\/marcali.plebania.hu\/wp-content\/uploads\/2022\/05\/06-1536x1024.jpg 1536w, https:\/\/marcali.plebania.hu\/wp-content\/uploads\/2022\/05\/06-2048x1365.jpg 2048w, https:\/\/marcali.plebania.hu\/wp-content\/uploads\/2022\/05\/06-405x270.jpg 405w\" sizes=\"auto, (max-width: 1024px) 100vw, 1024px\" \/><\/figure><\/li><li class=\"blocks-gallery-item\"><figure><img loading=\"lazy\" decoding=\"async\" width=\"1024\" height=\"683\" src=\"https:\/\/marcali.plebania.hu\/wp-content\/uploads\/2022\/05\/07-1024x683.jpg\" alt=\"\" data-id=\"3597\" data-full-url=\"https:\/\/marcali.plebania.hu\/wp-content\/uploads\/2022\/05\/07-scaled.jpg\" data-link=\"https:\/\/marcali.plebania.hu\/?attachment_id=3597\" class=\"wp-image-3597\" srcset=\"https:\/\/marcali.plebania.hu\/wp-content\/uploads\/2022\/05\/07-1024x683.jpg 1024w, https:\/\/marcali.plebania.hu\/wp-content\/uploads\/2022\/05\/07-300x200.jpg 300w, https:\/\/marcali.plebania.hu\/wp-content\/uploads\/2022\/05\/07-768x512.jpg 768w, https:\/\/marcali.plebania.hu\/wp-content\/uploads\/2022\/05\/07-1536x1024.jpg 1536w, https:\/\/marcali.plebania.hu\/wp-content\/uploads\/2022\/05\/07-2048x1365.jpg 2048w, https:\/\/marcali.plebania.hu\/wp-content\/uploads\/2022\/05\/07-405x270.jpg 405w\" sizes=\"auto, (max-width: 1024px) 100vw, 1024px\" \/><\/figure><\/li><li class=\"blocks-gallery-item\"><figure><img loading=\"lazy\" decoding=\"async\" width=\"1024\" height=\"683\" src=\"https:\/\/marcali.plebania.hu\/wp-content\/uploads\/2022\/05\/08-1024x683.jpg\" alt=\"\" data-id=\"3598\" data-full-url=\"https:\/\/marcali.plebania.hu\/wp-content\/uploads\/2022\/05\/08-scaled.jpg\" data-link=\"https:\/\/marcali.plebania.hu\/?attachment_id=3598\" class=\"wp-image-3598\" srcset=\"https:\/\/marcali.plebania.hu\/wp-content\/uploads\/2022\/05\/08-1024x683.jpg 1024w, https:\/\/marcali.plebania.hu\/wp-content\/uploads\/2022\/05\/08-300x200.jpg 300w, https:\/\/marcali.plebania.hu\/wp-content\/uploads\/2022\/05\/08-768x512.jpg 768w, https:\/\/marcali.plebania.hu\/wp-content\/uploads\/2022\/05\/08-1536x1024.jpg 1536w, https:\/\/marcali.plebania.hu\/wp-content\/uploads\/2022\/05\/08-2048x1365.jpg 2048w, https:\/\/marcali.plebania.hu\/wp-content\/uploads\/2022\/05\/08-405x270.jpg 405w\" sizes=\"auto, (max-width: 1024px) 100vw, 1024px\" \/><\/figure><\/li><\/ul><\/figure>\n\n\n\n<p>A nyerem\u00e9nyj\u00e1t\u00e9k k\u00f6vetkez\u0151 fordul\u00f3ja, \u00fajabb\n13+1 k\u00e9rd\u00e9ssel, a Marcali Katolikus \u00dajs\u00e1g k\u00f6vetkez\u0151 sz\u00e1m\u00e1ban folytat\u00f3dik. A\nszervez\u0151k szeretettel h\u00edvj\u00e1k \u00e9s invit\u00e1lj\u00e1k az eddigi, illetve az \u00fajabb\nv\u00e1llalkoz\u00f3 kedv\u0171 olvas\u00f3ikat is, akik egy kis ut\u00e1naj\u00e1r\u00e1s, vagy a pl\u00e9b\u00e1nia\nhonlapj\u00e1nak b\u00f6ng\u00e9sz\u00e9se ut\u00e1n k\u00f6nnyed\u00e9n meg tudj\u00e1k v\u00e1laszolni a feltett, id\u0151nk\u00e9nt\nfurfangos k\u00e9rd\u00e9seket.<\/p>\n","protected":false},"excerpt":{"rendered":"<p>Az idei esztend\u0151ben \u00fcnnepli fenn\u00e1ll\u00e1s\u00e1nak 300. \u00e9vfordul\u00f3j\u00e1t a Marcali R\u00f3mai Katolikus Pl\u00e9b\u00e1nia \u00e9s az Egyh\u00e1zk\u00f6zs\u00e9g. Az eredetileg k\u00f6z\u00e9pkori alap\u00edt\u00e1s\u00fa pl\u00e9b\u00e1niatemplom a t\u00f6r\u00f6k h\u00f3dolts\u00e1g idej\u00e9n elpusztult, majd a felszabad\u00edt\u00f3 h\u00e1bor\u00fakat k\u00f6vet\u0151en 1722-ben ind\u00edtott\u00e1k \u00fajra az egyh\u00e1zi \u00e9letet. Az idei jubileum alkalm\u00e1b\u00f3l m\u00e1r t\u00f6bb programot is szervezett, illetve tervez m\u00e9g az egyh\u00e1zk\u00f6zs\u00e9g, melyeken megeml\u00e9keznek az alap\u00edt\u00e1sr\u00f3l \u00e9s az az\u00f3ta eltelt 300 \u00e9v t\u00f6rt\u00e9n\u00e9seir\u0151l. Ehhez kapcsol\u00f3dva a Marcali Katolikus \u00dajs\u00e1g XXVI. \u00e9vfolyam\u00e1nak 2022. \u00e9vi 1. sz\u00e1m\u00e1ban, H\u00fasv\u00e9tkor egy nyerem\u00e9nyj\u00e1t\u00e9kot ind\u00edtottak a lap olvas\u00f3i&#8230;<\/p>\n<p class=\"read-more\"><a class=\"btn btn-default\" href=\"https:\/\/marcali.plebania.hu\/?p=3590\"> Read More<span class=\"screen-reader-text\">  Read More<\/span><\/a><\/p>\n","protected":false},"author":2,"featured_media":0,"comment_status":"closed","ping_status":"open","sticky":false,"template":"","format":"standard","meta":{"footnotes":""},"categories":[1],"tags":[],"class_list":["post-3590","post","type-post","status-publish","format-standard","hentry","category-egyeb"],"_links":{"self":[{"href":"https:\/\/marcali.plebania.hu\/index.php?rest_route=\/wp\/v2\/posts\/3590","targetHints":{"allow":["GET"]}}],"collection":[{"href":"https:\/\/marcali.plebania.hu\/index.php?rest_route=\/wp\/v2\/posts"}],"about":[{"href":"https:\/\/marcali.plebania.hu\/index.php?rest_route=\/wp\/v2\/types\/post"}],"author":[{"embeddable":true,"href":"https:\/\/marcali.plebania.hu\/index.php?rest_route=\/wp\/v2\/users\/2"}],"replies":[{"embeddable":true,"href":"https:\/\/marcali.plebania.hu\/index.php?rest_route=%2Fwp%2Fv2%2Fcomments&post=3590"}],"version-history":[{"count":1,"href":"https:\/\/marcali.plebania.hu\/index.php?rest_route=\/wp\/v2\/posts\/3590\/revisions"}],"predecessor-version":[{"id":3599,"href":"https:\/\/marcali.plebania.hu\/index.php?rest_route=\/wp\/v2\/posts\/3590\/revisions\/3599"}],"wp:attachment":[{"href":"https:\/\/marcali.plebania.hu\/index.php?rest_route=%2Fwp%2Fv2%2Fmedia&parent=3590"}],"wp:term":[{"taxonomy":"category","embeddable":true,"href":"https:\/\/marcali.plebania.hu\/index.php?rest_route=%2Fwp%2Fv2%2Fcategories&post=3590"},{"taxonomy":"post_tag","embeddable":true,"href":"https:\/\/marcali.plebania.hu\/index.php?rest_route=%2Fwp%2Fv2%2Ftags&post=3590"}],"curies":[{"name":"wp","href":"https:\/\/api.w.org\/{rel}","templated":true}]}}