{"id":3600,"date":"2022-05-20T09:15:42","date_gmt":"2022-05-20T09:15:42","guid":{"rendered":"https:\/\/marcali.plebania.hu\/?p=3600"},"modified":"2022-05-20T09:15:42","modified_gmt":"2022-05-20T09:15:42","slug":"hirdetesek-2022-05-22","status":"publish","type":"post","link":"https:\/\/marcali.plebania.hu\/?p=3600","title":{"rendered":"Hirdet\u00e9sek, 2022. 05. 22."},"content":{"rendered":"\n<ol class=\"wp-block-list\"><li>Ma\nvan H\u00fasv\u00e9t 6. vas\u00e1rnapja.<\/li><li>J\u00f6v\u0151\nh\u00e9ten, p\u00e9nteken 16 \u00f3rakor a pl\u00e9b\u00e1niatemplomban a b\u00e9rm\u00e1l\u00e1s f\u0151pr\u00f3b\u00e1ja, \u00e9s a\nb\u00e9rm\u00e1lkoz\u00f3k gy\u00f3n\u00e1sa, 17 \u00f3r\u00e1t\u00f3l v\u00e1rjuk a b\u00e9rmasz\u00fcl\u0151kert \u00e9s a csal\u00e1dtagokat is.<\/li><li>J\u00f6v\u0151\nvas\u00e1rnap 10.30-kor p\u00fcsp\u00f6ki szentmise keret\u00e9ben b\u00e9rm\u00e1l\u00e1s, melyre a h\u00edveket is\nszeretettel v\u00e1rjuk. A 9 \u00f3r\u00e1s szentmise nem lesz, illetve Gomb\u00e1n is elmarad a\nszentmise. Este 18 \u00f3rakor a B. Gizella templomban lesz szentmise.<\/li><li>Hittanos\nnapk\u00f6zis ny\u00e1ri t\u00e1bort szervez\u00fcnk 2022. j\u00fanius 27-j\u00falius 1. k\u00f6z\u00f6tt az 1-6.\noszt\u00e1lyos gyerekeknek, 40 gyermek jelentkez\u00e9st tudjuk elfogadni. A t\u00e1bor tartalmaz\nnapi 3x-i \u00e9tkez\u00e9st (kiv\u00e9ve az eg\u00e9sz napos kir\u00e1ndul\u00e1s\u00e9t), kir\u00e1ndul\u00e1s k\u00f6lts\u00e9g\u00e9t, bel\u00e9p\u0151ket,\nanyagk\u00f6lts\u00e9get. Jelentkez\u00e9s a hitoktat\u00f3kn\u00e1l, t\u00faljelentkez\u00e9s eset\u00e9n a\njelentkez\u0151k k\u00f6z\u00f6tt az id\u0151rendis\u00e9g \u00e9s a hittanos magaviselet d\u00f6nt. T\u00e1bori sz\u00fcl\u0151i\n\u00e9rtekezlet: 2022. j\u00fanius 22. 17 \u00f3ra X-h\u00e1z, ahol a r\u00e9szv\u00e9teli d\u00edj befizet\u00e9s\u00e9vel\nv\u00e9gleges\u00edtik gyermek\u00fck jelentkez\u00e9s\u00e9t.<\/li><li>A\nK\u00c9SZ Marcali Csoportja 2022. augusztus 6-\u00e1n, szombaton zar\u00e1ndoklatot szervez P\u00e9lif\u00f6ldszentkereszt-Baj\u00f3t-Tata-Tatab\u00e1nya\nszakr\u00e1lis \u00e9rt\u00e9keinek megtekint\u00e9s\u00e9re. A zar\u00e1ndoklatra b\u00e1rki jelentkezhet, az\n\u00fatik\u00f6lts\u00e9g: 14.000- Ft\/f\u0151. A K\u00c9SZ tagoknak a buszk\u00f6lts\u00e9g 10.000- Ft.\nJelentkezni S\u00e1voly Andre\u00e1n\u00e1l \u00e9s Kiss K\u00e1lm\u00e1nn\u00e1l, vagy a pl\u00e9b\u00e1ni\u00e1n lehet.<\/li><\/ol>\n","protected":false},"excerpt":{"rendered":"<p>Ma van H\u00fasv\u00e9t 6. vas\u00e1rnapja. J\u00f6v\u0151 h\u00e9ten, p\u00e9nteken 16 \u00f3rakor a pl\u00e9b\u00e1niatemplomban a b\u00e9rm\u00e1l\u00e1s f\u0151pr\u00f3b\u00e1ja, \u00e9s a b\u00e9rm\u00e1lkoz\u00f3k gy\u00f3n\u00e1sa, 17 \u00f3r\u00e1t\u00f3l v\u00e1rjuk a b\u00e9rmasz\u00fcl\u0151kert \u00e9s a csal\u00e1dtagokat is. J\u00f6v\u0151 vas\u00e1rnap 10.30-kor p\u00fcsp\u00f6ki szentmise keret\u00e9ben b\u00e9rm\u00e1l\u00e1s, melyre a h\u00edveket is szeretettel v\u00e1rjuk. A 9 \u00f3r\u00e1s szentmise nem lesz, illetve Gomb\u00e1n is elmarad a szentmise. Este 18 \u00f3rakor a B. Gizella templomban lesz szentmise. Hittanos napk\u00f6zis ny\u00e1ri t\u00e1bort szervez\u00fcnk 2022. j\u00fanius 27-j\u00falius 1. k\u00f6z\u00f6tt az 1-6. oszt\u00e1lyos gyerekeknek, 40 gyermek jelentkez\u00e9st tudjuk&#8230;<\/p>\n<p class=\"read-more\"><a class=\"btn btn-default\" href=\"https:\/\/marcali.plebania.hu\/?p=3600\"> Read More<span class=\"screen-reader-text\">  Read More<\/span><\/a><\/p>\n","protected":false},"author":2,"featured_media":0,"comment_status":"closed","ping_status":"open","sticky":false,"template":"","format":"standard","meta":{"footnotes":""},"categories":[1],"tags":[],"class_list":["post-3600","post","type-post","status-publish","format-standard","hentry","category-egyeb"],"_links":{"self":[{"href":"https:\/\/marcali.plebania.hu\/index.php?rest_route=\/wp\/v2\/posts\/3600","targetHints":{"allow":["GET"]}}],"collection":[{"href":"https:\/\/marcali.plebania.hu\/index.php?rest_route=\/wp\/v2\/posts"}],"about":[{"href":"https:\/\/marcali.plebania.hu\/index.php?rest_route=\/wp\/v2\/types\/post"}],"author":[{"embeddable":true,"href":"https:\/\/marcali.plebania.hu\/index.php?rest_route=\/wp\/v2\/users\/2"}],"replies":[{"embeddable":true,"href":"https:\/\/marcali.plebania.hu\/index.php?rest_route=%2Fwp%2Fv2%2Fcomments&post=3600"}],"version-history":[{"count":1,"href":"https:\/\/marcali.plebania.hu\/index.php?rest_route=\/wp\/v2\/posts\/3600\/revisions"}],"predecessor-version":[{"id":3601,"href":"https:\/\/marcali.plebania.hu\/index.php?rest_route=\/wp\/v2\/posts\/3600\/revisions\/3601"}],"wp:attachment":[{"href":"https:\/\/marcali.plebania.hu\/index.php?rest_route=%2Fwp%2Fv2%2Fmedia&parent=3600"}],"wp:term":[{"taxonomy":"category","embeddable":true,"href":"https:\/\/marcali.plebania.hu\/index.php?rest_route=%2Fwp%2Fv2%2Fcategories&post=3600"},{"taxonomy":"post_tag","embeddable":true,"href":"https:\/\/marcali.plebania.hu\/index.php?rest_route=%2Fwp%2Fv2%2Ftags&post=3600"}],"curies":[{"name":"wp","href":"https:\/\/api.w.org\/{rel}","templated":true}]}}