{"id":3602,"date":"2022-05-25T15:15:20","date_gmt":"2022-05-25T15:15:20","guid":{"rendered":"https:\/\/marcali.plebania.hu\/?p=3602"},"modified":"2022-05-25T15:15:20","modified_gmt":"2022-05-25T15:15:20","slug":"elsoaldozas-egy-ev-kihagyas-utan-a-marcali-plebaniatemplomban","status":"publish","type":"post","link":"https:\/\/marcali.plebania.hu\/?p=3602","title":{"rendered":"Els\u0151\u00e1ldoz\u00e1s \u2013 egy \u00e9v kihagy\u00e1s ut\u00e1n \u2013a Marcali pl\u00e9b\u00e1niatemplomban"},"content":{"rendered":"\n<p>2022. m\u00e1jus 22-\u00e9n, vas\u00e1rnap 10 \u00f3rakor \u00fcnnepre gy\u0171ltek \u00f6ssze azok a hittanos gyermekek \u00e9s csal\u00e1djaik, hogy \u2013 a koronav\u00edrus-j\u00e1rv\u00e1ny miatt \u2013 egy \u00e9v kihagy\u00e1s ut\u00e1n elhalasztott els\u0151\u00e1ldoz\u00e1s kegyelm\u00e9ben r\u00e9szes\u00fcljenek.<\/p>\n\n\n\n<figure class=\"wp-block-gallery columns-3 is-cropped wp-block-gallery-1 is-layout-flex wp-block-gallery-is-layout-flex\"><ul class=\"blocks-gallery-grid\"><li class=\"blocks-gallery-item\"><figure><img loading=\"lazy\" decoding=\"async\" width=\"1024\" height=\"683\" src=\"https:\/\/marcali.plebania.hu\/wp-content\/uploads\/2022\/05\/01-1-1024x683.jpg\" alt=\"\" data-id=\"3603\" data-full-url=\"https:\/\/marcali.plebania.hu\/wp-content\/uploads\/2022\/05\/01-1-scaled.jpg\" data-link=\"https:\/\/marcali.plebania.hu\/?attachment_id=3603\" class=\"wp-image-3603\" srcset=\"https:\/\/marcali.plebania.hu\/wp-content\/uploads\/2022\/05\/01-1-1024x683.jpg 1024w, https:\/\/marcali.plebania.hu\/wp-content\/uploads\/2022\/05\/01-1-300x200.jpg 300w, https:\/\/marcali.plebania.hu\/wp-content\/uploads\/2022\/05\/01-1-768x512.jpg 768w, https:\/\/marcali.plebania.hu\/wp-content\/uploads\/2022\/05\/01-1-1536x1024.jpg 1536w, https:\/\/marcali.plebania.hu\/wp-content\/uploads\/2022\/05\/01-1-2048x1365.jpg 2048w, https:\/\/marcali.plebania.hu\/wp-content\/uploads\/2022\/05\/01-1-405x270.jpg 405w\" sizes=\"auto, (max-width: 1024px) 100vw, 1024px\" \/><\/figure><\/li><li class=\"blocks-gallery-item\"><figure><img loading=\"lazy\" decoding=\"async\" width=\"1024\" height=\"683\" src=\"https:\/\/marcali.plebania.hu\/wp-content\/uploads\/2022\/05\/02-1-1024x683.jpg\" alt=\"\" data-id=\"3604\" data-full-url=\"https:\/\/marcali.plebania.hu\/wp-content\/uploads\/2022\/05\/02-1-scaled.jpg\" data-link=\"https:\/\/marcali.plebania.hu\/?attachment_id=3604\" class=\"wp-image-3604\" srcset=\"https:\/\/marcali.plebania.hu\/wp-content\/uploads\/2022\/05\/02-1-1024x683.jpg 1024w, https:\/\/marcali.plebania.hu\/wp-content\/uploads\/2022\/05\/02-1-300x200.jpg 300w, https:\/\/marcali.plebania.hu\/wp-content\/uploads\/2022\/05\/02-1-768x512.jpg 768w, https:\/\/marcali.plebania.hu\/wp-content\/uploads\/2022\/05\/02-1-1536x1024.jpg 1536w, https:\/\/marcali.plebania.hu\/wp-content\/uploads\/2022\/05\/02-1-2048x1365.jpg 2048w, https:\/\/marcali.plebania.hu\/wp-content\/uploads\/2022\/05\/02-1-405x270.jpg 405w\" sizes=\"auto, (max-width: 1024px) 100vw, 1024px\" \/><\/figure><\/li><li class=\"blocks-gallery-item\"><figure><img loading=\"lazy\" decoding=\"async\" width=\"1024\" height=\"683\" src=\"https:\/\/marcali.plebania.hu\/wp-content\/uploads\/2022\/05\/03-1-1024x683.jpg\" alt=\"\" data-id=\"3605\" data-full-url=\"https:\/\/marcali.plebania.hu\/wp-content\/uploads\/2022\/05\/03-1-scaled.jpg\" data-link=\"https:\/\/marcali.plebania.hu\/?attachment_id=3605\" class=\"wp-image-3605\" srcset=\"https:\/\/marcali.plebania.hu\/wp-content\/uploads\/2022\/05\/03-1-1024x683.jpg 1024w, https:\/\/marcali.plebania.hu\/wp-content\/uploads\/2022\/05\/03-1-300x200.jpg 300w, https:\/\/marcali.plebania.hu\/wp-content\/uploads\/2022\/05\/03-1-768x512.jpg 768w, https:\/\/marcali.plebania.hu\/wp-content\/uploads\/2022\/05\/03-1-1536x1024.jpg 1536w, https:\/\/marcali.plebania.hu\/wp-content\/uploads\/2022\/05\/03-1-2048x1365.jpg 2048w, https:\/\/marcali.plebania.hu\/wp-content\/uploads\/2022\/05\/03-1-405x270.jpg 405w\" sizes=\"auto, (max-width: 1024px) 100vw, 1024px\" \/><\/figure><\/li><li class=\"blocks-gallery-item\"><figure><img loading=\"lazy\" decoding=\"async\" width=\"1024\" height=\"683\" src=\"https:\/\/marcali.plebania.hu\/wp-content\/uploads\/2022\/05\/04-1-1024x683.jpg\" alt=\"\" data-id=\"3606\" data-full-url=\"https:\/\/marcali.plebania.hu\/wp-content\/uploads\/2022\/05\/04-1-scaled.jpg\" data-link=\"https:\/\/marcali.plebania.hu\/?attachment_id=3606\" class=\"wp-image-3606\" srcset=\"https:\/\/marcali.plebania.hu\/wp-content\/uploads\/2022\/05\/04-1-1024x683.jpg 1024w, https:\/\/marcali.plebania.hu\/wp-content\/uploads\/2022\/05\/04-1-300x200.jpg 300w, https:\/\/marcali.plebania.hu\/wp-content\/uploads\/2022\/05\/04-1-768x512.jpg 768w, https:\/\/marcali.plebania.hu\/wp-content\/uploads\/2022\/05\/04-1-1536x1024.jpg 1536w, https:\/\/marcali.plebania.hu\/wp-content\/uploads\/2022\/05\/04-1-2048x1365.jpg 2048w, https:\/\/marcali.plebania.hu\/wp-content\/uploads\/2022\/05\/04-1-405x270.jpg 405w\" sizes=\"auto, (max-width: 1024px) 100vw, 1024px\" \/><\/figure><\/li><\/ul><\/figure>\n\n\n\n<p>A Marcali Gy\u00fcm\u00f6lcsolt\u00f3 Boldogasszony Pl\u00e9b\u00e1niatemplomban az \u00fcnnepi istentiszteletet Kiss Iv\u00e1n c\u00edmzetes pr\u00e9post, pl\u00e9b\u00e1nos celebr\u00e1lta, melynek keret\u00e9n bel\u00fcl \u00f6sszesen 25, f\u0151leg negyedik oszt\u00e1lyos hittanos gyermeket \u00e1ldoztatott meg. A di\u00e1koknak Iv\u00e1n atya besz\u00e9lt az els\u0151\u00e1ldoz\u00e1s jelent\u0151s\u00e9g\u00e9r\u0151l, Isten szeretet\u00e9r\u0151l, a h\u00e1laad\u00e1s fontoss\u00e1g\u00e1r\u00f3l. Az \u00fcnnepi alkalom k\u00fcl\u00f6nlegess\u00e9ge volt, hogy a Marcali pl\u00e9b\u00e1nos egy olyan miseruh\u00e1t viselt, illetve egy olyan kehelyb\u0151l \u00e1ldoztatott, amit az elm\u00falt \u00e9vi Eucharisztikus Kongresszuson haszn\u00e1ltak, ezzel is eml\u00e9kezve \u00e9s eml\u00e9keztetve arra a nemzetk\u00f6zi esem\u00e9nyre, amelyet Budapesten tartottak.<\/p>\n\n\n\n<figure class=\"wp-block-gallery columns-3 is-cropped wp-block-gallery-2 is-layout-flex wp-block-gallery-is-layout-flex\"><ul class=\"blocks-gallery-grid\"><li class=\"blocks-gallery-item\"><figure><img loading=\"lazy\" decoding=\"async\" width=\"1024\" height=\"683\" src=\"https:\/\/marcali.plebania.hu\/wp-content\/uploads\/2022\/05\/10-1024x683.jpg\" alt=\"\" data-id=\"3607\" data-link=\"https:\/\/marcali.plebania.hu\/?attachment_id=3607\" class=\"wp-image-3607\" srcset=\"https:\/\/marcali.plebania.hu\/wp-content\/uploads\/2022\/05\/10-1024x683.jpg 1024w, https:\/\/marcali.plebania.hu\/wp-content\/uploads\/2022\/05\/10-300x200.jpg 300w, https:\/\/marcali.plebania.hu\/wp-content\/uploads\/2022\/05\/10-768x512.jpg 768w, https:\/\/marcali.plebania.hu\/wp-content\/uploads\/2022\/05\/10-1536x1024.jpg 1536w, https:\/\/marcali.plebania.hu\/wp-content\/uploads\/2022\/05\/10-2048x1365.jpg 2048w, https:\/\/marcali.plebania.hu\/wp-content\/uploads\/2022\/05\/10-405x270.jpg 405w\" sizes=\"auto, (max-width: 1024px) 100vw, 1024px\" \/><\/figure><\/li><li class=\"blocks-gallery-item\"><figure><img loading=\"lazy\" decoding=\"async\" width=\"1024\" height=\"683\" src=\"https:\/\/marcali.plebania.hu\/wp-content\/uploads\/2022\/05\/07-1-1024x683.jpg\" alt=\"\" data-id=\"3608\" data-link=\"https:\/\/marcali.plebania.hu\/?attachment_id=3608\" class=\"wp-image-3608\" srcset=\"https:\/\/marcali.plebania.hu\/wp-content\/uploads\/2022\/05\/07-1-1024x683.jpg 1024w, https:\/\/marcali.plebania.hu\/wp-content\/uploads\/2022\/05\/07-1-300x200.jpg 300w, https:\/\/marcali.plebania.hu\/wp-content\/uploads\/2022\/05\/07-1-768x512.jpg 768w, https:\/\/marcali.plebania.hu\/wp-content\/uploads\/2022\/05\/07-1-1536x1024.jpg 1536w, https:\/\/marcali.plebania.hu\/wp-content\/uploads\/2022\/05\/07-1-2048x1365.jpg 2048w, https:\/\/marcali.plebania.hu\/wp-content\/uploads\/2022\/05\/07-1-405x270.jpg 405w\" sizes=\"auto, (max-width: 1024px) 100vw, 1024px\" \/><\/figure><\/li><li class=\"blocks-gallery-item\"><figure><img loading=\"lazy\" decoding=\"async\" width=\"1024\" height=\"683\" src=\"https:\/\/marcali.plebania.hu\/wp-content\/uploads\/2022\/05\/06-1-1024x683.jpg\" alt=\"\" data-id=\"3609\" data-link=\"https:\/\/marcali.plebania.hu\/?attachment_id=3609\" class=\"wp-image-3609\" srcset=\"https:\/\/marcali.plebania.hu\/wp-content\/uploads\/2022\/05\/06-1-1024x683.jpg 1024w, https:\/\/marcali.plebania.hu\/wp-content\/uploads\/2022\/05\/06-1-300x200.jpg 300w, https:\/\/marcali.plebania.hu\/wp-content\/uploads\/2022\/05\/06-1-768x512.jpg 768w, https:\/\/marcali.plebania.hu\/wp-content\/uploads\/2022\/05\/06-1-1536x1024.jpg 1536w, https:\/\/marcali.plebania.hu\/wp-content\/uploads\/2022\/05\/06-1-2048x1365.jpg 2048w, https:\/\/marcali.plebania.hu\/wp-content\/uploads\/2022\/05\/06-1-405x270.jpg 405w\" sizes=\"auto, (max-width: 1024px) 100vw, 1024px\" \/><\/figure><\/li><li class=\"blocks-gallery-item\"><figure><img loading=\"lazy\" decoding=\"async\" width=\"1024\" height=\"683\" src=\"https:\/\/marcali.plebania.hu\/wp-content\/uploads\/2022\/05\/09-1024x683.jpg\" alt=\"\" data-id=\"3610\" data-full-url=\"https:\/\/marcali.plebania.hu\/wp-content\/uploads\/2022\/05\/09-scaled.jpg\" data-link=\"https:\/\/marcali.plebania.hu\/?attachment_id=3610\" class=\"wp-image-3610\" srcset=\"https:\/\/marcali.plebania.hu\/wp-content\/uploads\/2022\/05\/09-1024x683.jpg 1024w, https:\/\/marcali.plebania.hu\/wp-content\/uploads\/2022\/05\/09-300x200.jpg 300w, https:\/\/marcali.plebania.hu\/wp-content\/uploads\/2022\/05\/09-768x512.jpg 768w, https:\/\/marcali.plebania.hu\/wp-content\/uploads\/2022\/05\/09-1536x1024.jpg 1536w, https:\/\/marcali.plebania.hu\/wp-content\/uploads\/2022\/05\/09-2048x1365.jpg 2048w, https:\/\/marcali.plebania.hu\/wp-content\/uploads\/2022\/05\/09-405x270.jpg 405w\" sizes=\"auto, (max-width: 1024px) 100vw, 1024px\" \/><\/figure><\/li><\/ul><\/figure>\n\n\n\n<p>A szentmis\u00e9n Iv\u00e1n atya \u00e9s a gyermekek megk\u00f6sz\u00f6nt\u00e9k a sz\u00fcl\u0151knek, hogy id\u00e1ig elvezett\u00e9k \u0151ket a hit \u00fatj\u00e1n. A sz\u00fcl\u0151k pedig meg\u00e1ldott\u00e1k gyermekeiket.<\/p>\n\n\n\n<figure class=\"wp-block-gallery columns-3 is-cropped wp-block-gallery-3 is-layout-flex wp-block-gallery-is-layout-flex\"><ul class=\"blocks-gallery-grid\"><li class=\"blocks-gallery-item\"><figure><img loading=\"lazy\" decoding=\"async\" width=\"1024\" height=\"683\" src=\"https:\/\/marcali.plebania.hu\/wp-content\/uploads\/2022\/05\/11-1024x683.jpg\" alt=\"\" data-id=\"3611\" data-link=\"https:\/\/marcali.plebania.hu\/?attachment_id=3611\" class=\"wp-image-3611\" srcset=\"https:\/\/marcali.plebania.hu\/wp-content\/uploads\/2022\/05\/11-1024x683.jpg 1024w, https:\/\/marcali.plebania.hu\/wp-content\/uploads\/2022\/05\/11-300x200.jpg 300w, https:\/\/marcali.plebania.hu\/wp-content\/uploads\/2022\/05\/11-768x512.jpg 768w, https:\/\/marcali.plebania.hu\/wp-content\/uploads\/2022\/05\/11-1536x1024.jpg 1536w, https:\/\/marcali.plebania.hu\/wp-content\/uploads\/2022\/05\/11-2048x1365.jpg 2048w, https:\/\/marcali.plebania.hu\/wp-content\/uploads\/2022\/05\/11-405x270.jpg 405w\" sizes=\"auto, (max-width: 1024px) 100vw, 1024px\" \/><\/figure><\/li><li class=\"blocks-gallery-item\"><figure><img loading=\"lazy\" decoding=\"async\" width=\"1024\" height=\"683\" src=\"https:\/\/marcali.plebania.hu\/wp-content\/uploads\/2022\/05\/12-1024x683.jpg\" alt=\"\" data-id=\"3612\" data-link=\"https:\/\/marcali.plebania.hu\/?attachment_id=3612\" class=\"wp-image-3612\" srcset=\"https:\/\/marcali.plebania.hu\/wp-content\/uploads\/2022\/05\/12-1024x683.jpg 1024w, https:\/\/marcali.plebania.hu\/wp-content\/uploads\/2022\/05\/12-300x200.jpg 300w, https:\/\/marcali.plebania.hu\/wp-content\/uploads\/2022\/05\/12-768x512.jpg 768w, https:\/\/marcali.plebania.hu\/wp-content\/uploads\/2022\/05\/12-1536x1024.jpg 1536w, https:\/\/marcali.plebania.hu\/wp-content\/uploads\/2022\/05\/12-2048x1365.jpg 2048w, https:\/\/marcali.plebania.hu\/wp-content\/uploads\/2022\/05\/12-405x270.jpg 405w\" sizes=\"auto, (max-width: 1024px) 100vw, 1024px\" \/><\/figure><\/li><li class=\"blocks-gallery-item\"><figure><img loading=\"lazy\" decoding=\"async\" width=\"1024\" height=\"683\" src=\"https:\/\/marcali.plebania.hu\/wp-content\/uploads\/2022\/05\/13-1024x683.jpg\" alt=\"\" data-id=\"3613\" data-link=\"https:\/\/marcali.plebania.hu\/?attachment_id=3613\" class=\"wp-image-3613\" srcset=\"https:\/\/marcali.plebania.hu\/wp-content\/uploads\/2022\/05\/13-1024x683.jpg 1024w, https:\/\/marcali.plebania.hu\/wp-content\/uploads\/2022\/05\/13-300x200.jpg 300w, https:\/\/marcali.plebania.hu\/wp-content\/uploads\/2022\/05\/13-768x512.jpg 768w, https:\/\/marcali.plebania.hu\/wp-content\/uploads\/2022\/05\/13-1536x1024.jpg 1536w, https:\/\/marcali.plebania.hu\/wp-content\/uploads\/2022\/05\/13-2048x1365.jpg 2048w, https:\/\/marcali.plebania.hu\/wp-content\/uploads\/2022\/05\/13-405x270.jpg 405w\" sizes=\"auto, (max-width: 1024px) 100vw, 1024px\" \/><\/figure><\/li><li class=\"blocks-gallery-item\"><figure><img loading=\"lazy\" decoding=\"async\" width=\"1024\" height=\"683\" src=\"https:\/\/marcali.plebania.hu\/wp-content\/uploads\/2022\/05\/16-1024x683.jpg\" alt=\"\" data-id=\"3614\" data-full-url=\"https:\/\/marcali.plebania.hu\/wp-content\/uploads\/2022\/05\/16-scaled.jpg\" data-link=\"https:\/\/marcali.plebania.hu\/?attachment_id=3614\" class=\"wp-image-3614\" srcset=\"https:\/\/marcali.plebania.hu\/wp-content\/uploads\/2022\/05\/16-1024x683.jpg 1024w, https:\/\/marcali.plebania.hu\/wp-content\/uploads\/2022\/05\/16-300x200.jpg 300w, https:\/\/marcali.plebania.hu\/wp-content\/uploads\/2022\/05\/16-768x512.jpg 768w, https:\/\/marcali.plebania.hu\/wp-content\/uploads\/2022\/05\/16-1536x1024.jpg 1536w, https:\/\/marcali.plebania.hu\/wp-content\/uploads\/2022\/05\/16-2048x1365.jpg 2048w, https:\/\/marcali.plebania.hu\/wp-content\/uploads\/2022\/05\/16-405x270.jpg 405w\" sizes=\"auto, (max-width: 1024px) 100vw, 1024px\" \/><\/figure><\/li><\/ul><figcaption class=\"blocks-gallery-caption\"><br><\/figcaption><\/figure>\n\n\n\n<figure class=\"wp-block-gallery columns-3 is-cropped wp-block-gallery-4 is-layout-flex wp-block-gallery-is-layout-flex\"><ul class=\"blocks-gallery-grid\"><li class=\"blocks-gallery-item\"><figure><img loading=\"lazy\" decoding=\"async\" width=\"1024\" height=\"683\" src=\"https:\/\/marcali.plebania.hu\/wp-content\/uploads\/2022\/05\/14-1024x683.jpg\" alt=\"\" data-id=\"3615\" data-link=\"https:\/\/marcali.plebania.hu\/?attachment_id=3615\" class=\"wp-image-3615\" srcset=\"https:\/\/marcali.plebania.hu\/wp-content\/uploads\/2022\/05\/14-1024x683.jpg 1024w, https:\/\/marcali.plebania.hu\/wp-content\/uploads\/2022\/05\/14-300x200.jpg 300w, https:\/\/marcali.plebania.hu\/wp-content\/uploads\/2022\/05\/14-768x512.jpg 768w, https:\/\/marcali.plebania.hu\/wp-content\/uploads\/2022\/05\/14-1536x1024.jpg 1536w, https:\/\/marcali.plebania.hu\/wp-content\/uploads\/2022\/05\/14-2048x1365.jpg 2048w, https:\/\/marcali.plebania.hu\/wp-content\/uploads\/2022\/05\/14-405x270.jpg 405w\" sizes=\"auto, (max-width: 1024px) 100vw, 1024px\" \/><\/figure><\/li><li class=\"blocks-gallery-item\"><figure><img loading=\"lazy\" decoding=\"async\" width=\"1024\" height=\"683\" src=\"https:\/\/marcali.plebania.hu\/wp-content\/uploads\/2022\/05\/15-1024x683.jpg\" alt=\"\" data-id=\"3616\" data-link=\"https:\/\/marcali.plebania.hu\/?attachment_id=3616\" class=\"wp-image-3616\" srcset=\"https:\/\/marcali.plebania.hu\/wp-content\/uploads\/2022\/05\/15-1024x683.jpg 1024w, https:\/\/marcali.plebania.hu\/wp-content\/uploads\/2022\/05\/15-300x200.jpg 300w, https:\/\/marcali.plebania.hu\/wp-content\/uploads\/2022\/05\/15-768x512.jpg 768w, https:\/\/marcali.plebania.hu\/wp-content\/uploads\/2022\/05\/15-1536x1024.jpg 1536w, https:\/\/marcali.plebania.hu\/wp-content\/uploads\/2022\/05\/15-2048x1365.jpg 2048w, https:\/\/marcali.plebania.hu\/wp-content\/uploads\/2022\/05\/15-405x270.jpg 405w\" sizes=\"auto, (max-width: 1024px) 100vw, 1024px\" \/><\/figure><\/li><li class=\"blocks-gallery-item\"><figure><img loading=\"lazy\" decoding=\"async\" width=\"1024\" height=\"683\" src=\"https:\/\/marcali.plebania.hu\/wp-content\/uploads\/2022\/05\/17-1024x683.jpg\" alt=\"\" data-id=\"3617\" data-link=\"https:\/\/marcali.plebania.hu\/?attachment_id=3617\" class=\"wp-image-3617\" srcset=\"https:\/\/marcali.plebania.hu\/wp-content\/uploads\/2022\/05\/17-1024x683.jpg 1024w, https:\/\/marcali.plebania.hu\/wp-content\/uploads\/2022\/05\/17-300x200.jpg 300w, https:\/\/marcali.plebania.hu\/wp-content\/uploads\/2022\/05\/17-768x512.jpg 768w, https:\/\/marcali.plebania.hu\/wp-content\/uploads\/2022\/05\/17-1536x1024.jpg 1536w, https:\/\/marcali.plebania.hu\/wp-content\/uploads\/2022\/05\/17-2048x1365.jpg 2048w, https:\/\/marcali.plebania.hu\/wp-content\/uploads\/2022\/05\/17-405x270.jpg 405w\" sizes=\"auto, (max-width: 1024px) 100vw, 1024px\" \/><\/figure><\/li><li class=\"blocks-gallery-item\"><figure><img loading=\"lazy\" decoding=\"async\" width=\"1024\" height=\"683\" src=\"https:\/\/marcali.plebania.hu\/wp-content\/uploads\/2022\/05\/20-1024x683.jpg\" alt=\"\" data-id=\"3618\" data-full-url=\"https:\/\/marcali.plebania.hu\/wp-content\/uploads\/2022\/05\/20-scaled.jpg\" data-link=\"https:\/\/marcali.plebania.hu\/?attachment_id=3618\" class=\"wp-image-3618\" srcset=\"https:\/\/marcali.plebania.hu\/wp-content\/uploads\/2022\/05\/20-1024x683.jpg 1024w, https:\/\/marcali.plebania.hu\/wp-content\/uploads\/2022\/05\/20-300x200.jpg 300w, https:\/\/marcali.plebania.hu\/wp-content\/uploads\/2022\/05\/20-768x512.jpg 768w, https:\/\/marcali.plebania.hu\/wp-content\/uploads\/2022\/05\/20-1536x1024.jpg 1536w, https:\/\/marcali.plebania.hu\/wp-content\/uploads\/2022\/05\/20-2048x1365.jpg 2048w, https:\/\/marcali.plebania.hu\/wp-content\/uploads\/2022\/05\/20-405x270.jpg 405w\" sizes=\"auto, (max-width: 1024px) 100vw, 1024px\" \/><\/figure><\/li><\/ul><\/figure>\n\n\n\n<p>Az \u00fcnneps\u00e9get az els\u0151\u00e1ldoz\u00f3k pedag\u00f3gusai is megtisztelt\u00e9k a h\u00edvek sokas\u00e1ga mellett. Az istentiszteleten Balogh B\u00e1lint k\u00e1ntor \u00e9s a F\u00e9ny Gyermekei Zenekar m\u0171k\u00f6d\u00f6tt k\u00f6zre.<\/p>\n\n\n\n<figure class=\"wp-block-gallery columns-3 is-cropped wp-block-gallery-5 is-layout-flex wp-block-gallery-is-layout-flex\"><ul class=\"blocks-gallery-grid\"><li class=\"blocks-gallery-item\"><figure><img loading=\"lazy\" decoding=\"async\" width=\"1024\" height=\"683\" src=\"https:\/\/marcali.plebania.hu\/wp-content\/uploads\/2022\/05\/23-1024x683.jpg\" alt=\"\" data-id=\"3619\" data-link=\"https:\/\/marcali.plebania.hu\/?attachment_id=3619\" class=\"wp-image-3619\" srcset=\"https:\/\/marcali.plebania.hu\/wp-content\/uploads\/2022\/05\/23-1024x683.jpg 1024w, https:\/\/marcali.plebania.hu\/wp-content\/uploads\/2022\/05\/23-300x200.jpg 300w, https:\/\/marcali.plebania.hu\/wp-content\/uploads\/2022\/05\/23-768x512.jpg 768w, https:\/\/marcali.plebania.hu\/wp-content\/uploads\/2022\/05\/23-1536x1024.jpg 1536w, https:\/\/marcali.plebania.hu\/wp-content\/uploads\/2022\/05\/23-2048x1365.jpg 2048w, https:\/\/marcali.plebania.hu\/wp-content\/uploads\/2022\/05\/23-405x270.jpg 405w\" sizes=\"auto, (max-width: 1024px) 100vw, 1024px\" \/><\/figure><\/li><li class=\"blocks-gallery-item\"><figure><img loading=\"lazy\" decoding=\"async\" width=\"1024\" height=\"683\" src=\"https:\/\/marcali.plebania.hu\/wp-content\/uploads\/2022\/05\/24-1024x683.jpg\" alt=\"\" data-id=\"3620\" data-link=\"https:\/\/marcali.plebania.hu\/?attachment_id=3620\" class=\"wp-image-3620\" srcset=\"https:\/\/marcali.plebania.hu\/wp-content\/uploads\/2022\/05\/24-1024x683.jpg 1024w, https:\/\/marcali.plebania.hu\/wp-content\/uploads\/2022\/05\/24-300x200.jpg 300w, https:\/\/marcali.plebania.hu\/wp-content\/uploads\/2022\/05\/24-768x512.jpg 768w, https:\/\/marcali.plebania.hu\/wp-content\/uploads\/2022\/05\/24-1536x1024.jpg 1536w, https:\/\/marcali.plebania.hu\/wp-content\/uploads\/2022\/05\/24-2048x1365.jpg 2048w, https:\/\/marcali.plebania.hu\/wp-content\/uploads\/2022\/05\/24-405x270.jpg 405w\" sizes=\"auto, (max-width: 1024px) 100vw, 1024px\" \/><\/figure><\/li><li class=\"blocks-gallery-item\"><figure><img loading=\"lazy\" decoding=\"async\" width=\"1024\" height=\"683\" src=\"https:\/\/marcali.plebania.hu\/wp-content\/uploads\/2022\/05\/25-1024x683.jpg\" alt=\"\" data-id=\"3621\" data-link=\"https:\/\/marcali.plebania.hu\/?attachment_id=3621\" class=\"wp-image-3621\" srcset=\"https:\/\/marcali.plebania.hu\/wp-content\/uploads\/2022\/05\/25-1024x683.jpg 1024w, https:\/\/marcali.plebania.hu\/wp-content\/uploads\/2022\/05\/25-300x200.jpg 300w, https:\/\/marcali.plebania.hu\/wp-content\/uploads\/2022\/05\/25-768x512.jpg 768w, https:\/\/marcali.plebania.hu\/wp-content\/uploads\/2022\/05\/25-1536x1024.jpg 1536w, https:\/\/marcali.plebania.hu\/wp-content\/uploads\/2022\/05\/25-2048x1365.jpg 2048w, https:\/\/marcali.plebania.hu\/wp-content\/uploads\/2022\/05\/25-405x270.jpg 405w\" sizes=\"auto, (max-width: 1024px) 100vw, 1024px\" \/><\/figure><\/li><li class=\"blocks-gallery-item\"><figure><img loading=\"lazy\" decoding=\"async\" width=\"1024\" height=\"683\" src=\"https:\/\/marcali.plebania.hu\/wp-content\/uploads\/2022\/05\/27-1024x683.jpg\" alt=\"\" data-id=\"3622\" data-full-url=\"https:\/\/marcali.plebania.hu\/wp-content\/uploads\/2022\/05\/27-scaled.jpg\" data-link=\"https:\/\/marcali.plebania.hu\/?attachment_id=3622\" class=\"wp-image-3622\" srcset=\"https:\/\/marcali.plebania.hu\/wp-content\/uploads\/2022\/05\/27-1024x683.jpg 1024w, https:\/\/marcali.plebania.hu\/wp-content\/uploads\/2022\/05\/27-300x200.jpg 300w, https:\/\/marcali.plebania.hu\/wp-content\/uploads\/2022\/05\/27-768x512.jpg 768w, https:\/\/marcali.plebania.hu\/wp-content\/uploads\/2022\/05\/27-1536x1024.jpg 1536w, https:\/\/marcali.plebania.hu\/wp-content\/uploads\/2022\/05\/27-2048x1365.jpg 2048w, https:\/\/marcali.plebania.hu\/wp-content\/uploads\/2022\/05\/27-405x270.jpg 405w\" sizes=\"auto, (max-width: 1024px) 100vw, 1024px\" \/><\/figure><\/li><\/ul><\/figure>\n","protected":false},"excerpt":{"rendered":"<p>2022. m\u00e1jus 22-\u00e9n, vas\u00e1rnap 10 \u00f3rakor \u00fcnnepre gy\u0171ltek \u00f6ssze azok a hittanos gyermekek \u00e9s csal\u00e1djaik, hogy \u2013 a koronav\u00edrus-j\u00e1rv\u00e1ny miatt \u2013 egy \u00e9v kihagy\u00e1s ut\u00e1n elhalasztott els\u0151\u00e1ldoz\u00e1s kegyelm\u00e9ben r\u00e9szes\u00fcljenek. A Marcali Gy\u00fcm\u00f6lcsolt\u00f3 Boldogasszony Pl\u00e9b\u00e1niatemplomban az \u00fcnnepi istentiszteletet Kiss Iv\u00e1n c\u00edmzetes pr\u00e9post, pl\u00e9b\u00e1nos celebr\u00e1lta, melynek keret\u00e9n bel\u00fcl \u00f6sszesen 25, f\u0151leg negyedik oszt\u00e1lyos hittanos gyermeket \u00e1ldoztatott meg. A di\u00e1koknak Iv\u00e1n atya besz\u00e9lt az els\u0151\u00e1ldoz\u00e1s jelent\u0151s\u00e9g\u00e9r\u0151l, Isten szeretet\u00e9r\u0151l, a h\u00e1laad\u00e1s fontoss\u00e1g\u00e1r\u00f3l. Az \u00fcnnepi alkalom k\u00fcl\u00f6nlegess\u00e9ge volt, hogy a Marcali pl\u00e9b\u00e1nos egy olyan miseruh\u00e1t&#8230;<\/p>\n<p class=\"read-more\"><a class=\"btn btn-default\" href=\"https:\/\/marcali.plebania.hu\/?p=3602\"> Read More<span class=\"screen-reader-text\">  Read More<\/span><\/a><\/p>\n","protected":false},"author":2,"featured_media":0,"comment_status":"closed","ping_status":"open","sticky":false,"template":"","format":"standard","meta":{"footnotes":""},"categories":[1],"tags":[],"class_list":["post-3602","post","type-post","status-publish","format-standard","hentry","category-egyeb"],"_links":{"self":[{"href":"https:\/\/marcali.plebania.hu\/index.php?rest_route=\/wp\/v2\/posts\/3602","targetHints":{"allow":["GET"]}}],"collection":[{"href":"https:\/\/marcali.plebania.hu\/index.php?rest_route=\/wp\/v2\/posts"}],"about":[{"href":"https:\/\/marcali.plebania.hu\/index.php?rest_route=\/wp\/v2\/types\/post"}],"author":[{"embeddable":true,"href":"https:\/\/marcali.plebania.hu\/index.php?rest_route=\/wp\/v2\/users\/2"}],"replies":[{"embeddable":true,"href":"https:\/\/marcali.plebania.hu\/index.php?rest_route=%2Fwp%2Fv2%2Fcomments&post=3602"}],"version-history":[{"count":1,"href":"https:\/\/marcali.plebania.hu\/index.php?rest_route=\/wp\/v2\/posts\/3602\/revisions"}],"predecessor-version":[{"id":3623,"href":"https:\/\/marcali.plebania.hu\/index.php?rest_route=\/wp\/v2\/posts\/3602\/revisions\/3623"}],"wp:attachment":[{"href":"https:\/\/marcali.plebania.hu\/index.php?rest_route=%2Fwp%2Fv2%2Fmedia&parent=3602"}],"wp:term":[{"taxonomy":"category","embeddable":true,"href":"https:\/\/marcali.plebania.hu\/index.php?rest_route=%2Fwp%2Fv2%2Fcategories&post=3602"},{"taxonomy":"post_tag","embeddable":true,"href":"https:\/\/marcali.plebania.hu\/index.php?rest_route=%2Fwp%2Fv2%2Ftags&post=3602"}],"curies":[{"name":"wp","href":"https:\/\/api.w.org\/{rel}","templated":true}]}}