{"id":361,"date":"2018-09-21T06:55:21","date_gmt":"2018-09-21T06:55:21","guid":{"rendered":"https:\/\/marcali.plebania.hu\/?p=361"},"modified":"2018-09-24T09:43:33","modified_gmt":"2018-09-24T09:43:33","slug":"hirdetesek-2018-09-23","status":"publish","type":"post","link":"https:\/\/marcali.plebania.hu\/?p=361","title":{"rendered":"Hirdet\u00e9sek, 2018. 09. 23."},"content":{"rendered":"<p>&nbsp;<\/p>\n<ol>\n<li>Ma van az \u00e9vk\u00f6zi 25. vas\u00e1rnap.<\/li>\n<li>A h\u00e9ten keddt\u0151l este 18 \u00f3rakor szentmis\u00e9k.<\/li>\n<li>A fot\u00f3 \u00e9s rajzp\u00e1ly\u00e1zat lead\u00e1s\u00e1nak hat\u00e1rideje szeptember 28-ka (p\u00e9ntek). Egyh\u00e1zmegyei d\u00edjak is lesznek (k\u00f6nyv \u00e9s j\u00e1t\u00e9k v\u00e1s\u00e1rl\u00e1si utalv\u00e1nyok). A fot\u00f3kat e-mailen kell elk\u00fcldeni a hitoktat\u00f3kt\u00f3l megnevezett e-mail c\u00edmre. Ma a szentmis\u00e9k ut\u00e1n seg\u00edt\u00fcnk azoknak, akik fot\u00f3p\u00e1ly\u00e1zatra k\u00e9sz\u00fclnek.<\/li>\n<li>J\u00f6v\u0151 vas\u00e1rnap a B. Gizella templomban miserend v\u00e1ltoz\u00e1s lesz: d\u00e9lel\u0151tt 10 \u00f3rakor lesz a szentmise. (Az esti szentmise elmrad!)<\/li>\n<li>J\u00f6v\u0151 vas\u00e1rnap 11 \u00f3rakor az Orb\u00e1n k\u00e1poln\u00e1ban term\u00e9nybetakar\u00edt\u00f3 h\u00e1laad\u00f3 szemtmise lesz.<\/li>\n<li>A K\u00c9SZ Marcali Csoportja okt\u00f3ber 20-\u00e1n tervezi zar\u00e1ndoklat\u00e1t Sz\u00e9kesfeh\u00e9rv\u00e1rra, a szakr\u00e1lis \u00e9rt\u00e9kek megtekint\u00e9s\u00e9re. A buszk\u00f6lts\u00e9g a K\u00c9SZ-tagoknak ingyenes lesz. Az \u00fatra a h\u00edvek is jelentkezhetnek \u00fatik\u00f6lts\u00e9g t\u00e9r\u00edt\u00e9s ellen\u00e9ben. Jelentkezni a pl\u00e9b\u00e1ni\u00e1n lehet.<\/li>\n<li>A R\u00f3zsaf\u00fcz\u00e9r T\u00e1rsulat okt\u00f3ber 6-\u00e1n, Segesden tartja meg az els\u0151 szombatot, aki a tagok k\u00f6z\u00fcl tud, az egy\u00e9nileg utazzon el aut\u00f3busszal.<\/li>\n<li>\u00daj Ember \u00fajs\u00e1g a sekresty\u00e9ben \u00e1tvehet\u0151.<\/li>\n<\/ol>\n","protected":false},"excerpt":{"rendered":"<p>&nbsp; Ma van az \u00e9vk\u00f6zi 25. vas\u00e1rnap. A h\u00e9ten keddt\u0151l este 18 \u00f3rakor szentmis\u00e9k. A fot\u00f3 \u00e9s rajzp\u00e1ly\u00e1zat lead\u00e1s\u00e1nak hat\u00e1rideje szeptember 28-ka (p\u00e9ntek). Egyh\u00e1zmegyei d\u00edjak is lesznek (k\u00f6nyv \u00e9s j\u00e1t\u00e9k v\u00e1s\u00e1rl\u00e1si utalv\u00e1nyok). A fot\u00f3kat e-mailen kell elk\u00fcldeni a hitoktat\u00f3kt\u00f3l megnevezett e-mail c\u00edmre. Ma a szentmis\u00e9k ut\u00e1n seg\u00edt\u00fcnk azoknak, akik fot\u00f3p\u00e1ly\u00e1zatra k\u00e9sz\u00fclnek. J\u00f6v\u0151 vas\u00e1rnap a B. Gizella templomban miserend v\u00e1ltoz\u00e1s lesz: d\u00e9lel\u0151tt 10 \u00f3rakor lesz a szentmise. (Az esti szentmise elmrad!) J\u00f6v\u0151 vas\u00e1rnap 11 \u00f3rakor az Orb\u00e1n k\u00e1poln\u00e1ban term\u00e9nybetakar\u00edt\u00f3 h\u00e1laad\u00f3 szemtmise&#8230;<\/p>\n<p class=\"read-more\"><a class=\"btn btn-default\" href=\"https:\/\/marcali.plebania.hu\/?p=361\"> Read More<span class=\"screen-reader-text\">  Read More<\/span><\/a><\/p>\n","protected":false},"author":2,"featured_media":0,"comment_status":"closed","ping_status":"open","sticky":false,"template":"","format":"standard","meta":{"footnotes":""},"categories":[1],"tags":[],"class_list":["post-361","post","type-post","status-publish","format-standard","hentry","category-egyeb"],"_links":{"self":[{"href":"https:\/\/marcali.plebania.hu\/index.php?rest_route=\/wp\/v2\/posts\/361","targetHints":{"allow":["GET"]}}],"collection":[{"href":"https:\/\/marcali.plebania.hu\/index.php?rest_route=\/wp\/v2\/posts"}],"about":[{"href":"https:\/\/marcali.plebania.hu\/index.php?rest_route=\/wp\/v2\/types\/post"}],"author":[{"embeddable":true,"href":"https:\/\/marcali.plebania.hu\/index.php?rest_route=\/wp\/v2\/users\/2"}],"replies":[{"embeddable":true,"href":"https:\/\/marcali.plebania.hu\/index.php?rest_route=%2Fwp%2Fv2%2Fcomments&post=361"}],"version-history":[{"count":4,"href":"https:\/\/marcali.plebania.hu\/index.php?rest_route=\/wp\/v2\/posts\/361\/revisions"}],"predecessor-version":[{"id":367,"href":"https:\/\/marcali.plebania.hu\/index.php?rest_route=\/wp\/v2\/posts\/361\/revisions\/367"}],"wp:attachment":[{"href":"https:\/\/marcali.plebania.hu\/index.php?rest_route=%2Fwp%2Fv2%2Fmedia&parent=361"}],"wp:term":[{"taxonomy":"category","embeddable":true,"href":"https:\/\/marcali.plebania.hu\/index.php?rest_route=%2Fwp%2Fv2%2Fcategories&post=361"},{"taxonomy":"post_tag","embeddable":true,"href":"https:\/\/marcali.plebania.hu\/index.php?rest_route=%2Fwp%2Fv2%2Ftags&post=361"}],"curies":[{"name":"wp","href":"https:\/\/api.w.org\/{rel}","templated":true}]}}