{"id":3624,"date":"2022-05-27T09:41:34","date_gmt":"2022-05-27T09:41:34","guid":{"rendered":"https:\/\/marcali.plebania.hu\/?p=3624"},"modified":"2022-06-03T08:39:15","modified_gmt":"2022-06-03T08:39:15","slug":"hirdetesek-2022-05-29","status":"publish","type":"post","link":"https:\/\/marcali.plebania.hu\/?p=3624","title":{"rendered":"Hirdet\u00e9sek, 2022. 05. 29."},"content":{"rendered":"\n<ol class=\"wp-block-list\"><li>Ma Urunk mennybemenetel\u00e9nek \u00fcnnepe van.<\/li><li>A h\u00e9ten, p\u00e9nteken, els\u0151 p\u00e9ntek 17.30-kor szents\u00e9gim\u00e1d\u00e1s, 18 \u00f3rakor szentmise. A szentmise el\u0151tt gy\u00f3n\u00e1si lehet\u0151s\u00e9g.<\/li><li>Els\u0151 szombat is lesz, 17 \u00f3rakor ima\u00f3ra, 18 \u00f3rakor p\u00fcnk\u00f6sd el\u0151esti szentmise.<\/li><li>P\u00fcnk\u00f6sdvas\u00e1rnap mindh\u00e1rom templomban a szokott id\u0151ben szentmise.<\/li><li>P\u00fcnk\u00f6sdh\u00e9tf\u0151n 9 \u00f3rakor a pl\u00e9b\u00e1niatemplomban szentmise. Ezen a napon, Somogyszentp\u00e1lon 11 \u00f3rakor Berta Tibor dand\u00e1rt\u00e1bornok, t\u00e1bori p\u00fcsp\u00f6k szentmis\u00e9t mutat be pl\u00e9b\u00e1nos el\u0151d\u00f6m, R\u00e9vai J\u00f3zsef lelki \u00fcdv\u00e9\u00e9rt. Ugyanakkor egy eml\u00e9kt\u00e1bl\u00e1t is elhelyeznek a somogyszentp\u00e1li templom fal\u00e1ra, mivel R\u00e9vai J\u00f3zsef atya ezen a napon lenne 105 \u00e9ves.<\/li><li>A k\u00f6vetkez\u0151 h\u00e9ten, kedden (j\u00falius 7-\u00e9n) 18 \u00f3rakor a K\u00c9SZ szervez\u00e9s\u00e9ben L\u0151rincz S\u00e1ndor \u00edr\u00f3, \u00fajs\u00e1g\u00edr\u00f3: A kegyelem er\u0151ter\u00e9ben c\u00edm\u0171 k\u00f6nyv\u00e9nek bemutat\u00f3ja lesz az X-h\u00e1zban. A szerz\u0151 vend\u00e9gei Kiss Iv\u00e1n c. pr\u00e9post, pl\u00e9b\u00e1nos \u00e9s dr. Rumszauer Mikl\u00f3s p\u00fcsp\u00f6ki helyn\u00f6k, a kaposv\u00e1ri Szt. Margit-Szt. J\u00f3zsef templom pl\u00e9b\u00e1nosa lesznek. Az el\u0151ad\u00e1sra a h\u00edveket is szeretettel h\u00edvj\u00e1k \u00e9s v\u00e1rj\u00e1k a szervez\u0151k.<\/li><li>J\u00fanius 10-\u00e9n (p\u00e9nteken) 17 \u00f3rakor: A v\u00e1ratlan \u00e9let c\u00edm\u0171 \u00e9letv\u00e9d\u0151 filmet vet\u00edtj\u00fck az X-h\u00e1zban, melyre minden \u00e9rdekl\u0151d\u0151t szeretettel h\u00edvunk \u00e9s v\u00e1runk.<\/li><li>Hittanos napk\u00f6zis ny\u00e1ri t\u00e1bort szervez\u00fcnk 2022. j\u00fanius 27-j\u00falius 1. k\u00f6z\u00f6tt az 1-6. oszt\u00e1lyos gyerekeknek, 40 gyermek jelentkez\u00e9st tudjuk elfogadni. A t\u00e1bor tartalmaz napi 3x-i \u00e9tkez\u00e9st (kiv\u00e9ve az eg\u00e9sz napos kir\u00e1ndul\u00e1s\u00e9t), kir\u00e1ndul\u00e1s k\u00f6lts\u00e9g\u00e9t, bel\u00e9p\u0151ket, anyagk\u00f6lts\u00e9get. Jelentkez\u00e9s a hitoktat\u00f3kn\u00e1l, t\u00faljelentkez\u00e9s eset\u00e9n a jelentkez\u0151k k\u00f6z\u00f6tt az id\u0151rendis\u00e9g \u00e9s a hittanos magaviselet d\u00f6nt. T\u00e1bori sz\u00fcl\u0151i \u00e9rtekezlet: 2022. j\u00fanius 22\u00e9n 17 \u00f3ra X-h\u00e1z, ahol a r\u00e9szv\u00e9teli d\u00edj befizet\u00e9s\u00e9vel v\u00e9gleges\u00edtik gyermek\u00fck jelentkez\u00e9s\u00e9t.<\/li><li>A K\u00c9SZ Marcali Csoportja 2022. augusztus 6-\u00e1n, szombaton zar\u00e1ndoklatot szervez P\u00e9lif\u00f6ldszentkereszt-Baj\u00f3t-Tata-Tatab\u00e1nya szakr\u00e1lis \u00e9rt\u00e9keinek megtekint\u00e9s\u00e9re. A zar\u00e1ndoklatra b\u00e1rki jelentkezhet, az \u00fatik\u00f6lts\u00e9g: 14.000- Ft\/f\u0151. A K\u00c9SZ tagoknak a buszk\u00f6lts\u00e9g 10.000- Ft. Jelentkezni S\u00e1voly Andre\u00e1n\u00e1l \u00e9s Kiss K\u00e1lm\u00e1nn\u00e1l, vagy a pl\u00e9b\u00e1ni\u00e1n lehet.<\/li><\/ol>\n","protected":false},"excerpt":{"rendered":"<p>Ma Urunk mennybemenetel\u00e9nek \u00fcnnepe van. A h\u00e9ten, p\u00e9nteken, els\u0151 p\u00e9ntek 17.30-kor szents\u00e9gim\u00e1d\u00e1s, 18 \u00f3rakor szentmise. A szentmise el\u0151tt gy\u00f3n\u00e1si lehet\u0151s\u00e9g. Els\u0151 szombat is lesz, 17 \u00f3rakor ima\u00f3ra, 18 \u00f3rakor p\u00fcnk\u00f6sd el\u0151esti szentmise. P\u00fcnk\u00f6sdvas\u00e1rnap mindh\u00e1rom templomban a szokott id\u0151ben szentmise. P\u00fcnk\u00f6sdh\u00e9tf\u0151n 9 \u00f3rakor a pl\u00e9b\u00e1niatemplomban szentmise. Ezen a napon, Somogyszentp\u00e1lon 11 \u00f3rakor Berta Tibor dand\u00e1rt\u00e1bornok, t\u00e1bori p\u00fcsp\u00f6k szentmis\u00e9t mutat be pl\u00e9b\u00e1nos el\u0151d\u00f6m, R\u00e9vai J\u00f3zsef lelki \u00fcdv\u00e9\u00e9rt. Ugyanakkor egy eml\u00e9kt\u00e1bl\u00e1t is elhelyeznek a somogyszentp\u00e1li templom fal\u00e1ra, mivel R\u00e9vai J\u00f3zsef atya ezen a&#8230;<\/p>\n<p class=\"read-more\"><a class=\"btn btn-default\" href=\"https:\/\/marcali.plebania.hu\/?p=3624\"> Read More<span class=\"screen-reader-text\">  Read More<\/span><\/a><\/p>\n","protected":false},"author":2,"featured_media":0,"comment_status":"closed","ping_status":"open","sticky":false,"template":"","format":"standard","meta":{"footnotes":""},"categories":[1],"tags":[],"class_list":["post-3624","post","type-post","status-publish","format-standard","hentry","category-egyeb"],"_links":{"self":[{"href":"https:\/\/marcali.plebania.hu\/index.php?rest_route=\/wp\/v2\/posts\/3624","targetHints":{"allow":["GET"]}}],"collection":[{"href":"https:\/\/marcali.plebania.hu\/index.php?rest_route=\/wp\/v2\/posts"}],"about":[{"href":"https:\/\/marcali.plebania.hu\/index.php?rest_route=\/wp\/v2\/types\/post"}],"author":[{"embeddable":true,"href":"https:\/\/marcali.plebania.hu\/index.php?rest_route=\/wp\/v2\/users\/2"}],"replies":[{"embeddable":true,"href":"https:\/\/marcali.plebania.hu\/index.php?rest_route=%2Fwp%2Fv2%2Fcomments&post=3624"}],"version-history":[{"count":2,"href":"https:\/\/marcali.plebania.hu\/index.php?rest_route=\/wp\/v2\/posts\/3624\/revisions"}],"predecessor-version":[{"id":3669,"href":"https:\/\/marcali.plebania.hu\/index.php?rest_route=\/wp\/v2\/posts\/3624\/revisions\/3669"}],"wp:attachment":[{"href":"https:\/\/marcali.plebania.hu\/index.php?rest_route=%2Fwp%2Fv2%2Fmedia&parent=3624"}],"wp:term":[{"taxonomy":"category","embeddable":true,"href":"https:\/\/marcali.plebania.hu\/index.php?rest_route=%2Fwp%2Fv2%2Fcategories&post=3624"},{"taxonomy":"post_tag","embeddable":true,"href":"https:\/\/marcali.plebania.hu\/index.php?rest_route=%2Fwp%2Fv2%2Ftags&post=3624"}],"curies":[{"name":"wp","href":"https:\/\/api.w.org\/{rel}","templated":true}]}}