{"id":3626,"date":"2022-06-01T14:57:10","date_gmt":"2022-06-01T14:57:10","guid":{"rendered":"https:\/\/marcali.plebania.hu\/?p=3626"},"modified":"2022-06-01T14:57:10","modified_gmt":"2022-06-01T14:57:10","slug":"plebanos-eletmudija-hitoktato-dijazasa-hittanosok-nyertes-rajzai","status":"publish","type":"post","link":"https:\/\/marcali.plebania.hu\/?p=3626","title":{"rendered":"Pl\u00e9b\u00e1nos \u00e9letm\u0171d\u00edja, hitoktat\u00f3 d\u00edjaz\u00e1sa, hittanosok nyertes rajzai"},"content":{"rendered":"\n<p>2022. m\u00e1jus 28-\u00e1n, a\nKaposv\u00e1ri Egyh\u00e1zmegye alap\u00edt\u00e1s\u00e1nak 29-ik \u00e9vfordul\u00f3j\u00e1n, \u00fcnnepi szentmis\u00e9vel\nz\u00e1rult az Els\u0151 Kaposv\u00e1ri Egyh\u00e1zmegyei Zsinat.<\/p>\n\n\n\n<p>A h\u00e1laad\u00f3 szentmise f\u0151celebr\u00e1nsa Dr. Udvardy Gy\u00f6rgy veszpr\u00e9mi \u00e9rsek volt. Az Egyh\u00e1zmegyei Napon h\u00e1rmas \u00fcnnepet \u00fcltek: az \u00e9vfordul\u00f3, illetve a zsinati folyamat lez\u00e1r\u00e1sa mellett a Kaposv\u00e1ri Egyh\u00e1zmegye ter\u00fclet\u00e9n \u00e9l\u0151 hittanosok sz\u00e1m\u00e1ra meghirdetett \u201eM\u00e1ria, az \u00e9n \u00e9gi \u00e9desany\u00e1m\u201d c\u00edm\u0171 p\u00e1ly\u00e1zat d\u00edjkioszt\u00f3j\u00e1ra is sor ker\u00fclt. A t\u00f6bb mint \u00f6tsz\u00e1z be\u00e9rkezett p\u00e1lyam\u0171 k\u00f6z\u00fcl k\u00e9t Marcali di\u00e1k is j\u00f3l szerepelt: Vetr\u00f3 Dorka Rebeka arany, S\u00e1ndor R\u00e9ka ez\u00fcst min\u0151s\u00edt\u00e9st kapott a saj\u00e1t kateg\u00f3ri\u00e1j\u00e1ban.<\/p>\n\n\n\n<figure class=\"wp-block-gallery columns-3 is-cropped wp-block-gallery-1 is-layout-flex wp-block-gallery-is-layout-flex\"><ul class=\"blocks-gallery-grid\"><li class=\"blocks-gallery-item\"><figure><img loading=\"lazy\" decoding=\"async\" width=\"960\" height=\"619\" src=\"https:\/\/marcali.plebania.hu\/wp-content\/uploads\/2022\/06\/276035738_691735145198740_1564505229464933888_n.jpg\" alt=\"\" data-id=\"3627\" data-link=\"https:\/\/marcali.plebania.hu\/?attachment_id=3627\" class=\"wp-image-3627\" srcset=\"https:\/\/marcali.plebania.hu\/wp-content\/uploads\/2022\/06\/276035738_691735145198740_1564505229464933888_n.jpg 960w, https:\/\/marcali.plebania.hu\/wp-content\/uploads\/2022\/06\/276035738_691735145198740_1564505229464933888_n-300x193.jpg 300w, https:\/\/marcali.plebania.hu\/wp-content\/uploads\/2022\/06\/276035738_691735145198740_1564505229464933888_n-768x495.jpg 768w, https:\/\/marcali.plebania.hu\/wp-content\/uploads\/2022\/06\/276035738_691735145198740_1564505229464933888_n-419x270.jpg 419w\" sizes=\"auto, (max-width: 960px) 100vw, 960px\" \/><\/figure><\/li><li class=\"blocks-gallery-item\"><figure><img loading=\"lazy\" decoding=\"async\" width=\"750\" height=\"1024\" src=\"https:\/\/marcali.plebania.hu\/wp-content\/uploads\/2022\/06\/S\u00e1ndor-R\u00e9ka-750x1024.jpeg\" alt=\"\" data-id=\"3628\" data-link=\"https:\/\/marcali.plebania.hu\/?attachment_id=3628\" class=\"wp-image-3628\" srcset=\"https:\/\/marcali.plebania.hu\/wp-content\/uploads\/2022\/06\/S\u00e1ndor-R\u00e9ka-750x1024.jpeg 750w, https:\/\/marcali.plebania.hu\/wp-content\/uploads\/2022\/06\/S\u00e1ndor-R\u00e9ka-220x300.jpeg 220w, https:\/\/marcali.plebania.hu\/wp-content\/uploads\/2022\/06\/S\u00e1ndor-R\u00e9ka-768x1049.jpeg 768w, https:\/\/marcali.plebania.hu\/wp-content\/uploads\/2022\/06\/S\u00e1ndor-R\u00e9ka-1124x1536.jpeg 1124w, https:\/\/marcali.plebania.hu\/wp-content\/uploads\/2022\/06\/S\u00e1ndor-R\u00e9ka-1499x2048.jpeg 1499w, https:\/\/marcali.plebania.hu\/wp-content\/uploads\/2022\/06\/S\u00e1ndor-R\u00e9ka-198x270.jpeg 198w, https:\/\/marcali.plebania.hu\/wp-content\/uploads\/2022\/06\/S\u00e1ndor-R\u00e9ka-scaled.jpeg 1874w\" sizes=\"auto, (max-width: 750px) 100vw, 750px\" \/><\/figure><\/li><li class=\"blocks-gallery-item\"><figure><img loading=\"lazy\" decoding=\"async\" width=\"768\" height=\"1024\" src=\"https:\/\/marcali.plebania.hu\/wp-content\/uploads\/2022\/06\/image0-768x1024.jpeg\" alt=\"\" data-id=\"3629\" data-link=\"https:\/\/marcali.plebania.hu\/?attachment_id=3629\" class=\"wp-image-3629\" srcset=\"https:\/\/marcali.plebania.hu\/wp-content\/uploads\/2022\/06\/image0-768x1024.jpeg 768w, https:\/\/marcali.plebania.hu\/wp-content\/uploads\/2022\/06\/image0-225x300.jpeg 225w, https:\/\/marcali.plebania.hu\/wp-content\/uploads\/2022\/06\/image0-1152x1536.jpeg 1152w, https:\/\/marcali.plebania.hu\/wp-content\/uploads\/2022\/06\/image0-1536x2048.jpeg 1536w, https:\/\/marcali.plebania.hu\/wp-content\/uploads\/2022\/06\/image0-203x270.jpeg 203w, https:\/\/marcali.plebania.hu\/wp-content\/uploads\/2022\/06\/image0-scaled.jpeg 1920w\" sizes=\"auto, (max-width: 768px) 100vw, 768px\" \/><\/figure><\/li><li class=\"blocks-gallery-item\"><figure><img loading=\"lazy\" decoding=\"async\" width=\"1024\" height=\"683\" src=\"https:\/\/marcali.plebania.hu\/wp-content\/uploads\/2022\/06\/img037-1024x683.jpg\" alt=\"\" data-id=\"3630\" data-full-url=\"https:\/\/marcali.plebania.hu\/wp-content\/uploads\/2022\/06\/img037.jpg\" data-link=\"https:\/\/marcali.plebania.hu\/?attachment_id=3630\" class=\"wp-image-3630\" srcset=\"https:\/\/marcali.plebania.hu\/wp-content\/uploads\/2022\/06\/img037-1024x683.jpg 1024w, https:\/\/marcali.plebania.hu\/wp-content\/uploads\/2022\/06\/img037-300x200.jpg 300w, https:\/\/marcali.plebania.hu\/wp-content\/uploads\/2022\/06\/img037-768x512.jpg 768w, https:\/\/marcali.plebania.hu\/wp-content\/uploads\/2022\/06\/img037-1536x1024.jpg 1536w, https:\/\/marcali.plebania.hu\/wp-content\/uploads\/2022\/06\/img037-405x270.jpg 405w, https:\/\/marcali.plebania.hu\/wp-content\/uploads\/2022\/06\/img037.jpg 1600w\" sizes=\"auto, (max-width: 1024px) 100vw, 1024px\" \/><\/figure><\/li><\/ul><\/figure>\n\n\n\n<p>A hitoktat\u00f3knak ki\u00edrt\nm\u00f3dszertani p\u00e1ly\u00e1zaton az egyik Marcali hitoktat\u00f3 munk\u00e1j\u00e1t is d\u00edjazt\u00e1k: dr.\nGyulain\u00e9 Domj\u00e1n Zsuzsanna ott volt az els\u0151k k\u00f6z\u00f6tt.<\/p>\n\n\n\n<p>A zsinat lez\u00e1r\u00e1s\u00e1nak alkalm\u00e1b\u00f3l Varga L\u00e1szl\u00f3 megy\u00e9sp\u00fcsp\u00f6k megalap\u00edtotta a Tan\u00fas\u00e1gtev\u0151 \u00c9let\u00e9rt d\u00edjat, melyet \u00e9vente \u00edt\u00e9lnek oda olyan egyh\u00e1zi \u00e9s vil\u00e1gi szem\u00e9lyek sz\u00e1m\u00e1ra, akiknek \u00e9lete \u00e9s szolg\u00e1lata p\u00e9lda\u00e9rt\u00e9k\u0171. Az \u00e1tadott m\u00e9ltat\u00f3 oklev\u00e9l mell\u00e9 megkapt\u00e1k a d\u00edjazottak az erre az alkalomra Cz\u00f3bel Mariann kaposv\u00e1ri t\u0171zzom\u00e1nc-k\u00e9sz\u00edt\u0151 \u00e1ltal tervezett \u00e9s elk\u00e9sz\u00edtett munk\u00e1j\u00e1t melyben a d\u00edjazottak felismerhetik a benn\u00fck \u00e9g\u0151 t\u00fczet, melyben egy kereszt l\u00e1that\u00f3 \u00e9s a cs\u00facson ott van az ostya, az Olt\u00e1riszents\u00e9g.<\/p>\n\n\n\n<figure class=\"wp-block-image size-large\"><img loading=\"lazy\" decoding=\"async\" width=\"768\" height=\"1024\" src=\"https:\/\/marcali.plebania.hu\/wp-content\/uploads\/2022\/06\/IMG_1580-1-768x1024.jpg\" alt=\"\" class=\"wp-image-3636\" srcset=\"https:\/\/marcali.plebania.hu\/wp-content\/uploads\/2022\/06\/IMG_1580-1-768x1024.jpg 768w, https:\/\/marcali.plebania.hu\/wp-content\/uploads\/2022\/06\/IMG_1580-1-225x300.jpg 225w, https:\/\/marcali.plebania.hu\/wp-content\/uploads\/2022\/06\/IMG_1580-1-1152x1536.jpg 1152w, https:\/\/marcali.plebania.hu\/wp-content\/uploads\/2022\/06\/IMG_1580-1-203x270.jpg 203w, https:\/\/marcali.plebania.hu\/wp-content\/uploads\/2022\/06\/IMG_1580-1-rotated.jpg 1224w\" sizes=\"auto, (max-width: 768px) 100vw, 768px\" \/><\/figure>\n\n\n\n<p>Ebben az \u00e9vben:<\/p>\n\n\n\n<p>Dr. Erd\u0151 P\u00e9ter b\u00edboros;<\/p>\n\n\n\n<p>Prof. Dr. Rosta Istv\u00e1n\nakad\u00e9mikus;<\/p>\n\n\n\n<p>Kiss Iv\u00e1n marcali pl\u00e9b\u00e1nos;<\/p>\n\n\n\n<p>N\u00e9meth Endre \u00e1lland\u00f3\ndiak\u00f3nus;<\/p>\n\n\n\n<p>Nagy \u00c9va ferences n\u0151v\u00e9r r\u00e9szes\u00fclt\na kit\u00fcntet\u00e9sben.<\/p>\n\n\n\n<p>Varga L\u00e1szl\u00f3 kaposv\u00e1ri megy\u00e9sp\u00fcsp\u00f6k 2022. m\u00e1jus 28-\u00e1n, Kaposv\u00e1ron Kiss Iv\u00e1n marcali pl\u00e9b\u00e1nost a Tan\u00fas\u00e1gtev\u0151 \u00c9let\u00e9rt d\u00edjjal t\u00fcntette ki. A d\u00edjhoz tartoz\u00f3 zom\u00e1nc alkot\u00e1st Cz\u00f3bel Marianna zom\u00e1ncm\u0171v\u00e9sz k\u00e9sz\u00edtette.<\/p>\n\n\n\n<figure class=\"wp-block-gallery columns-3 is-cropped wp-block-gallery-2 is-layout-flex wp-block-gallery-is-layout-flex\"><ul class=\"blocks-gallery-grid\"><li class=\"blocks-gallery-item\"><figure><img loading=\"lazy\" decoding=\"async\" width=\"1024\" height=\"683\" src=\"https:\/\/marcali.plebania.hu\/wp-content\/uploads\/2022\/06\/img023-1024x683.jpg\" alt=\"\" data-id=\"3632\" data-link=\"https:\/\/marcali.plebania.hu\/?attachment_id=3632\" class=\"wp-image-3632\" srcset=\"https:\/\/marcali.plebania.hu\/wp-content\/uploads\/2022\/06\/img023-1024x683.jpg 1024w, https:\/\/marcali.plebania.hu\/wp-content\/uploads\/2022\/06\/img023-300x200.jpg 300w, https:\/\/marcali.plebania.hu\/wp-content\/uploads\/2022\/06\/img023-768x512.jpg 768w, https:\/\/marcali.plebania.hu\/wp-content\/uploads\/2022\/06\/img023-1536x1024.jpg 1536w, https:\/\/marcali.plebania.hu\/wp-content\/uploads\/2022\/06\/img023-405x270.jpg 405w, https:\/\/marcali.plebania.hu\/wp-content\/uploads\/2022\/06\/img023.jpg 1600w\" sizes=\"auto, (max-width: 1024px) 100vw, 1024px\" \/><\/figure><\/li><li class=\"blocks-gallery-item\"><figure><img loading=\"lazy\" decoding=\"async\" width=\"1024\" height=\"683\" src=\"https:\/\/marcali.plebania.hu\/wp-content\/uploads\/2022\/06\/img010-1024x683.jpg\" alt=\"\" data-id=\"3633\" data-link=\"https:\/\/marcali.plebania.hu\/?attachment_id=3633\" class=\"wp-image-3633\" srcset=\"https:\/\/marcali.plebania.hu\/wp-content\/uploads\/2022\/06\/img010-1024x683.jpg 1024w, https:\/\/marcali.plebania.hu\/wp-content\/uploads\/2022\/06\/img010-300x200.jpg 300w, https:\/\/marcali.plebania.hu\/wp-content\/uploads\/2022\/06\/img010-768x512.jpg 768w, https:\/\/marcali.plebania.hu\/wp-content\/uploads\/2022\/06\/img010-1536x1024.jpg 1536w, https:\/\/marcali.plebania.hu\/wp-content\/uploads\/2022\/06\/img010-405x270.jpg 405w, https:\/\/marcali.plebania.hu\/wp-content\/uploads\/2022\/06\/img010.jpg 1600w\" sizes=\"auto, (max-width: 1024px) 100vw, 1024px\" \/><\/figure><\/li><li class=\"blocks-gallery-item\"><figure><img loading=\"lazy\" decoding=\"async\" width=\"1024\" height=\"683\" src=\"https:\/\/marcali.plebania.hu\/wp-content\/uploads\/2022\/06\/img045-1024x683.jpg\" alt=\"\" data-id=\"3634\" data-link=\"https:\/\/marcali.plebania.hu\/?attachment_id=3634\" class=\"wp-image-3634\" srcset=\"https:\/\/marcali.plebania.hu\/wp-content\/uploads\/2022\/06\/img045-1024x683.jpg 1024w, https:\/\/marcali.plebania.hu\/wp-content\/uploads\/2022\/06\/img045-300x200.jpg 300w, https:\/\/marcali.plebania.hu\/wp-content\/uploads\/2022\/06\/img045-768x512.jpg 768w, https:\/\/marcali.plebania.hu\/wp-content\/uploads\/2022\/06\/img045-1536x1024.jpg 1536w, https:\/\/marcali.plebania.hu\/wp-content\/uploads\/2022\/06\/img045-405x270.jpg 405w, https:\/\/marcali.plebania.hu\/wp-content\/uploads\/2022\/06\/img045.jpg 1600w\" sizes=\"auto, (max-width: 1024px) 100vw, 1024px\" \/><\/figure><\/li><li class=\"blocks-gallery-item\"><figure><img loading=\"lazy\" decoding=\"async\" width=\"1024\" height=\"683\" src=\"https:\/\/marcali.plebania.hu\/wp-content\/uploads\/2022\/06\/img044-1024x683.jpg\" alt=\"\" data-id=\"3635\" data-full-url=\"https:\/\/marcali.plebania.hu\/wp-content\/uploads\/2022\/06\/img044.jpg\" data-link=\"https:\/\/marcali.plebania.hu\/?attachment_id=3635\" class=\"wp-image-3635\" srcset=\"https:\/\/marcali.plebania.hu\/wp-content\/uploads\/2022\/06\/img044-1024x683.jpg 1024w, https:\/\/marcali.plebania.hu\/wp-content\/uploads\/2022\/06\/img044-300x200.jpg 300w, https:\/\/marcali.plebania.hu\/wp-content\/uploads\/2022\/06\/img044-768x512.jpg 768w, https:\/\/marcali.plebania.hu\/wp-content\/uploads\/2022\/06\/img044-1536x1024.jpg 1536w, https:\/\/marcali.plebania.hu\/wp-content\/uploads\/2022\/06\/img044-405x270.jpg 405w, https:\/\/marcali.plebania.hu\/wp-content\/uploads\/2022\/06\/img044.jpg 1600w\" sizes=\"auto, (max-width: 1024px) 100vw, 1024px\" \/><\/figure><\/li><\/ul><\/figure>\n\n\n\n<p>Az elhangzott laud\u00e1ci\u00f3\nsz\u00f6vege:<\/p>\n\n\n\n<p>Kiss Iv\u00e1n marcali pl\u00e9b\u00e1nost\n48 \u00e9vvel ezel\u0151tt szentelt\u00e9k \u00e1ldoz\u00f3papp\u00e1. L\u00e1tr\u00e1nyban, Nagykanizs\u00e1n \u00e9s Kaposv\u00e1ron\nt\u00f6lt\u00f6tt k\u00e1pl\u00e1ni \u00e9vek ut\u00e1n pl\u00e9b\u00e1nosk\u00e9nt szolg\u00e1lt Somogyh\u00e1rs\u00e1gyon, Somogyv\u00e1ron,\nK\u0151r\u00f6shegyen \u00e9s Marcaliban. 1990-t\u0151l helyettes esperes, 1996-t\u00f3l 25 \u00e9ven \u00e1t a\nSomogyv\u00e1ri Esperesi Ker\u00fclet esperese \u00e9s 2003-t\u00f3l c\u00edmzetes pr\u00e9post.<\/p>\n\n\n\n<p>Kezdetekt\u0151l bekapcsol\u00f3dott az\nUni\u00f3 Cleri k\u00f6z\u00f6ss\u00e9g szervez\u00e9s\u00e9be, sz\u00edv\u00fcgy\u00e9nek tekintve az egys\u00e9g \u00e9p\u00edt\u00e9s\u00e9t\npapjaink k\u00f6z\u00f6tt. Esperesk\u00e9nt, atyak\u00e9nt t\u00f6r\u0151d\u00f6tt ker\u00fclete papjaival, l\u00e1togatta,\nseg\u00edtette \u0151ket.<\/p>\n\n\n\n<p>M\u00e9dia felel\u0151sk\u00e9nt, Karit\u00e1sz\nszervez\u0151k\u00e9nt \u00e9s hitoktat\u00e1si referensk\u00e9nt nagyon sok szolg\u00e1latot tett\negyh\u00e1zmegy\u00e9nk megismertet\u00e9s\u00e9\u00e9rt, a szeg\u00e9nyek szolg\u00e1lat\u00e1\u00e9rt \u00e9s a hitoktat\u00e1s\nel\u0151mozd\u00edt\u00e1s\u00e1\u00e9rt.<\/p>\n\n\n\n<p>Istennek, egyh\u00e1z\u00e1nak odaaj\u00e1nd\u00e9kozott\n\u00e9lete, hivat\u00e1s\u00e1nak engedelmes, sz\u00edvb\u0151l fakad\u00f3, \u00f6r\u00f6mteli meg\u00e9l\u00e9se p\u00e9lda\u00e9rt\u00e9k\u0171\nmindannyiunk sz\u00e1m\u00e1ra.<\/p>\n","protected":false},"excerpt":{"rendered":"<p>2022. m\u00e1jus 28-\u00e1n, a Kaposv\u00e1ri Egyh\u00e1zmegye alap\u00edt\u00e1s\u00e1nak 29-ik \u00e9vfordul\u00f3j\u00e1n, \u00fcnnepi szentmis\u00e9vel z\u00e1rult az Els\u0151 Kaposv\u00e1ri Egyh\u00e1zmegyei Zsinat. A h\u00e1laad\u00f3 szentmise f\u0151celebr\u00e1nsa Dr. Udvardy Gy\u00f6rgy veszpr\u00e9mi \u00e9rsek volt. Az Egyh\u00e1zmegyei Napon h\u00e1rmas \u00fcnnepet \u00fcltek: az \u00e9vfordul\u00f3, illetve a zsinati folyamat lez\u00e1r\u00e1sa mellett a Kaposv\u00e1ri Egyh\u00e1zmegye ter\u00fclet\u00e9n \u00e9l\u0151 hittanosok sz\u00e1m\u00e1ra meghirdetett \u201eM\u00e1ria, az \u00e9n \u00e9gi \u00e9desany\u00e1m\u201d c\u00edm\u0171 p\u00e1ly\u00e1zat d\u00edjkioszt\u00f3j\u00e1ra is sor ker\u00fclt. A t\u00f6bb mint \u00f6tsz\u00e1z be\u00e9rkezett p\u00e1lyam\u0171 k\u00f6z\u00fcl k\u00e9t Marcali di\u00e1k is j\u00f3l szerepelt: Vetr\u00f3 Dorka Rebeka arany, S\u00e1ndor R\u00e9ka ez\u00fcst&#8230;<\/p>\n<p class=\"read-more\"><a class=\"btn btn-default\" href=\"https:\/\/marcali.plebania.hu\/?p=3626\"> Read More<span class=\"screen-reader-text\">  Read More<\/span><\/a><\/p>\n","protected":false},"author":2,"featured_media":0,"comment_status":"closed","ping_status":"open","sticky":false,"template":"","format":"standard","meta":{"footnotes":""},"categories":[1],"tags":[],"class_list":["post-3626","post","type-post","status-publish","format-standard","hentry","category-egyeb"],"_links":{"self":[{"href":"https:\/\/marcali.plebania.hu\/index.php?rest_route=\/wp\/v2\/posts\/3626","targetHints":{"allow":["GET"]}}],"collection":[{"href":"https:\/\/marcali.plebania.hu\/index.php?rest_route=\/wp\/v2\/posts"}],"about":[{"href":"https:\/\/marcali.plebania.hu\/index.php?rest_route=\/wp\/v2\/types\/post"}],"author":[{"embeddable":true,"href":"https:\/\/marcali.plebania.hu\/index.php?rest_route=\/wp\/v2\/users\/2"}],"replies":[{"embeddable":true,"href":"https:\/\/marcali.plebania.hu\/index.php?rest_route=%2Fwp%2Fv2%2Fcomments&post=3626"}],"version-history":[{"count":1,"href":"https:\/\/marcali.plebania.hu\/index.php?rest_route=\/wp\/v2\/posts\/3626\/revisions"}],"predecessor-version":[{"id":3637,"href":"https:\/\/marcali.plebania.hu\/index.php?rest_route=\/wp\/v2\/posts\/3626\/revisions\/3637"}],"wp:attachment":[{"href":"https:\/\/marcali.plebania.hu\/index.php?rest_route=%2Fwp%2Fv2%2Fmedia&parent=3626"}],"wp:term":[{"taxonomy":"category","embeddable":true,"href":"https:\/\/marcali.plebania.hu\/index.php?rest_route=%2Fwp%2Fv2%2Fcategories&post=3626"},{"taxonomy":"post_tag","embeddable":true,"href":"https:\/\/marcali.plebania.hu\/index.php?rest_route=%2Fwp%2Fv2%2Ftags&post=3626"}],"curies":[{"name":"wp","href":"https:\/\/api.w.org\/{rel}","templated":true}]}}