{"id":3638,"date":"2022-06-01T15:05:17","date_gmt":"2022-06-01T15:05:17","guid":{"rendered":"https:\/\/marcali.plebania.hu\/?p=3638"},"modified":"2022-06-01T15:05:17","modified_gmt":"2022-06-01T15:05:17","slug":"bermalas-a-marcali-plebaniatemplomban-2","status":"publish","type":"post","link":"https:\/\/marcali.plebania.hu\/?p=3638","title":{"rendered":"B\u00e9rm\u00e1l\u00e1s a Marcali pl\u00e9b\u00e1niatemplomban"},"content":{"rendered":"\n<p>2022. m\u00e1jus 29-\u00e9n, vas\u00e1rnap 10.30 \u00f3rakor kezd\u0151d\u00f6tt b\u00e9rm\u00e1l\u00e1s Marcaliban, a Gy\u00fcm\u00f6lcsolt\u00f3 Boldogasszony pl\u00e9b\u00e1niatemplomban.<\/p>\n\n\n\n<figure class=\"wp-block-gallery columns-3 is-cropped wp-block-gallery-1 is-layout-flex wp-block-gallery-is-layout-flex\"><ul class=\"blocks-gallery-grid\"><li class=\"blocks-gallery-item\"><figure><img loading=\"lazy\" decoding=\"async\" width=\"1024\" height=\"683\" src=\"https:\/\/marcali.plebania.hu\/wp-content\/uploads\/2022\/06\/03-1024x683.jpg\" alt=\"\" data-id=\"3639\" data-link=\"https:\/\/marcali.plebania.hu\/?attachment_id=3639\" class=\"wp-image-3639\" srcset=\"https:\/\/marcali.plebania.hu\/wp-content\/uploads\/2022\/06\/03-1024x683.jpg 1024w, https:\/\/marcali.plebania.hu\/wp-content\/uploads\/2022\/06\/03-300x200.jpg 300w, https:\/\/marcali.plebania.hu\/wp-content\/uploads\/2022\/06\/03-768x512.jpg 768w, https:\/\/marcali.plebania.hu\/wp-content\/uploads\/2022\/06\/03-1536x1024.jpg 1536w, https:\/\/marcali.plebania.hu\/wp-content\/uploads\/2022\/06\/03-2048x1365.jpg 2048w, https:\/\/marcali.plebania.hu\/wp-content\/uploads\/2022\/06\/03-405x270.jpg 405w\" sizes=\"auto, (max-width: 1024px) 100vw, 1024px\" \/><\/figure><\/li><li class=\"blocks-gallery-item\"><figure><img loading=\"lazy\" decoding=\"async\" width=\"1024\" height=\"683\" src=\"https:\/\/marcali.plebania.hu\/wp-content\/uploads\/2022\/06\/04-1024x683.jpg\" alt=\"\" data-id=\"3640\" data-link=\"https:\/\/marcali.plebania.hu\/?attachment_id=3640\" class=\"wp-image-3640\" srcset=\"https:\/\/marcali.plebania.hu\/wp-content\/uploads\/2022\/06\/04-1024x683.jpg 1024w, https:\/\/marcali.plebania.hu\/wp-content\/uploads\/2022\/06\/04-300x200.jpg 300w, https:\/\/marcali.plebania.hu\/wp-content\/uploads\/2022\/06\/04-768x512.jpg 768w, https:\/\/marcali.plebania.hu\/wp-content\/uploads\/2022\/06\/04-1536x1024.jpg 1536w, https:\/\/marcali.plebania.hu\/wp-content\/uploads\/2022\/06\/04-2048x1365.jpg 2048w, https:\/\/marcali.plebania.hu\/wp-content\/uploads\/2022\/06\/04-405x270.jpg 405w\" sizes=\"auto, (max-width: 1024px) 100vw, 1024px\" \/><\/figure><\/li><li class=\"blocks-gallery-item\"><figure><img loading=\"lazy\" decoding=\"async\" width=\"1024\" height=\"683\" src=\"https:\/\/marcali.plebania.hu\/wp-content\/uploads\/2022\/06\/09-1024x683.jpg\" alt=\"\" data-id=\"3641\" data-link=\"https:\/\/marcali.plebania.hu\/?attachment_id=3641\" class=\"wp-image-3641\" srcset=\"https:\/\/marcali.plebania.hu\/wp-content\/uploads\/2022\/06\/09-1024x683.jpg 1024w, https:\/\/marcali.plebania.hu\/wp-content\/uploads\/2022\/06\/09-300x200.jpg 300w, https:\/\/marcali.plebania.hu\/wp-content\/uploads\/2022\/06\/09-768x512.jpg 768w, https:\/\/marcali.plebania.hu\/wp-content\/uploads\/2022\/06\/09-1536x1024.jpg 1536w, https:\/\/marcali.plebania.hu\/wp-content\/uploads\/2022\/06\/09-2048x1365.jpg 2048w, https:\/\/marcali.plebania.hu\/wp-content\/uploads\/2022\/06\/09-405x270.jpg 405w\" sizes=\"auto, (max-width: 1024px) 100vw, 1024px\" \/><\/figure><\/li><li class=\"blocks-gallery-item\"><figure><img loading=\"lazy\" decoding=\"async\" width=\"1024\" height=\"683\" src=\"https:\/\/marcali.plebania.hu\/wp-content\/uploads\/2022\/06\/07-1024x683.jpg\" alt=\"\" data-id=\"3642\" data-full-url=\"https:\/\/marcali.plebania.hu\/wp-content\/uploads\/2022\/06\/07-scaled.jpg\" data-link=\"https:\/\/marcali.plebania.hu\/?attachment_id=3642\" class=\"wp-image-3642\" srcset=\"https:\/\/marcali.plebania.hu\/wp-content\/uploads\/2022\/06\/07-1024x683.jpg 1024w, https:\/\/marcali.plebania.hu\/wp-content\/uploads\/2022\/06\/07-300x200.jpg 300w, https:\/\/marcali.plebania.hu\/wp-content\/uploads\/2022\/06\/07-768x512.jpg 768w, https:\/\/marcali.plebania.hu\/wp-content\/uploads\/2022\/06\/07-1536x1024.jpg 1536w, https:\/\/marcali.plebania.hu\/wp-content\/uploads\/2022\/06\/07-2048x1365.jpg 2048w, https:\/\/marcali.plebania.hu\/wp-content\/uploads\/2022\/06\/07-405x270.jpg 405w\" sizes=\"auto, (max-width: 1024px) 100vw, 1024px\" \/><\/figure><\/li><\/ul><\/figure>\n\n\n\n<p>Az istentiszteletet Varga L\u00e1szl\u00f3 kaposv\u00e1ri megy\u00e9sp\u00fcsp\u00f6k celebr\u00e1lta, akit az egyh\u00e1zk\u00f6zs\u00e9g r\u00e9sz\u00e9r\u0151l Gelencs\u00e9r R\u00f3bert vil\u00e1gi eln\u00f6k, a b\u00e9rm\u00e1lkoz\u00f3k nev\u00e9ben pedig Bogn\u00e1r Emese \u00e9s Szanyi Szabolcs k\u00f6sz\u00f6nt\u00f6tt. A p\u00fcsp\u00f6k szentbesz\u00e9d\u00e9ben els\u0151sorban a b\u00e9rm\u00e1l\u00e1s jelent\u0151s\u00e9g\u00e9r\u0151l, az Isten ir\u00e1nti szeretetr\u0151l \u00e9s az elk\u00f6telez\u0151d\u00e9sr\u0151l besz\u00e9lt az ifjaknak. Kiemelte, hogy a b\u00e9rm\u00e1lkoz\u00f3k tan\u00fas\u00e1gt\u00e9tel\u00e9n m\u00falik, hogy mennyire ismeri meg k\u00f6rnyezete az egyh\u00e1zat. Az egyh\u00e1znak pedig sz\u00fcks\u00e9ge van olyan tan\u00fakra, akik \u00e1t\u00e9lt\u00e9k \u00e9s megtapasztalt\u00e1k Isten szeretet\u00e9t, \u00e9s \u00e9let\u00fck p\u00e9ld\u00e1j\u00e1val k\u00e9pesek hirdetni ezt az \u00f6r\u00f6m\u00f6t a vil\u00e1g fel\u00e9. \u201eIstent \u00f6nmag\u00e1\u00e9rt szeretj\u00fck, im\u00e1inkkal dics\u0151\u00edtj\u00fck \u00f6t!\u201d \u2013 mondta. A legfontosabbak: \u201eAz im\u00e1d\u00e1s, dics\u0151\u00edt\u00e9s \u00e9s magasztal\u00e1s.\u201d A legf\u0151bb c\u00e9l az, hogy b\u00e9rm\u00e1l\u00e1s ut\u00e1n m\u00e9g jobban ismerj\u00e9k, illetve tapasztalj\u00e1k meg a fiatalok ezt az isteni szeretetet. De figyelmeztetett is a p\u00fcsp\u00f6k, hogy ennek \u00e9rdek\u00e9ben hajland\u00f3k-e megbocs\u00e1tani, illetve a Szentl\u00e9lek aj\u00e1nd\u00e9kai\u00e9rt im\u00e1dkozni.<\/p>\n\n\n\n<figure class=\"wp-block-gallery columns-3 is-cropped wp-block-gallery-2 is-layout-flex wp-block-gallery-is-layout-flex\"><ul class=\"blocks-gallery-grid\"><li class=\"blocks-gallery-item\"><figure><img loading=\"lazy\" decoding=\"async\" width=\"1024\" height=\"683\" src=\"https:\/\/marcali.plebania.hu\/wp-content\/uploads\/2022\/06\/24-1024x683.jpg\" alt=\"\" data-id=\"3643\" data-link=\"https:\/\/marcali.plebania.hu\/?attachment_id=3643\" class=\"wp-image-3643\" srcset=\"https:\/\/marcali.plebania.hu\/wp-content\/uploads\/2022\/06\/24-1024x683.jpg 1024w, https:\/\/marcali.plebania.hu\/wp-content\/uploads\/2022\/06\/24-300x200.jpg 300w, https:\/\/marcali.plebania.hu\/wp-content\/uploads\/2022\/06\/24-768x512.jpg 768w, https:\/\/marcali.plebania.hu\/wp-content\/uploads\/2022\/06\/24-1536x1024.jpg 1536w, https:\/\/marcali.plebania.hu\/wp-content\/uploads\/2022\/06\/24-2048x1365.jpg 2048w, https:\/\/marcali.plebania.hu\/wp-content\/uploads\/2022\/06\/24-405x270.jpg 405w\" sizes=\"auto, (max-width: 1024px) 100vw, 1024px\" \/><\/figure><\/li><li class=\"blocks-gallery-item\"><figure><img loading=\"lazy\" decoding=\"async\" width=\"1024\" height=\"683\" src=\"https:\/\/marcali.plebania.hu\/wp-content\/uploads\/2022\/06\/25-1024x683.jpg\" alt=\"\" data-id=\"3644\" data-link=\"https:\/\/marcali.plebania.hu\/?attachment_id=3644\" class=\"wp-image-3644\" srcset=\"https:\/\/marcali.plebania.hu\/wp-content\/uploads\/2022\/06\/25-1024x683.jpg 1024w, https:\/\/marcali.plebania.hu\/wp-content\/uploads\/2022\/06\/25-300x200.jpg 300w, https:\/\/marcali.plebania.hu\/wp-content\/uploads\/2022\/06\/25-768x512.jpg 768w, https:\/\/marcali.plebania.hu\/wp-content\/uploads\/2022\/06\/25-1536x1024.jpg 1536w, https:\/\/marcali.plebania.hu\/wp-content\/uploads\/2022\/06\/25-2048x1365.jpg 2048w, https:\/\/marcali.plebania.hu\/wp-content\/uploads\/2022\/06\/25-405x270.jpg 405w\" sizes=\"auto, (max-width: 1024px) 100vw, 1024px\" \/><\/figure><\/li><li class=\"blocks-gallery-item\"><figure><img loading=\"lazy\" decoding=\"async\" width=\"1024\" height=\"683\" src=\"https:\/\/marcali.plebania.hu\/wp-content\/uploads\/2022\/06\/27-1024x683.jpg\" alt=\"\" data-id=\"3645\" data-link=\"https:\/\/marcali.plebania.hu\/?attachment_id=3645\" class=\"wp-image-3645\" srcset=\"https:\/\/marcali.plebania.hu\/wp-content\/uploads\/2022\/06\/27-1024x683.jpg 1024w, https:\/\/marcali.plebania.hu\/wp-content\/uploads\/2022\/06\/27-300x200.jpg 300w, https:\/\/marcali.plebania.hu\/wp-content\/uploads\/2022\/06\/27-768x512.jpg 768w, https:\/\/marcali.plebania.hu\/wp-content\/uploads\/2022\/06\/27-1536x1024.jpg 1536w, https:\/\/marcali.plebania.hu\/wp-content\/uploads\/2022\/06\/27-2048x1365.jpg 2048w, https:\/\/marcali.plebania.hu\/wp-content\/uploads\/2022\/06\/27-405x270.jpg 405w\" sizes=\"auto, (max-width: 1024px) 100vw, 1024px\" \/><\/figure><\/li><li class=\"blocks-gallery-item\"><figure><img loading=\"lazy\" decoding=\"async\" width=\"1024\" height=\"683\" src=\"https:\/\/marcali.plebania.hu\/wp-content\/uploads\/2022\/06\/28-1024x683.jpg\" alt=\"\" data-id=\"3646\" data-full-url=\"https:\/\/marcali.plebania.hu\/wp-content\/uploads\/2022\/06\/28-scaled.jpg\" data-link=\"https:\/\/marcali.plebania.hu\/?attachment_id=3646\" class=\"wp-image-3646\" srcset=\"https:\/\/marcali.plebania.hu\/wp-content\/uploads\/2022\/06\/28-1024x683.jpg 1024w, https:\/\/marcali.plebania.hu\/wp-content\/uploads\/2022\/06\/28-300x200.jpg 300w, https:\/\/marcali.plebania.hu\/wp-content\/uploads\/2022\/06\/28-768x512.jpg 768w, https:\/\/marcali.plebania.hu\/wp-content\/uploads\/2022\/06\/28-1536x1024.jpg 1536w, https:\/\/marcali.plebania.hu\/wp-content\/uploads\/2022\/06\/28-2048x1365.jpg 2048w, https:\/\/marcali.plebania.hu\/wp-content\/uploads\/2022\/06\/28-405x270.jpg 405w\" sizes=\"auto, (max-width: 1024px) 100vw, 1024px\" \/><\/figure><\/li><\/ul><\/figure>\n\n\n\n<p>Majd Kiss Iv\u00e1n c. pr\u00e9post, pl\u00e9b\u00e1nos bemutatta a b\u00e9rm\u00e1lkoz\u00f3kat. Elmondta, hogy az elm\u00falt id\u0151szakban, a v\u00edrushelyzet miatt, csak lassabban indult be az egyh\u00e1zi \u00e9let, \u00e9s a fiatalok bekapcsol\u00f3dtak az egyh\u00e1zk\u00f6zs\u00e9g \u00e9let\u00e9be (pl. keresztutat v\u00e9gzetek, k\u00fcl\u00f6nb\u00f6z\u0151 programokon vettek r\u00e9szt). Ezt k\u00f6vet\u0151en meg\u00faj\u00edtott\u00e1k kereszts\u00e9gi fogadalmukat, majd a p\u00fcsp\u00f6k \u00f6sszesen 29, nyolcadik oszt\u00e1lyos fiatalt r\u00e9szes\u00edtett a b\u00e9rm\u00e1l\u00e1s szents\u00e9g\u00e9ben.<\/p>\n\n\n\n<figure class=\"wp-block-gallery columns-3 is-cropped wp-block-gallery-3 is-layout-flex wp-block-gallery-is-layout-flex\"><ul class=\"blocks-gallery-grid\"><li class=\"blocks-gallery-item\"><figure><img loading=\"lazy\" decoding=\"async\" width=\"1024\" height=\"683\" src=\"https:\/\/marcali.plebania.hu\/wp-content\/uploads\/2022\/06\/30-1024x683.jpg\" alt=\"\" data-id=\"3647\" data-link=\"https:\/\/marcali.plebania.hu\/?attachment_id=3647\" class=\"wp-image-3647\" srcset=\"https:\/\/marcali.plebania.hu\/wp-content\/uploads\/2022\/06\/30-1024x683.jpg 1024w, https:\/\/marcali.plebania.hu\/wp-content\/uploads\/2022\/06\/30-300x200.jpg 300w, https:\/\/marcali.plebania.hu\/wp-content\/uploads\/2022\/06\/30-768x512.jpg 768w, https:\/\/marcali.plebania.hu\/wp-content\/uploads\/2022\/06\/30-1536x1024.jpg 1536w, https:\/\/marcali.plebania.hu\/wp-content\/uploads\/2022\/06\/30-2048x1365.jpg 2048w, https:\/\/marcali.plebania.hu\/wp-content\/uploads\/2022\/06\/30-405x270.jpg 405w\" sizes=\"auto, (max-width: 1024px) 100vw, 1024px\" \/><\/figure><\/li><li class=\"blocks-gallery-item\"><figure><img loading=\"lazy\" decoding=\"async\" width=\"1024\" height=\"683\" src=\"https:\/\/marcali.plebania.hu\/wp-content\/uploads\/2022\/06\/31-1024x683.jpg\" alt=\"\" data-id=\"3648\" data-link=\"https:\/\/marcali.plebania.hu\/?attachment_id=3648\" class=\"wp-image-3648\" srcset=\"https:\/\/marcali.plebania.hu\/wp-content\/uploads\/2022\/06\/31-1024x683.jpg 1024w, https:\/\/marcali.plebania.hu\/wp-content\/uploads\/2022\/06\/31-300x200.jpg 300w, https:\/\/marcali.plebania.hu\/wp-content\/uploads\/2022\/06\/31-768x512.jpg 768w, https:\/\/marcali.plebania.hu\/wp-content\/uploads\/2022\/06\/31-1536x1024.jpg 1536w, https:\/\/marcali.plebania.hu\/wp-content\/uploads\/2022\/06\/31-2048x1365.jpg 2048w, https:\/\/marcali.plebania.hu\/wp-content\/uploads\/2022\/06\/31-405x270.jpg 405w\" sizes=\"auto, (max-width: 1024px) 100vw, 1024px\" \/><\/figure><\/li><li class=\"blocks-gallery-item\"><figure><img loading=\"lazy\" decoding=\"async\" width=\"1024\" height=\"683\" src=\"https:\/\/marcali.plebania.hu\/wp-content\/uploads\/2022\/06\/33-1024x683.jpg\" alt=\"\" data-id=\"3649\" data-link=\"https:\/\/marcali.plebania.hu\/?attachment_id=3649\" class=\"wp-image-3649\" srcset=\"https:\/\/marcali.plebania.hu\/wp-content\/uploads\/2022\/06\/33-1024x683.jpg 1024w, https:\/\/marcali.plebania.hu\/wp-content\/uploads\/2022\/06\/33-300x200.jpg 300w, https:\/\/marcali.plebania.hu\/wp-content\/uploads\/2022\/06\/33-768x512.jpg 768w, https:\/\/marcali.plebania.hu\/wp-content\/uploads\/2022\/06\/33-1536x1024.jpg 1536w, https:\/\/marcali.plebania.hu\/wp-content\/uploads\/2022\/06\/33-2048x1365.jpg 2048w, https:\/\/marcali.plebania.hu\/wp-content\/uploads\/2022\/06\/33-405x270.jpg 405w\" sizes=\"auto, (max-width: 1024px) 100vw, 1024px\" \/><\/figure><\/li><li class=\"blocks-gallery-item\"><figure><img loading=\"lazy\" decoding=\"async\" width=\"1024\" height=\"683\" src=\"https:\/\/marcali.plebania.hu\/wp-content\/uploads\/2022\/06\/36-1024x683.jpg\" alt=\"\" data-id=\"3650\" data-full-url=\"https:\/\/marcali.plebania.hu\/wp-content\/uploads\/2022\/06\/36-scaled.jpg\" data-link=\"https:\/\/marcali.plebania.hu\/?attachment_id=3650\" class=\"wp-image-3650\" srcset=\"https:\/\/marcali.plebania.hu\/wp-content\/uploads\/2022\/06\/36-1024x683.jpg 1024w, https:\/\/marcali.plebania.hu\/wp-content\/uploads\/2022\/06\/36-300x200.jpg 300w, https:\/\/marcali.plebania.hu\/wp-content\/uploads\/2022\/06\/36-768x512.jpg 768w, https:\/\/marcali.plebania.hu\/wp-content\/uploads\/2022\/06\/36-1536x1024.jpg 1536w, https:\/\/marcali.plebania.hu\/wp-content\/uploads\/2022\/06\/36-2048x1365.jpg 2048w, https:\/\/marcali.plebania.hu\/wp-content\/uploads\/2022\/06\/36-405x270.jpg 405w\" sizes=\"auto, (max-width: 1024px) 100vw, 1024px\" \/><\/figure><\/li><\/ul><\/figure>\n\n\n\n<p>Az \u00fcnnepi szentmise v\u00e9g\u00e9n Iv\u00e1n atya gratul\u00e1lt az egyh\u00e1zmegyei rajzp\u00e1ly\u00e1zaton d\u00edjazott Marcali versenyz\u0151knek: Vetr\u00f3 Dorka Rebeka (Miksz\u00e1th Iskola 4\/b.) arany, S\u00e1ndor R\u00e9ka (Miksz\u00e1th 7\/b.) pedig ez\u00fcst min\u0151s\u00edt\u00e9st szerzett. Majd Varga L\u00e1szl\u00f3 k\u00f6nyvjutalmakat adott \u00e1t a b\u00e9rm\u00e1lkoz\u00f3k k\u00f6z\u00fcl Bogn\u00e1r Emes\u00e9nek \u00e9s Szanyi Szabolcsnak, valamint megk\u00f6sz\u00f6nte a marcali pl\u00e9b\u00e1nos munk\u00e1j\u00e1t, s tov\u00e1bbi tev\u00e9kenys\u00e9g\u00e9hez Isten \u00e1ld\u00e1s\u00e1t \u00e9s j\u00f3 eg\u00e9szs\u00e9get k\u00edv\u00e1nt.<\/p>\n\n\n\n<figure class=\"wp-block-gallery columns-3 is-cropped wp-block-gallery-4 is-layout-flex wp-block-gallery-is-layout-flex\"><ul class=\"blocks-gallery-grid\"><li class=\"blocks-gallery-item\"><figure><img loading=\"lazy\" decoding=\"async\" width=\"1024\" height=\"683\" src=\"https:\/\/marcali.plebania.hu\/wp-content\/uploads\/2022\/06\/43-1024x683.jpg\" alt=\"\" data-id=\"3651\" data-link=\"https:\/\/marcali.plebania.hu\/?attachment_id=3651\" class=\"wp-image-3651\" srcset=\"https:\/\/marcali.plebania.hu\/wp-content\/uploads\/2022\/06\/43-1024x683.jpg 1024w, https:\/\/marcali.plebania.hu\/wp-content\/uploads\/2022\/06\/43-300x200.jpg 300w, https:\/\/marcali.plebania.hu\/wp-content\/uploads\/2022\/06\/43-768x512.jpg 768w, https:\/\/marcali.plebania.hu\/wp-content\/uploads\/2022\/06\/43-1536x1024.jpg 1536w, https:\/\/marcali.plebania.hu\/wp-content\/uploads\/2022\/06\/43-2048x1365.jpg 2048w, https:\/\/marcali.plebania.hu\/wp-content\/uploads\/2022\/06\/43-405x270.jpg 405w\" sizes=\"auto, (max-width: 1024px) 100vw, 1024px\" \/><\/figure><\/li><li class=\"blocks-gallery-item\"><figure><img loading=\"lazy\" decoding=\"async\" width=\"1024\" height=\"683\" src=\"https:\/\/marcali.plebania.hu\/wp-content\/uploads\/2022\/06\/46-1024x683.jpg\" alt=\"\" data-id=\"3652\" data-link=\"https:\/\/marcali.plebania.hu\/?attachment_id=3652\" class=\"wp-image-3652\" srcset=\"https:\/\/marcali.plebania.hu\/wp-content\/uploads\/2022\/06\/46-1024x683.jpg 1024w, https:\/\/marcali.plebania.hu\/wp-content\/uploads\/2022\/06\/46-300x200.jpg 300w, https:\/\/marcali.plebania.hu\/wp-content\/uploads\/2022\/06\/46-768x512.jpg 768w, https:\/\/marcali.plebania.hu\/wp-content\/uploads\/2022\/06\/46-1536x1024.jpg 1536w, https:\/\/marcali.plebania.hu\/wp-content\/uploads\/2022\/06\/46-2048x1365.jpg 2048w, https:\/\/marcali.plebania.hu\/wp-content\/uploads\/2022\/06\/46-405x270.jpg 405w\" sizes=\"auto, (max-width: 1024px) 100vw, 1024px\" \/><\/figure><\/li><li class=\"blocks-gallery-item\"><figure><img loading=\"lazy\" decoding=\"async\" width=\"1024\" height=\"683\" src=\"https:\/\/marcali.plebania.hu\/wp-content\/uploads\/2022\/06\/49-1024x683.jpg\" alt=\"\" data-id=\"3653\" data-link=\"https:\/\/marcali.plebania.hu\/?attachment_id=3653\" class=\"wp-image-3653\" srcset=\"https:\/\/marcali.plebania.hu\/wp-content\/uploads\/2022\/06\/49-1024x683.jpg 1024w, https:\/\/marcali.plebania.hu\/wp-content\/uploads\/2022\/06\/49-300x200.jpg 300w, https:\/\/marcali.plebania.hu\/wp-content\/uploads\/2022\/06\/49-768x512.jpg 768w, https:\/\/marcali.plebania.hu\/wp-content\/uploads\/2022\/06\/49-1536x1024.jpg 1536w, https:\/\/marcali.plebania.hu\/wp-content\/uploads\/2022\/06\/49-2048x1365.jpg 2048w, https:\/\/marcali.plebania.hu\/wp-content\/uploads\/2022\/06\/49-405x270.jpg 405w\" sizes=\"auto, (max-width: 1024px) 100vw, 1024px\" \/><\/figure><\/li><li class=\"blocks-gallery-item\"><figure><img loading=\"lazy\" decoding=\"async\" width=\"1024\" height=\"683\" src=\"https:\/\/marcali.plebania.hu\/wp-content\/uploads\/2022\/06\/48-1024x683.jpg\" alt=\"\" data-id=\"3654\" data-full-url=\"https:\/\/marcali.plebania.hu\/wp-content\/uploads\/2022\/06\/48-scaled.jpg\" data-link=\"https:\/\/marcali.plebania.hu\/?attachment_id=3654\" class=\"wp-image-3654\" srcset=\"https:\/\/marcali.plebania.hu\/wp-content\/uploads\/2022\/06\/48-1024x683.jpg 1024w, https:\/\/marcali.plebania.hu\/wp-content\/uploads\/2022\/06\/48-300x200.jpg 300w, https:\/\/marcali.plebania.hu\/wp-content\/uploads\/2022\/06\/48-768x512.jpg 768w, https:\/\/marcali.plebania.hu\/wp-content\/uploads\/2022\/06\/48-1536x1024.jpg 1536w, https:\/\/marcali.plebania.hu\/wp-content\/uploads\/2022\/06\/48-2048x1365.jpg 2048w, https:\/\/marcali.plebania.hu\/wp-content\/uploads\/2022\/06\/48-405x270.jpg 405w\" sizes=\"auto, (max-width: 1024px) 100vw, 1024px\" \/><\/figure><\/li><\/ul><\/figure>\n\n\n\n<p>Az istentiszteleten a F\u00e9ny Gyermekei Zenekar, valamint Balogh B\u00e1lint k\u00e1ntor orgon\u00e1n \u00e9s J\u00e1ki Zolt\u00e1n heged\u0171n m\u0171k\u00f6d\u00f6tt k\u00f6zre. A Szentlelket h\u00edv\u00f3 \u00e9s dics\u0151\u00edt\u0151 git\u00e1ros \u00e9nekek k\u00f6z\u00f6tt felhangzott Marco Frisina: Anima Christi c\u00edm\u0171 dala is.<\/p>\n\n\n\n<figure class=\"wp-block-gallery columns-3 is-cropped wp-block-gallery-5 is-layout-flex wp-block-gallery-is-layout-flex\"><ul class=\"blocks-gallery-grid\"><li class=\"blocks-gallery-item\"><figure><img loading=\"lazy\" decoding=\"async\" width=\"1024\" height=\"683\" src=\"https:\/\/marcali.plebania.hu\/wp-content\/uploads\/2022\/06\/13-1-1024x683.jpg\" alt=\"\" data-id=\"3657\" data-link=\"https:\/\/marcali.plebania.hu\/?attachment_id=3657\" class=\"wp-image-3657\" srcset=\"https:\/\/marcali.plebania.hu\/wp-content\/uploads\/2022\/06\/13-1-1024x683.jpg 1024w, https:\/\/marcali.plebania.hu\/wp-content\/uploads\/2022\/06\/13-1-300x200.jpg 300w, https:\/\/marcali.plebania.hu\/wp-content\/uploads\/2022\/06\/13-1-768x512.jpg 768w, https:\/\/marcali.plebania.hu\/wp-content\/uploads\/2022\/06\/13-1-1536x1024.jpg 1536w, https:\/\/marcali.plebania.hu\/wp-content\/uploads\/2022\/06\/13-1-2048x1365.jpg 2048w, https:\/\/marcali.plebania.hu\/wp-content\/uploads\/2022\/06\/13-1-405x270.jpg 405w\" sizes=\"auto, (max-width: 1024px) 100vw, 1024px\" \/><\/figure><\/li><li class=\"blocks-gallery-item\"><figure><img loading=\"lazy\" decoding=\"async\" width=\"1024\" height=\"683\" src=\"https:\/\/marcali.plebania.hu\/wp-content\/uploads\/2022\/06\/16-1024x683.jpg\" alt=\"\" data-id=\"3656\" data-link=\"https:\/\/marcali.plebania.hu\/?attachment_id=3656\" class=\"wp-image-3656\" srcset=\"https:\/\/marcali.plebania.hu\/wp-content\/uploads\/2022\/06\/16-1024x683.jpg 1024w, https:\/\/marcali.plebania.hu\/wp-content\/uploads\/2022\/06\/16-300x200.jpg 300w, https:\/\/marcali.plebania.hu\/wp-content\/uploads\/2022\/06\/16-768x512.jpg 768w, https:\/\/marcali.plebania.hu\/wp-content\/uploads\/2022\/06\/16-1536x1024.jpg 1536w, https:\/\/marcali.plebania.hu\/wp-content\/uploads\/2022\/06\/16-2048x1365.jpg 2048w, https:\/\/marcali.plebania.hu\/wp-content\/uploads\/2022\/06\/16-405x270.jpg 405w\" sizes=\"auto, (max-width: 1024px) 100vw, 1024px\" \/><\/figure><\/li><li class=\"blocks-gallery-item\"><figure><img loading=\"lazy\" decoding=\"async\" width=\"1024\" height=\"683\" src=\"https:\/\/marcali.plebania.hu\/wp-content\/uploads\/2022\/06\/54-1024x683.jpg\" alt=\"\" data-id=\"3658\" data-link=\"https:\/\/marcali.plebania.hu\/?attachment_id=3658\" class=\"wp-image-3658\" srcset=\"https:\/\/marcali.plebania.hu\/wp-content\/uploads\/2022\/06\/54-1024x683.jpg 1024w, https:\/\/marcali.plebania.hu\/wp-content\/uploads\/2022\/06\/54-300x200.jpg 300w, https:\/\/marcali.plebania.hu\/wp-content\/uploads\/2022\/06\/54-768x512.jpg 768w, https:\/\/marcali.plebania.hu\/wp-content\/uploads\/2022\/06\/54-1536x1024.jpg 1536w, https:\/\/marcali.plebania.hu\/wp-content\/uploads\/2022\/06\/54-2048x1365.jpg 2048w, https:\/\/marcali.plebania.hu\/wp-content\/uploads\/2022\/06\/54-405x270.jpg 405w\" sizes=\"auto, (max-width: 1024px) 100vw, 1024px\" \/><\/figure><\/li><li class=\"blocks-gallery-item\"><figure><img loading=\"lazy\" decoding=\"async\" width=\"1024\" height=\"683\" src=\"https:\/\/marcali.plebania.hu\/wp-content\/uploads\/2022\/06\/56-1024x683.jpg\" alt=\"\" data-id=\"3659\" data-full-url=\"https:\/\/marcali.plebania.hu\/wp-content\/uploads\/2022\/06\/56-scaled.jpg\" data-link=\"https:\/\/marcali.plebania.hu\/?attachment_id=3659\" class=\"wp-image-3659\" srcset=\"https:\/\/marcali.plebania.hu\/wp-content\/uploads\/2022\/06\/56-1024x683.jpg 1024w, https:\/\/marcali.plebania.hu\/wp-content\/uploads\/2022\/06\/56-300x200.jpg 300w, https:\/\/marcali.plebania.hu\/wp-content\/uploads\/2022\/06\/56-768x512.jpg 768w, https:\/\/marcali.plebania.hu\/wp-content\/uploads\/2022\/06\/56-1536x1024.jpg 1536w, https:\/\/marcali.plebania.hu\/wp-content\/uploads\/2022\/06\/56-2048x1365.jpg 2048w, https:\/\/marcali.plebania.hu\/wp-content\/uploads\/2022\/06\/56-405x270.jpg 405w\" sizes=\"auto, (max-width: 1024px) 100vw, 1024px\" \/><\/figure><\/li><\/ul><\/figure>\n\n\n\n<p>Az \u00fcnnepi szentmis\u00e9n nemcsak a\nb\u00e9rm\u00e1lkoz\u00f3k \u00e9s b\u00e9rmasz\u00fcl\u0151k, hanem a sz\u00fcl\u0151k, testv\u00e9rek, nagysz\u00fcl\u0151k, valamint\nez\u00fattal rokonok is r\u00e9szt vehettek a Marcali R\u00f3mai katolikus Egyh\u00e1zk\u00f6zs\u00e9g h\u00edv\u0151\nk\u00f6z\u00f6ss\u00e9ge jelenl\u00e9t\u00e9ben.<\/p>\n","protected":false},"excerpt":{"rendered":"<p>2022. m\u00e1jus 29-\u00e9n, vas\u00e1rnap 10.30 \u00f3rakor kezd\u0151d\u00f6tt b\u00e9rm\u00e1l\u00e1s Marcaliban, a Gy\u00fcm\u00f6lcsolt\u00f3 Boldogasszony pl\u00e9b\u00e1niatemplomban. Az istentiszteletet Varga L\u00e1szl\u00f3 kaposv\u00e1ri megy\u00e9sp\u00fcsp\u00f6k celebr\u00e1lta, akit az egyh\u00e1zk\u00f6zs\u00e9g r\u00e9sz\u00e9r\u0151l Gelencs\u00e9r R\u00f3bert vil\u00e1gi eln\u00f6k, a b\u00e9rm\u00e1lkoz\u00f3k nev\u00e9ben pedig Bogn\u00e1r Emese \u00e9s Szanyi Szabolcs k\u00f6sz\u00f6nt\u00f6tt. A p\u00fcsp\u00f6k szentbesz\u00e9d\u00e9ben els\u0151sorban a b\u00e9rm\u00e1l\u00e1s jelent\u0151s\u00e9g\u00e9r\u0151l, az Isten ir\u00e1nti szeretetr\u0151l \u00e9s az elk\u00f6telez\u0151d\u00e9sr\u0151l besz\u00e9lt az ifjaknak. Kiemelte, hogy a b\u00e9rm\u00e1lkoz\u00f3k tan\u00fas\u00e1gt\u00e9tel\u00e9n m\u00falik, hogy mennyire ismeri meg k\u00f6rnyezete az egyh\u00e1zat. Az egyh\u00e1znak pedig sz\u00fcks\u00e9ge van olyan tan\u00fakra, akik \u00e1t\u00e9lt\u00e9k \u00e9s megtapasztalt\u00e1k Isten&#8230;<\/p>\n<p class=\"read-more\"><a class=\"btn btn-default\" href=\"https:\/\/marcali.plebania.hu\/?p=3638\"> Read More<span class=\"screen-reader-text\">  Read More<\/span><\/a><\/p>\n","protected":false},"author":2,"featured_media":0,"comment_status":"closed","ping_status":"open","sticky":false,"template":"","format":"standard","meta":{"footnotes":""},"categories":[1],"tags":[],"class_list":["post-3638","post","type-post","status-publish","format-standard","hentry","category-egyeb"],"_links":{"self":[{"href":"https:\/\/marcali.plebania.hu\/index.php?rest_route=\/wp\/v2\/posts\/3638","targetHints":{"allow":["GET"]}}],"collection":[{"href":"https:\/\/marcali.plebania.hu\/index.php?rest_route=\/wp\/v2\/posts"}],"about":[{"href":"https:\/\/marcali.plebania.hu\/index.php?rest_route=\/wp\/v2\/types\/post"}],"author":[{"embeddable":true,"href":"https:\/\/marcali.plebania.hu\/index.php?rest_route=\/wp\/v2\/users\/2"}],"replies":[{"embeddable":true,"href":"https:\/\/marcali.plebania.hu\/index.php?rest_route=%2Fwp%2Fv2%2Fcomments&post=3638"}],"version-history":[{"count":1,"href":"https:\/\/marcali.plebania.hu\/index.php?rest_route=\/wp\/v2\/posts\/3638\/revisions"}],"predecessor-version":[{"id":3660,"href":"https:\/\/marcali.plebania.hu\/index.php?rest_route=\/wp\/v2\/posts\/3638\/revisions\/3660"}],"wp:attachment":[{"href":"https:\/\/marcali.plebania.hu\/index.php?rest_route=%2Fwp%2Fv2%2Fmedia&parent=3638"}],"wp:term":[{"taxonomy":"category","embeddable":true,"href":"https:\/\/marcali.plebania.hu\/index.php?rest_route=%2Fwp%2Fv2%2Fcategories&post=3638"},{"taxonomy":"post_tag","embeddable":true,"href":"https:\/\/marcali.plebania.hu\/index.php?rest_route=%2Fwp%2Fv2%2Ftags&post=3638"}],"curies":[{"name":"wp","href":"https:\/\/api.w.org\/{rel}","templated":true}]}}