{"id":3661,"date":"2022-06-01T15:17:35","date_gmt":"2022-06-01T15:17:35","guid":{"rendered":"https:\/\/marcali.plebania.hu\/?p=3661"},"modified":"2022-06-01T15:17:35","modified_gmt":"2022-06-01T15:17:35","slug":"meghivo-lorincz-sandor-a-kegyelem-erotereben-cimu-konyv-bemutatojara","status":"publish","type":"post","link":"https:\/\/marcali.plebania.hu\/?p=3661","title":{"rendered":"Megh\u00edv\u00f3 &#8211; L\u0151rincz S\u00e1ndor: A kegyelem er\u0151ter\u00e9ben c\u00edm\u0171 k\u00f6nyv bemutat\u00f3j\u00e1ra"},"content":{"rendered":"\n<figure class=\"wp-block-image size-large\"><img loading=\"lazy\" decoding=\"async\" width=\"960\" height=\"720\" src=\"https:\/\/marcali.plebania.hu\/wp-content\/uploads\/2022\/06\/Megh\u00edv\u00f3-2022.-06.-07..jpg\" alt=\"\" class=\"wp-image-3662\" srcset=\"https:\/\/marcali.plebania.hu\/wp-content\/uploads\/2022\/06\/Megh\u00edv\u00f3-2022.-06.-07..jpg 960w, https:\/\/marcali.plebania.hu\/wp-content\/uploads\/2022\/06\/Megh\u00edv\u00f3-2022.-06.-07.-300x225.jpg 300w, https:\/\/marcali.plebania.hu\/wp-content\/uploads\/2022\/06\/Megh\u00edv\u00f3-2022.-06.-07.-768x576.jpg 768w, https:\/\/marcali.plebania.hu\/wp-content\/uploads\/2022\/06\/Megh\u00edv\u00f3-2022.-06.-07.-360x270.jpg 360w\" sizes=\"auto, (max-width: 960px) 100vw, 960px\" \/><\/figure>\n","protected":false},"excerpt":{"rendered":"","protected":false},"author":2,"featured_media":0,"comment_status":"closed","ping_status":"open","sticky":false,"template":"","format":"standard","meta":{"footnotes":""},"categories":[1],"tags":[],"class_list":["post-3661","post","type-post","status-publish","format-standard","hentry","category-egyeb"],"_links":{"self":[{"href":"https:\/\/marcali.plebania.hu\/index.php?rest_route=\/wp\/v2\/posts\/3661","targetHints":{"allow":["GET"]}}],"collection":[{"href":"https:\/\/marcali.plebania.hu\/index.php?rest_route=\/wp\/v2\/posts"}],"about":[{"href":"https:\/\/marcali.plebania.hu\/index.php?rest_route=\/wp\/v2\/types\/post"}],"author":[{"embeddable":true,"href":"https:\/\/marcali.plebania.hu\/index.php?rest_route=\/wp\/v2\/users\/2"}],"replies":[{"embeddable":true,"href":"https:\/\/marcali.plebania.hu\/index.php?rest_route=%2Fwp%2Fv2%2Fcomments&post=3661"}],"version-history":[{"count":1,"href":"https:\/\/marcali.plebania.hu\/index.php?rest_route=\/wp\/v2\/posts\/3661\/revisions"}],"predecessor-version":[{"id":3663,"href":"https:\/\/marcali.plebania.hu\/index.php?rest_route=\/wp\/v2\/posts\/3661\/revisions\/3663"}],"wp:attachment":[{"href":"https:\/\/marcali.plebania.hu\/index.php?rest_route=%2Fwp%2Fv2%2Fmedia&parent=3661"}],"wp:term":[{"taxonomy":"category","embeddable":true,"href":"https:\/\/marcali.plebania.hu\/index.php?rest_route=%2Fwp%2Fv2%2Fcategories&post=3661"},{"taxonomy":"post_tag","embeddable":true,"href":"https:\/\/marcali.plebania.hu\/index.php?rest_route=%2Fwp%2Fv2%2Ftags&post=3661"}],"curies":[{"name":"wp","href":"https:\/\/api.w.org\/{rel}","templated":true}]}}