{"id":3664,"date":"2022-06-03T08:38:16","date_gmt":"2022-06-03T08:38:16","guid":{"rendered":"https:\/\/marcali.plebania.hu\/?p=3664"},"modified":"2022-06-03T08:38:16","modified_gmt":"2022-06-03T08:38:16","slug":"meghivo-a-varatlan-elet-cimu-film-bemutatojara","status":"publish","type":"post","link":"https:\/\/marcali.plebania.hu\/?p=3664","title":{"rendered":"Megh\u00edv\u00f3 a V\u00e1ratlan \u00e9let c\u00edm\u0171 film bemutat\u00f3j\u00e1ra"},"content":{"rendered":"\n<figure class=\"wp-block-image size-large\"><img loading=\"lazy\" decoding=\"async\" width=\"724\" height=\"1024\" src=\"https:\/\/marcali.plebania.hu\/wp-content\/uploads\/2022\/06\/\u00c9let-\u00fatja-2022-Marcali-724x1024.jpg\" alt=\"\" class=\"wp-image-3665\" srcset=\"https:\/\/marcali.plebania.hu\/wp-content\/uploads\/2022\/06\/\u00c9let-\u00fatja-2022-Marcali-724x1024.jpg 724w, https:\/\/marcali.plebania.hu\/wp-content\/uploads\/2022\/06\/\u00c9let-\u00fatja-2022-Marcali-212x300.jpg 212w, https:\/\/marcali.plebania.hu\/wp-content\/uploads\/2022\/06\/\u00c9let-\u00fatja-2022-Marcali-768x1086.jpg 768w, https:\/\/marcali.plebania.hu\/wp-content\/uploads\/2022\/06\/\u00c9let-\u00fatja-2022-Marcali-1086x1536.jpg 1086w, https:\/\/marcali.plebania.hu\/wp-content\/uploads\/2022\/06\/\u00c9let-\u00fatja-2022-Marcali-1448x2048.jpg 1448w, https:\/\/marcali.plebania.hu\/wp-content\/uploads\/2022\/06\/\u00c9let-\u00fatja-2022-Marcali-191x270.jpg 191w, https:\/\/marcali.plebania.hu\/wp-content\/uploads\/2022\/06\/\u00c9let-\u00fatja-2022-Marcali.jpg 1587w\" sizes=\"auto, (max-width: 724px) 100vw, 724px\" \/><\/figure>\n","protected":false},"excerpt":{"rendered":"","protected":false},"author":2,"featured_media":0,"comment_status":"closed","ping_status":"open","sticky":false,"template":"","format":"standard","meta":{"footnotes":""},"categories":[1],"tags":[],"class_list":["post-3664","post","type-post","status-publish","format-standard","hentry","category-egyeb"],"_links":{"self":[{"href":"https:\/\/marcali.plebania.hu\/index.php?rest_route=\/wp\/v2\/posts\/3664","targetHints":{"allow":["GET"]}}],"collection":[{"href":"https:\/\/marcali.plebania.hu\/index.php?rest_route=\/wp\/v2\/posts"}],"about":[{"href":"https:\/\/marcali.plebania.hu\/index.php?rest_route=\/wp\/v2\/types\/post"}],"author":[{"embeddable":true,"href":"https:\/\/marcali.plebania.hu\/index.php?rest_route=\/wp\/v2\/users\/2"}],"replies":[{"embeddable":true,"href":"https:\/\/marcali.plebania.hu\/index.php?rest_route=%2Fwp%2Fv2%2Fcomments&post=3664"}],"version-history":[{"count":1,"href":"https:\/\/marcali.plebania.hu\/index.php?rest_route=\/wp\/v2\/posts\/3664\/revisions"}],"predecessor-version":[{"id":3666,"href":"https:\/\/marcali.plebania.hu\/index.php?rest_route=\/wp\/v2\/posts\/3664\/revisions\/3666"}],"wp:attachment":[{"href":"https:\/\/marcali.plebania.hu\/index.php?rest_route=%2Fwp%2Fv2%2Fmedia&parent=3664"}],"wp:term":[{"taxonomy":"category","embeddable":true,"href":"https:\/\/marcali.plebania.hu\/index.php?rest_route=%2Fwp%2Fv2%2Fcategories&post=3664"},{"taxonomy":"post_tag","embeddable":true,"href":"https:\/\/marcali.plebania.hu\/index.php?rest_route=%2Fwp%2Fv2%2Ftags&post=3664"}],"curies":[{"name":"wp","href":"https:\/\/api.w.org\/{rel}","templated":true}]}}