{"id":3667,"date":"2022-06-03T08:38:51","date_gmt":"2022-06-03T08:38:51","guid":{"rendered":"https:\/\/marcali.plebania.hu\/?p=3667"},"modified":"2022-06-03T09:57:20","modified_gmt":"2022-06-03T09:57:20","slug":"hirdetesek-2022-06-05","status":"publish","type":"post","link":"https:\/\/marcali.plebania.hu\/?p=3667","title":{"rendered":"Hirdet\u00e9sek, 2022. 06. 05."},"content":{"rendered":"\n<ol class=\"wp-block-list\"><li>Ma P\u00fcnk\u00f6sd \u00fcnnepe van, az egyh\u00e1z sz\u00fclet\u00e9snapja. P\u00fcnk\u00f6sd vas\u00e1rnap mindh\u00e1rom templomban a szokott id\u0151ben szentmise.<\/li><li>P\u00fcnk\u00f6sd h\u00e9tf\u0151n 9 \u00f3rakor a pl\u00e9b\u00e1niatemplomban lesz szentmise. Ugyancsak P\u00fcnk\u00f6sd h\u00e9tf\u0151n Somogyszentp\u00e1lon 11 \u00f3rakor \u00fcnnepi szentmise lesz Berta Tibor t\u00e1bori p\u00fcsp\u00f6k celebr\u00e1l\u00e1s\u00e1val, ahol megeml\u00e9kez\u00fcnk R\u00e9vai J\u00f3zsef pr\u00e9post, pl\u00e9b\u00e1nos 105. sz\u00fclet\u00e9snapj\u00e1r\u00f3l.<\/li><li>Kedden (j\u00falius 7-\u00e9n) 18 \u00f3rakor a K\u00c9SZ szervez\u00e9s\u00e9ben L\u0151rincz S\u00e1ndor \u00edr\u00f3, \u00fajs\u00e1g\u00edr\u00f3: A kegyelem er\u0151ter\u00e9ben c\u00edm\u0171 k\u00f6nyv\u00e9nek bemutat\u00f3ja lesz az X-h\u00e1zban. A szerz\u0151 vend\u00e9gei Kiss Iv\u00e1n c. pr\u00e9post, pl\u00e9b\u00e1nos \u00e9s dr. Rumszauer Mikl\u00f3s p\u00fcsp\u00f6ki helyn\u00f6k, a kaposv\u00e1ri Szt. Margit-Szt. J\u00f3zsef templom pl\u00e9b\u00e1nosa lesznek. Az el\u0151ad\u00e1sra a h\u00edveket is szeretettel h\u00edvj\u00e1k \u00e9s v\u00e1rj\u00e1k a szervez\u0151k.<\/li><li>J\u00fanius 10-\u00e9n (p\u00e9nteken) 17 \u00f3rakor szentmise, 18 \u00f3rakor A v\u00e1ratlan \u00e9let c\u00edm\u0171 \u00e9letv\u00e9d\u0151 filmet vet\u00edtj\u00fck az X-h\u00e1zban, melyre minden \u00e9rdekl\u0151d\u0151t szeretettel h\u00edvunk \u00e9s v\u00e1runk.<\/li><li> Szombaton 17 \u00f3rakor fatimai \u00e9s egyben Szenth\u00e1roms\u00e1g ima\u00f3ra, 18 \u00f3rakor szentmise. <\/li><li>A K\u00c9SZ Marcali Csoportja 2022. augusztus 6-\u00e1n, szombaton zar\u00e1ndoklatot szervez P\u00e9lif\u00f6ldszentkereszt-Baj\u00f3t-Tata-Tatab\u00e1nya szakr\u00e1lis \u00e9rt\u00e9keinek megtekint\u00e9s\u00e9re. A zar\u00e1ndoklatra b\u00e1rki jelentkezhet, az \u00fatik\u00f6lts\u00e9g: 14.000- Ft\/f\u0151. A K\u00c9SZ tagoknak a buszk\u00f6lts\u00e9g 10.000- Ft. Jelentkezni S\u00e1voly Andre\u00e1n\u00e1l \u00e9s Kiss K\u00e1lm\u00e1nn\u00e1l, vagy a pl\u00e9b\u00e1ni\u00e1n lehet.<\/li><li>Megjelent a Marcali Katolikus \u00dajs\u00e1g p\u00fcnk\u00f6sdi sz\u00e1ma, melyet a szentmise v\u00e9g\u00e9n osztunk a h\u00edveknek. Ebben \u00fajabb nyerem\u00e9nyj\u00e1t\u00e9k van, melyre a v\u00e1laszokat szeptember 1-ig k\u00e9rj\u00fck eljuttatni a pl\u00e9b\u00e1nia e-mail c\u00edm\u00e9re, vagy a postal\u00e1d\u00e1j\u00e1ba.<\/li><\/ol>\n","protected":false},"excerpt":{"rendered":"<p>Ma P\u00fcnk\u00f6sd \u00fcnnepe van, az egyh\u00e1z sz\u00fclet\u00e9snapja. P\u00fcnk\u00f6sd vas\u00e1rnap mindh\u00e1rom templomban a szokott id\u0151ben szentmise. P\u00fcnk\u00f6sd h\u00e9tf\u0151n 9 \u00f3rakor a pl\u00e9b\u00e1niatemplomban lesz szentmise. Ugyancsak P\u00fcnk\u00f6sd h\u00e9tf\u0151n Somogyszentp\u00e1lon 11 \u00f3rakor \u00fcnnepi szentmise lesz Berta Tibor t\u00e1bori p\u00fcsp\u00f6k celebr\u00e1l\u00e1s\u00e1val, ahol megeml\u00e9kez\u00fcnk R\u00e9vai J\u00f3zsef pr\u00e9post, pl\u00e9b\u00e1nos 105. sz\u00fclet\u00e9snapj\u00e1r\u00f3l. Kedden (j\u00falius 7-\u00e9n) 18 \u00f3rakor a K\u00c9SZ szervez\u00e9s\u00e9ben L\u0151rincz S\u00e1ndor \u00edr\u00f3, \u00fajs\u00e1g\u00edr\u00f3: A kegyelem er\u0151ter\u00e9ben c\u00edm\u0171 k\u00f6nyv\u00e9nek bemutat\u00f3ja lesz az X-h\u00e1zban. A szerz\u0151 vend\u00e9gei Kiss Iv\u00e1n c. pr\u00e9post, pl\u00e9b\u00e1nos \u00e9s dr. Rumszauer Mikl\u00f3s p\u00fcsp\u00f6ki helyn\u00f6k,&#8230;<\/p>\n<p class=\"read-more\"><a class=\"btn btn-default\" href=\"https:\/\/marcali.plebania.hu\/?p=3667\"> Read More<span class=\"screen-reader-text\">  Read More<\/span><\/a><\/p>\n","protected":false},"author":2,"featured_media":0,"comment_status":"closed","ping_status":"open","sticky":false,"template":"","format":"standard","meta":{"footnotes":""},"categories":[1],"tags":[],"class_list":["post-3667","post","type-post","status-publish","format-standard","hentry","category-egyeb"],"_links":{"self":[{"href":"https:\/\/marcali.plebania.hu\/index.php?rest_route=\/wp\/v2\/posts\/3667","targetHints":{"allow":["GET"]}}],"collection":[{"href":"https:\/\/marcali.plebania.hu\/index.php?rest_route=\/wp\/v2\/posts"}],"about":[{"href":"https:\/\/marcali.plebania.hu\/index.php?rest_route=\/wp\/v2\/types\/post"}],"author":[{"embeddable":true,"href":"https:\/\/marcali.plebania.hu\/index.php?rest_route=\/wp\/v2\/users\/2"}],"replies":[{"embeddable":true,"href":"https:\/\/marcali.plebania.hu\/index.php?rest_route=%2Fwp%2Fv2%2Fcomments&post=3667"}],"version-history":[{"count":2,"href":"https:\/\/marcali.plebania.hu\/index.php?rest_route=\/wp\/v2\/posts\/3667\/revisions"}],"predecessor-version":[{"id":3670,"href":"https:\/\/marcali.plebania.hu\/index.php?rest_route=\/wp\/v2\/posts\/3667\/revisions\/3670"}],"wp:attachment":[{"href":"https:\/\/marcali.plebania.hu\/index.php?rest_route=%2Fwp%2Fv2%2Fmedia&parent=3667"}],"wp:term":[{"taxonomy":"category","embeddable":true,"href":"https:\/\/marcali.plebania.hu\/index.php?rest_route=%2Fwp%2Fv2%2Fcategories&post=3667"},{"taxonomy":"post_tag","embeddable":true,"href":"https:\/\/marcali.plebania.hu\/index.php?rest_route=%2Fwp%2Fv2%2Ftags&post=3667"}],"curies":[{"name":"wp","href":"https:\/\/api.w.org\/{rel}","templated":true}]}}