{"id":3671,"date":"2022-06-09T15:12:44","date_gmt":"2022-06-09T15:12:44","guid":{"rendered":"https:\/\/marcali.plebania.hu\/?p=3671"},"modified":"2022-06-09T15:12:44","modified_gmt":"2022-06-09T15:12:44","slug":"szentmisevel-es-emlektabla-avatassal-emlekeztek-plebanosukra","status":"publish","type":"post","link":"https:\/\/marcali.plebania.hu\/?p=3671","title":{"rendered":"Szentmis\u00e9vel \u00e9s eml\u00e9kt\u00e1bla avat\u00e1ssal eml\u00e9keztek pl\u00e9b\u00e1nosukra"},"content":{"rendered":"\n<p>2022. j\u00fanius 6-\u00e1n, P\u00fcnk\u00f6sdh\u00e9tf\u0151n, 11 \u00f3rakor kezd\u0151d\u00f6tt \u00fcnnepi szentmise a somogyszentp\u00e1li P\u00e1duai Szent Antal templomban, melyet az egykori pl\u00e9b\u00e1nos, R\u00e9vai J\u00f3zsef eml\u00e9k\u00e9re celebr\u00e1ltak sz\u00fclet\u00e9s\u00e9nek 105. \u00e9vfordul\u00f3j\u00e1n.<\/p>\n\n\n\n<figure class=\"wp-block-gallery columns-3 is-cropped wp-block-gallery-1 is-layout-flex wp-block-gallery-is-layout-flex\"><ul class=\"blocks-gallery-grid\"><li class=\"blocks-gallery-item\"><figure><img loading=\"lazy\" decoding=\"async\" width=\"1024\" height=\"683\" src=\"https:\/\/marcali.plebania.hu\/wp-content\/uploads\/2022\/06\/06-1024x683.jpg\" alt=\"\" data-id=\"3672\" data-link=\"https:\/\/marcali.plebania.hu\/?attachment_id=3672\" class=\"wp-image-3672\" srcset=\"https:\/\/marcali.plebania.hu\/wp-content\/uploads\/2022\/06\/06-1024x683.jpg 1024w, https:\/\/marcali.plebania.hu\/wp-content\/uploads\/2022\/06\/06-300x200.jpg 300w, https:\/\/marcali.plebania.hu\/wp-content\/uploads\/2022\/06\/06-768x512.jpg 768w, https:\/\/marcali.plebania.hu\/wp-content\/uploads\/2022\/06\/06-1536x1024.jpg 1536w, https:\/\/marcali.plebania.hu\/wp-content\/uploads\/2022\/06\/06-2048x1365.jpg 2048w, https:\/\/marcali.plebania.hu\/wp-content\/uploads\/2022\/06\/06-405x270.jpg 405w\" sizes=\"auto, (max-width: 1024px) 100vw, 1024px\" \/><\/figure><\/li><li class=\"blocks-gallery-item\"><figure><img loading=\"lazy\" decoding=\"async\" width=\"1024\" height=\"683\" src=\"https:\/\/marcali.plebania.hu\/wp-content\/uploads\/2022\/06\/07-1-1024x683.jpg\" alt=\"\" data-id=\"3673\" data-link=\"https:\/\/marcali.plebania.hu\/?attachment_id=3673\" class=\"wp-image-3673\" srcset=\"https:\/\/marcali.plebania.hu\/wp-content\/uploads\/2022\/06\/07-1-1024x683.jpg 1024w, https:\/\/marcali.plebania.hu\/wp-content\/uploads\/2022\/06\/07-1-300x200.jpg 300w, https:\/\/marcali.plebania.hu\/wp-content\/uploads\/2022\/06\/07-1-768x512.jpg 768w, https:\/\/marcali.plebania.hu\/wp-content\/uploads\/2022\/06\/07-1-1536x1024.jpg 1536w, https:\/\/marcali.plebania.hu\/wp-content\/uploads\/2022\/06\/07-1-2048x1365.jpg 2048w, https:\/\/marcali.plebania.hu\/wp-content\/uploads\/2022\/06\/07-1-405x270.jpg 405w\" sizes=\"auto, (max-width: 1024px) 100vw, 1024px\" \/><\/figure><\/li><li class=\"blocks-gallery-item\"><figure><img loading=\"lazy\" decoding=\"async\" width=\"1024\" height=\"683\" src=\"https:\/\/marcali.plebania.hu\/wp-content\/uploads\/2022\/06\/11-1024x683.jpg\" alt=\"\" data-id=\"3674\" data-link=\"https:\/\/marcali.plebania.hu\/?attachment_id=3674\" class=\"wp-image-3674\" srcset=\"https:\/\/marcali.plebania.hu\/wp-content\/uploads\/2022\/06\/11-1024x683.jpg 1024w, https:\/\/marcali.plebania.hu\/wp-content\/uploads\/2022\/06\/11-300x200.jpg 300w, https:\/\/marcali.plebania.hu\/wp-content\/uploads\/2022\/06\/11-768x512.jpg 768w, https:\/\/marcali.plebania.hu\/wp-content\/uploads\/2022\/06\/11-1536x1024.jpg 1536w, https:\/\/marcali.plebania.hu\/wp-content\/uploads\/2022\/06\/11-2048x1365.jpg 2048w, https:\/\/marcali.plebania.hu\/wp-content\/uploads\/2022\/06\/11-405x270.jpg 405w\" sizes=\"auto, (max-width: 1024px) 100vw, 1024px\" \/><\/figure><\/li><li class=\"blocks-gallery-item\"><figure><img loading=\"lazy\" decoding=\"async\" width=\"1024\" height=\"683\" src=\"https:\/\/marcali.plebania.hu\/wp-content\/uploads\/2022\/06\/08-1024x683.jpg\" alt=\"\" data-id=\"3675\" data-full-url=\"https:\/\/marcali.plebania.hu\/wp-content\/uploads\/2022\/06\/08-scaled.jpg\" data-link=\"https:\/\/marcali.plebania.hu\/?attachment_id=3675\" class=\"wp-image-3675\" srcset=\"https:\/\/marcali.plebania.hu\/wp-content\/uploads\/2022\/06\/08-1024x683.jpg 1024w, https:\/\/marcali.plebania.hu\/wp-content\/uploads\/2022\/06\/08-300x200.jpg 300w, https:\/\/marcali.plebania.hu\/wp-content\/uploads\/2022\/06\/08-768x512.jpg 768w, https:\/\/marcali.plebania.hu\/wp-content\/uploads\/2022\/06\/08-1536x1024.jpg 1536w, https:\/\/marcali.plebania.hu\/wp-content\/uploads\/2022\/06\/08-2048x1365.jpg 2048w, https:\/\/marcali.plebania.hu\/wp-content\/uploads\/2022\/06\/08-405x270.jpg 405w\" sizes=\"auto, (max-width: 1024px) 100vw, 1024px\" \/><\/figure><\/li><\/ul><\/figure>\n\n\n\n<p>Az istentiszteletet Berta Tibor dand\u00e1rt\u00e1bornok, katolikus t\u00e1bori p\u00fcsp\u00f6k celebr\u00e1lta N\u00e9meth J\u00f3zsef k\u00e9thelyi, Kiss Iv\u00e1n c. pr\u00e9post, marcali pl\u00e9b\u00e1nosok, tov\u00e1bb\u00e1 13 k\u00f6rny\u00e9kbeli \u00e9s messzebbr\u0151l \u00e9rkezett paptestv\u00e9r k\u00f6zrem\u0171k\u00f6d\u00e9s\u00e9vel. R\u00e9vai J\u00f3zsef c. pr\u00e9post, tb. kanonok, f\u0151esperes 1950-1993 k\u00f6z\u00f6tt Somogyszentp\u00e1lon, illet\u0151leg 1979-1993 k\u00f6z\u00f6tt egyidej\u0171leg Marcaliban is ell\u00e1tta a pl\u00e9b\u00e1nosi teend\u0151ket. Mindk\u00e9t egyh\u00e1zk\u00f6zs\u00e9gben igen sokr\u00e9t\u0171 lelkip\u00e1sztori munk\u00e1t folytatott, mik\u00f6zben templomokat \u00faj\u00edttatott fel, \u00e9p\u00edttetett \u00fajat, valamint a rendszerv\u00e1lt\u00e1s id\u0151szak\u00e1ban az \u0151 feladata volt az iskolai hitoktat\u00e1s megszervez\u00e9se \u00e9s beind\u00edt\u00e1sa is. Az \u0151 ind\u00edttat\u00e1s\u00e1ra 1991. j\u00fanius 20-\u00e1n Marcaliban szentelt\u00e9k papp\u00e1 Berta Tibor somogyszentp\u00e1li diak\u00f3nust, a jelenlegi t\u00e1bori p\u00fcsp\u00f6k\u00f6t, aki pr\u00e9dik\u00e1ci\u00f3j\u00e1ban felid\u00e9zte szem\u00e9lyes eml\u00e9keit is R\u00e9vai J\u00f3zsef pr\u00e9post-pl\u00e9b\u00e1nosr\u00f3l.<\/p>\n\n\n\n<figure class=\"wp-block-gallery columns-3 is-cropped wp-block-gallery-2 is-layout-flex wp-block-gallery-is-layout-flex\"><ul class=\"blocks-gallery-grid\"><li class=\"blocks-gallery-item\"><figure><img loading=\"lazy\" decoding=\"async\" width=\"1024\" height=\"683\" src=\"https:\/\/marcali.plebania.hu\/wp-content\/uploads\/2022\/06\/27-1-1024x683.jpg\" alt=\"\" data-id=\"3676\" data-link=\"https:\/\/marcali.plebania.hu\/?attachment_id=3676\" class=\"wp-image-3676\" srcset=\"https:\/\/marcali.plebania.hu\/wp-content\/uploads\/2022\/06\/27-1-1024x683.jpg 1024w, https:\/\/marcali.plebania.hu\/wp-content\/uploads\/2022\/06\/27-1-300x200.jpg 300w, https:\/\/marcali.plebania.hu\/wp-content\/uploads\/2022\/06\/27-1-768x512.jpg 768w, https:\/\/marcali.plebania.hu\/wp-content\/uploads\/2022\/06\/27-1-1536x1024.jpg 1536w, https:\/\/marcali.plebania.hu\/wp-content\/uploads\/2022\/06\/27-1-2048x1365.jpg 2048w, https:\/\/marcali.plebania.hu\/wp-content\/uploads\/2022\/06\/27-1-405x270.jpg 405w\" sizes=\"auto, (max-width: 1024px) 100vw, 1024px\" \/><\/figure><\/li><li class=\"blocks-gallery-item\"><figure><img loading=\"lazy\" decoding=\"async\" width=\"1024\" height=\"683\" src=\"https:\/\/marcali.plebania.hu\/wp-content\/uploads\/2022\/06\/28-1-1024x683.jpg\" alt=\"\" data-id=\"3677\" data-link=\"https:\/\/marcali.plebania.hu\/?attachment_id=3677\" class=\"wp-image-3677\" srcset=\"https:\/\/marcali.plebania.hu\/wp-content\/uploads\/2022\/06\/28-1-1024x683.jpg 1024w, https:\/\/marcali.plebania.hu\/wp-content\/uploads\/2022\/06\/28-1-300x200.jpg 300w, https:\/\/marcali.plebania.hu\/wp-content\/uploads\/2022\/06\/28-1-768x512.jpg 768w, https:\/\/marcali.plebania.hu\/wp-content\/uploads\/2022\/06\/28-1-1536x1024.jpg 1536w, https:\/\/marcali.plebania.hu\/wp-content\/uploads\/2022\/06\/28-1-2048x1365.jpg 2048w, https:\/\/marcali.plebania.hu\/wp-content\/uploads\/2022\/06\/28-1-405x270.jpg 405w\" sizes=\"auto, (max-width: 1024px) 100vw, 1024px\" \/><\/figure><\/li><li class=\"blocks-gallery-item\"><figure><img loading=\"lazy\" decoding=\"async\" width=\"1024\" height=\"683\" src=\"https:\/\/marcali.plebania.hu\/wp-content\/uploads\/2022\/06\/37-1024x683.jpg\" alt=\"\" data-id=\"3678\" data-link=\"https:\/\/marcali.plebania.hu\/?attachment_id=3678\" class=\"wp-image-3678\" srcset=\"https:\/\/marcali.plebania.hu\/wp-content\/uploads\/2022\/06\/37-1024x683.jpg 1024w, https:\/\/marcali.plebania.hu\/wp-content\/uploads\/2022\/06\/37-300x200.jpg 300w, https:\/\/marcali.plebania.hu\/wp-content\/uploads\/2022\/06\/37-768x512.jpg 768w, https:\/\/marcali.plebania.hu\/wp-content\/uploads\/2022\/06\/37-1536x1024.jpg 1536w, https:\/\/marcali.plebania.hu\/wp-content\/uploads\/2022\/06\/37-2048x1365.jpg 2048w, https:\/\/marcali.plebania.hu\/wp-content\/uploads\/2022\/06\/37-405x270.jpg 405w\" sizes=\"auto, (max-width: 1024px) 100vw, 1024px\" \/><\/figure><\/li><li class=\"blocks-gallery-item\"><figure><img loading=\"lazy\" decoding=\"async\" width=\"1024\" height=\"683\" src=\"https:\/\/marcali.plebania.hu\/wp-content\/uploads\/2022\/06\/33-1-1024x683.jpg\" alt=\"\" data-id=\"3679\" data-full-url=\"https:\/\/marcali.plebania.hu\/wp-content\/uploads\/2022\/06\/33-1-scaled.jpg\" data-link=\"https:\/\/marcali.plebania.hu\/?attachment_id=3679\" class=\"wp-image-3679\" srcset=\"https:\/\/marcali.plebania.hu\/wp-content\/uploads\/2022\/06\/33-1-1024x683.jpg 1024w, https:\/\/marcali.plebania.hu\/wp-content\/uploads\/2022\/06\/33-1-300x200.jpg 300w, https:\/\/marcali.plebania.hu\/wp-content\/uploads\/2022\/06\/33-1-768x512.jpg 768w, https:\/\/marcali.plebania.hu\/wp-content\/uploads\/2022\/06\/33-1-1536x1024.jpg 1536w, https:\/\/marcali.plebania.hu\/wp-content\/uploads\/2022\/06\/33-1-2048x1365.jpg 2048w, https:\/\/marcali.plebania.hu\/wp-content\/uploads\/2022\/06\/33-1-405x270.jpg 405w\" sizes=\"auto, (max-width: 1024px) 100vw, 1024px\" \/><\/figure><\/li><\/ul><\/figure>\n\n\n\n<p>Az egykori szolg\u00e1lati hely\u00e9nek templom\u00e1ban, Somogyszentp\u00e1lon e sokr\u00e9t\u0171 lelkip\u00e1sztori munka elismer\u00e9sek\u00e9ppen egy eml\u00e9kt\u00e1bl\u00e1t is avattak az \u00fcnnepi istentiszteleten, melyet Berta Tibor t\u00e1bori p\u00fcsp\u00f6k \u00e1ldott meg. Az eml\u00e9kt\u00e1bla felirata: \u201eIn Memoriam R\u00e9vai J\u00f3zsef (1917. j\u00fanius 6. \u2013 1993. okt\u00f3ber 5.) c\u00edmzetes pr\u00e9post, tiszteletbeli kanonok, f\u0151esperes, somogyszentp\u00e1li pl\u00e9b\u00e1nos \u00farnak, az 1950-1993 k\u00f6z\u00f6tti h\u0171s\u00e9ggel v\u00e9gzett \u00e1ldozatos lelkip\u00e1sztori szolg\u00e1lat\u00e1\u00e9rt \u00e9s szerte\u00e1gaz\u00f3 embers\u00e9ges tettei\u00e9rt sz\u00fclet\u00e9s\u00e9nek 105. \u00e9vfordul\u00f3j\u00e1n h\u00e1l\u00e1s szeretettel \u00e9s im\u00e1ds\u00e1gos eml\u00e9kezettel \u00e1ll\u00edttatta a szentp\u00e1li h\u00edvek k\u00f6z\u00f6ss\u00e9ge.\u201d<\/p>\n\n\n\n<figure class=\"wp-block-gallery columns-3 is-cropped wp-block-gallery-3 is-layout-flex wp-block-gallery-is-layout-flex\"><ul class=\"blocks-gallery-grid\"><li class=\"blocks-gallery-item\"><figure><img loading=\"lazy\" decoding=\"async\" width=\"1024\" height=\"683\" src=\"https:\/\/marcali.plebania.hu\/wp-content\/uploads\/2022\/06\/29-1024x683.jpg\" alt=\"\" data-id=\"3680\" data-link=\"https:\/\/marcali.plebania.hu\/?attachment_id=3680\" class=\"wp-image-3680\" srcset=\"https:\/\/marcali.plebania.hu\/wp-content\/uploads\/2022\/06\/29-1024x683.jpg 1024w, https:\/\/marcali.plebania.hu\/wp-content\/uploads\/2022\/06\/29-300x200.jpg 300w, https:\/\/marcali.plebania.hu\/wp-content\/uploads\/2022\/06\/29-768x512.jpg 768w, https:\/\/marcali.plebania.hu\/wp-content\/uploads\/2022\/06\/29-1536x1024.jpg 1536w, https:\/\/marcali.plebania.hu\/wp-content\/uploads\/2022\/06\/29-2048x1365.jpg 2048w, https:\/\/marcali.plebania.hu\/wp-content\/uploads\/2022\/06\/29-405x270.jpg 405w\" sizes=\"auto, (max-width: 1024px) 100vw, 1024px\" \/><\/figure><\/li><li class=\"blocks-gallery-item\"><figure><img loading=\"lazy\" decoding=\"async\" width=\"1024\" height=\"683\" src=\"https:\/\/marcali.plebania.hu\/wp-content\/uploads\/2022\/06\/25-1-1024x683.jpg\" alt=\"\" data-id=\"3681\" data-link=\"https:\/\/marcali.plebania.hu\/?attachment_id=3681\" class=\"wp-image-3681\" srcset=\"https:\/\/marcali.plebania.hu\/wp-content\/uploads\/2022\/06\/25-1-1024x683.jpg 1024w, https:\/\/marcali.plebania.hu\/wp-content\/uploads\/2022\/06\/25-1-300x200.jpg 300w, https:\/\/marcali.plebania.hu\/wp-content\/uploads\/2022\/06\/25-1-768x512.jpg 768w, https:\/\/marcali.plebania.hu\/wp-content\/uploads\/2022\/06\/25-1-1536x1024.jpg 1536w, https:\/\/marcali.plebania.hu\/wp-content\/uploads\/2022\/06\/25-1-2048x1365.jpg 2048w, https:\/\/marcali.plebania.hu\/wp-content\/uploads\/2022\/06\/25-1-405x270.jpg 405w\" sizes=\"auto, (max-width: 1024px) 100vw, 1024px\" \/><\/figure><\/li><li class=\"blocks-gallery-item\"><figure><img loading=\"lazy\" decoding=\"async\" width=\"1024\" height=\"683\" src=\"https:\/\/marcali.plebania.hu\/wp-content\/uploads\/2022\/06\/40-1024x683.jpg\" alt=\"\" data-id=\"3682\" data-link=\"https:\/\/marcali.plebania.hu\/?attachment_id=3682\" class=\"wp-image-3682\" srcset=\"https:\/\/marcali.plebania.hu\/wp-content\/uploads\/2022\/06\/40-1024x683.jpg 1024w, https:\/\/marcali.plebania.hu\/wp-content\/uploads\/2022\/06\/40-300x200.jpg 300w, https:\/\/marcali.plebania.hu\/wp-content\/uploads\/2022\/06\/40-768x512.jpg 768w, https:\/\/marcali.plebania.hu\/wp-content\/uploads\/2022\/06\/40-1536x1024.jpg 1536w, https:\/\/marcali.plebania.hu\/wp-content\/uploads\/2022\/06\/40-2048x1365.jpg 2048w, https:\/\/marcali.plebania.hu\/wp-content\/uploads\/2022\/06\/40-405x270.jpg 405w\" sizes=\"auto, (max-width: 1024px) 100vw, 1024px\" \/><\/figure><\/li><li class=\"blocks-gallery-item\"><figure><img loading=\"lazy\" decoding=\"async\" width=\"1024\" height=\"683\" src=\"https:\/\/marcali.plebania.hu\/wp-content\/uploads\/2022\/06\/19-1024x683.jpg\" alt=\"\" data-id=\"3683\" data-full-url=\"https:\/\/marcali.plebania.hu\/wp-content\/uploads\/2022\/06\/19-scaled.jpg\" data-link=\"https:\/\/marcali.plebania.hu\/?attachment_id=3683\" class=\"wp-image-3683\" srcset=\"https:\/\/marcali.plebania.hu\/wp-content\/uploads\/2022\/06\/19-1024x683.jpg 1024w, https:\/\/marcali.plebania.hu\/wp-content\/uploads\/2022\/06\/19-300x200.jpg 300w, https:\/\/marcali.plebania.hu\/wp-content\/uploads\/2022\/06\/19-768x512.jpg 768w, https:\/\/marcali.plebania.hu\/wp-content\/uploads\/2022\/06\/19-1536x1024.jpg 1536w, https:\/\/marcali.plebania.hu\/wp-content\/uploads\/2022\/06\/19-2048x1365.jpg 2048w, https:\/\/marcali.plebania.hu\/wp-content\/uploads\/2022\/06\/19-405x270.jpg 405w\" sizes=\"auto, (max-width: 1024px) 100vw, 1024px\" \/><\/figure><\/li><\/ul><\/figure>\n\n\n\n<p>Az \u00fcnnepi szentmis\u00e9n nemcsak a helybeli, hanem a k\u00f6rny\u00e9kbeli, k\u00f6zt\u00fck R\u00e9vai J\u00f3zsef egykori marcali h\u00edvei, valamint ismer\u0151sei \u00e9s rokonai is sz\u00e9p sz\u00e1mmal r\u00e9szt vettek.<\/p>\n\n\n\n<figure class=\"wp-block-gallery columns-3 is-cropped wp-block-gallery-4 is-layout-flex wp-block-gallery-is-layout-flex\"><ul class=\"blocks-gallery-grid\"><li class=\"blocks-gallery-item\"><figure><img loading=\"lazy\" decoding=\"async\" width=\"1024\" height=\"683\" src=\"https:\/\/marcali.plebania.hu\/wp-content\/uploads\/2022\/06\/21-1024x683.jpg\" alt=\"\" data-id=\"3685\" data-link=\"https:\/\/marcali.plebania.hu\/?attachment_id=3685\" class=\"wp-image-3685\" srcset=\"https:\/\/marcali.plebania.hu\/wp-content\/uploads\/2022\/06\/21-1024x683.jpg 1024w, https:\/\/marcali.plebania.hu\/wp-content\/uploads\/2022\/06\/21-300x200.jpg 300w, https:\/\/marcali.plebania.hu\/wp-content\/uploads\/2022\/06\/21-768x512.jpg 768w, https:\/\/marcali.plebania.hu\/wp-content\/uploads\/2022\/06\/21-1536x1024.jpg 1536w, https:\/\/marcali.plebania.hu\/wp-content\/uploads\/2022\/06\/21-2048x1365.jpg 2048w, https:\/\/marcali.plebania.hu\/wp-content\/uploads\/2022\/06\/21-405x270.jpg 405w\" sizes=\"auto, (max-width: 1024px) 100vw, 1024px\" \/><\/figure><\/li><li class=\"blocks-gallery-item\"><figure><img loading=\"lazy\" decoding=\"async\" width=\"1024\" height=\"683\" src=\"https:\/\/marcali.plebania.hu\/wp-content\/uploads\/2022\/06\/09-1-1024x683.jpg\" alt=\"\" data-id=\"3686\" data-link=\"https:\/\/marcali.plebania.hu\/?attachment_id=3686\" class=\"wp-image-3686\" srcset=\"https:\/\/marcali.plebania.hu\/wp-content\/uploads\/2022\/06\/09-1-1024x683.jpg 1024w, https:\/\/marcali.plebania.hu\/wp-content\/uploads\/2022\/06\/09-1-300x200.jpg 300w, https:\/\/marcali.plebania.hu\/wp-content\/uploads\/2022\/06\/09-1-768x512.jpg 768w, https:\/\/marcali.plebania.hu\/wp-content\/uploads\/2022\/06\/09-1-1536x1024.jpg 1536w, https:\/\/marcali.plebania.hu\/wp-content\/uploads\/2022\/06\/09-1-2048x1365.jpg 2048w, https:\/\/marcali.plebania.hu\/wp-content\/uploads\/2022\/06\/09-1-405x270.jpg 405w\" sizes=\"auto, (max-width: 1024px) 100vw, 1024px\" \/><\/figure><\/li><li class=\"blocks-gallery-item\"><figure><img loading=\"lazy\" decoding=\"async\" width=\"1024\" height=\"683\" src=\"https:\/\/marcali.plebania.hu\/wp-content\/uploads\/2022\/06\/10-1024x683.jpg\" alt=\"\" data-id=\"3687\" data-link=\"https:\/\/marcali.plebania.hu\/?attachment_id=3687\" class=\"wp-image-3687\" srcset=\"https:\/\/marcali.plebania.hu\/wp-content\/uploads\/2022\/06\/10-1024x683.jpg 1024w, https:\/\/marcali.plebania.hu\/wp-content\/uploads\/2022\/06\/10-300x200.jpg 300w, https:\/\/marcali.plebania.hu\/wp-content\/uploads\/2022\/06\/10-768x512.jpg 768w, https:\/\/marcali.plebania.hu\/wp-content\/uploads\/2022\/06\/10-1536x1024.jpg 1536w, https:\/\/marcali.plebania.hu\/wp-content\/uploads\/2022\/06\/10-2048x1365.jpg 2048w, https:\/\/marcali.plebania.hu\/wp-content\/uploads\/2022\/06\/10-405x270.jpg 405w\" sizes=\"auto, (max-width: 1024px) 100vw, 1024px\" \/><\/figure><\/li><li class=\"blocks-gallery-item\"><figure><img loading=\"lazy\" decoding=\"async\" width=\"1024\" height=\"683\" src=\"https:\/\/marcali.plebania.hu\/wp-content\/uploads\/2022\/06\/20-1-1024x683.jpg\" alt=\"\" data-id=\"3688\" data-full-url=\"https:\/\/marcali.plebania.hu\/wp-content\/uploads\/2022\/06\/20-1-scaled.jpg\" data-link=\"https:\/\/marcali.plebania.hu\/?attachment_id=3688\" class=\"wp-image-3688\" srcset=\"https:\/\/marcali.plebania.hu\/wp-content\/uploads\/2022\/06\/20-1-1024x683.jpg 1024w, https:\/\/marcali.plebania.hu\/wp-content\/uploads\/2022\/06\/20-1-300x200.jpg 300w, https:\/\/marcali.plebania.hu\/wp-content\/uploads\/2022\/06\/20-1-768x512.jpg 768w, https:\/\/marcali.plebania.hu\/wp-content\/uploads\/2022\/06\/20-1-1536x1024.jpg 1536w, https:\/\/marcali.plebania.hu\/wp-content\/uploads\/2022\/06\/20-1-2048x1365.jpg 2048w, https:\/\/marcali.plebania.hu\/wp-content\/uploads\/2022\/06\/20-1-405x270.jpg 405w\" sizes=\"auto, (max-width: 1024px) 100vw, 1024px\" \/><\/figure><\/li><\/ul><\/figure>\n","protected":false},"excerpt":{"rendered":"<p>2022. j\u00fanius 6-\u00e1n, P\u00fcnk\u00f6sdh\u00e9tf\u0151n, 11 \u00f3rakor kezd\u0151d\u00f6tt \u00fcnnepi szentmise a somogyszentp\u00e1li P\u00e1duai Szent Antal templomban, melyet az egykori pl\u00e9b\u00e1nos, R\u00e9vai J\u00f3zsef eml\u00e9k\u00e9re celebr\u00e1ltak sz\u00fclet\u00e9s\u00e9nek 105. \u00e9vfordul\u00f3j\u00e1n. Az istentiszteletet Berta Tibor dand\u00e1rt\u00e1bornok, katolikus t\u00e1bori p\u00fcsp\u00f6k celebr\u00e1lta N\u00e9meth J\u00f3zsef k\u00e9thelyi, Kiss Iv\u00e1n c. pr\u00e9post, marcali pl\u00e9b\u00e1nosok, tov\u00e1bb\u00e1 13 k\u00f6rny\u00e9kbeli \u00e9s messzebbr\u0151l \u00e9rkezett paptestv\u00e9r k\u00f6zrem\u0171k\u00f6d\u00e9s\u00e9vel. R\u00e9vai J\u00f3zsef c. pr\u00e9post, tb. kanonok, f\u0151esperes 1950-1993 k\u00f6z\u00f6tt Somogyszentp\u00e1lon, illet\u0151leg 1979-1993 k\u00f6z\u00f6tt egyidej\u0171leg Marcaliban is ell\u00e1tta a pl\u00e9b\u00e1nosi teend\u0151ket. Mindk\u00e9t egyh\u00e1zk\u00f6zs\u00e9gben igen sokr\u00e9t\u0171 lelkip\u00e1sztori munk\u00e1t folytatott, mik\u00f6zben&#8230;<\/p>\n<p class=\"read-more\"><a class=\"btn btn-default\" href=\"https:\/\/marcali.plebania.hu\/?p=3671\"> Read More<span class=\"screen-reader-text\">  Read More<\/span><\/a><\/p>\n","protected":false},"author":2,"featured_media":0,"comment_status":"closed","ping_status":"open","sticky":false,"template":"","format":"standard","meta":{"footnotes":""},"categories":[1],"tags":[],"class_list":["post-3671","post","type-post","status-publish","format-standard","hentry","category-egyeb"],"_links":{"self":[{"href":"https:\/\/marcali.plebania.hu\/index.php?rest_route=\/wp\/v2\/posts\/3671","targetHints":{"allow":["GET"]}}],"collection":[{"href":"https:\/\/marcali.plebania.hu\/index.php?rest_route=\/wp\/v2\/posts"}],"about":[{"href":"https:\/\/marcali.plebania.hu\/index.php?rest_route=\/wp\/v2\/types\/post"}],"author":[{"embeddable":true,"href":"https:\/\/marcali.plebania.hu\/index.php?rest_route=\/wp\/v2\/users\/2"}],"replies":[{"embeddable":true,"href":"https:\/\/marcali.plebania.hu\/index.php?rest_route=%2Fwp%2Fv2%2Fcomments&post=3671"}],"version-history":[{"count":1,"href":"https:\/\/marcali.plebania.hu\/index.php?rest_route=\/wp\/v2\/posts\/3671\/revisions"}],"predecessor-version":[{"id":3689,"href":"https:\/\/marcali.plebania.hu\/index.php?rest_route=\/wp\/v2\/posts\/3671\/revisions\/3689"}],"wp:attachment":[{"href":"https:\/\/marcali.plebania.hu\/index.php?rest_route=%2Fwp%2Fv2%2Fmedia&parent=3671"}],"wp:term":[{"taxonomy":"category","embeddable":true,"href":"https:\/\/marcali.plebania.hu\/index.php?rest_route=%2Fwp%2Fv2%2Fcategories&post=3671"},{"taxonomy":"post_tag","embeddable":true,"href":"https:\/\/marcali.plebania.hu\/index.php?rest_route=%2Fwp%2Fv2%2Ftags&post=3671"}],"curies":[{"name":"wp","href":"https:\/\/api.w.org\/{rel}","templated":true}]}}