{"id":368,"date":"2018-09-28T07:55:00","date_gmt":"2018-09-28T07:55:00","guid":{"rendered":"https:\/\/marcali.plebania.hu\/?p=368"},"modified":"2018-09-28T07:55:00","modified_gmt":"2018-09-28T07:55:00","slug":"hirdetesek-2018-09-30","status":"publish","type":"post","link":"https:\/\/marcali.plebania.hu\/?p=368","title":{"rendered":"Hirdet\u00e9sek, 2018. 09. 30."},"content":{"rendered":"<p>&nbsp;<\/p>\n<ol>\n<li>Ma van az \u00e9vk\u00f6zi 26. vas\u00e1rnap. A B. Gizella templomban 10 \u00f3rakor, a Szent Orb\u00e1n k\u00e1poln\u00e1ban 11 \u00f3rakor lesz term\u00e9nybetakar\u00edt\u00f3 h\u00e1laad\u00f3 szentmise.<\/li>\n<li>A j\u00f6v\u0151 h\u00e9ten, okt\u00f3ber h\u00f3napban a r\u00f3zsaf\u00fcz\u00e9rt im\u00e1dkozzuk, est\u00e9nk\u00e9nt 17.30 \u00f3rakor kezd\u0151dik a r\u00f3zsaf\u00fcz\u00e9r im\u00e1ds\u00e1g. H\u00e9tf\u0151n Engesztel\u0151 Imak\u00f6r, kedden J\u00e9zus Testv\u00e9rei Kisk\u00f6z\u00f6ss\u00e9g, szerd\u00e1n Szent Erzs\u00e9bet Imak\u00f6r, cs\u00fct\u00f6rt\u00f6k\u00f6n a R\u00f3zsaf\u00fcz\u00e9r T\u00e1rsulat, p\u00e9nteken a gyermekek \u00e9s fiatalok, szombaton az Egyh\u00e1zk\u00f6zs\u00e9g K\u00e9pvisel\u0151 Test\u00fclete. Vas\u00e1rnap a B. Gizella templomban v\u00e9gezz\u00fck a r\u00f3zsaf\u00fcz\u00e9rt.<\/li>\n<li>A h\u00e9ten els\u0151 p\u00e9ntek, 17 \u00f3r\u00e1t\u00f3l gy\u00f3ntat\u00e1s, 17.30-kor r\u00f3zsaf\u00fcz\u00e9r, 18 \u00f3rakor szentmise.<\/li>\n<li>A K\u00c9SZ Marcali Csoportja okt\u00f3ber 20-\u00e1n tervezi zar\u00e1ndoklat\u00e1t Sz\u00e9kesfeh\u00e9rv\u00e1rra, a szakr\u00e1lis \u00e9rt\u00e9kek megtekint\u00e9s\u00e9re. A buszk\u00f6lts\u00e9g a K\u00c9SZ-tagoknak ingyenes lesz. Az \u00fatra a h\u00edvek is jelentkezhetnek \u00fatik\u00f6lts\u00e9g t\u00e9r\u00edt\u00e9s ellen\u00e9ben. Jelentkezni a pl\u00e9b\u00e1ni\u00e1n lehet.<\/li>\n<\/ol>\n","protected":false},"excerpt":{"rendered":"<p>&nbsp; Ma van az \u00e9vk\u00f6zi 26. vas\u00e1rnap. A B. Gizella templomban 10 \u00f3rakor, a Szent Orb\u00e1n k\u00e1poln\u00e1ban 11 \u00f3rakor lesz term\u00e9nybetakar\u00edt\u00f3 h\u00e1laad\u00f3 szentmise. A j\u00f6v\u0151 h\u00e9ten, okt\u00f3ber h\u00f3napban a r\u00f3zsaf\u00fcz\u00e9rt im\u00e1dkozzuk, est\u00e9nk\u00e9nt 17.30 \u00f3rakor kezd\u0151dik a r\u00f3zsaf\u00fcz\u00e9r im\u00e1ds\u00e1g. H\u00e9tf\u0151n Engesztel\u0151 Imak\u00f6r, kedden J\u00e9zus Testv\u00e9rei Kisk\u00f6z\u00f6ss\u00e9g, szerd\u00e1n Szent Erzs\u00e9bet Imak\u00f6r, cs\u00fct\u00f6rt\u00f6k\u00f6n a R\u00f3zsaf\u00fcz\u00e9r T\u00e1rsulat, p\u00e9nteken a gyermekek \u00e9s fiatalok, szombaton az Egyh\u00e1zk\u00f6zs\u00e9g K\u00e9pvisel\u0151 Test\u00fclete. Vas\u00e1rnap a B. Gizella templomban v\u00e9gezz\u00fck a r\u00f3zsaf\u00fcz\u00e9rt. A h\u00e9ten els\u0151 p\u00e9ntek, 17 \u00f3r\u00e1t\u00f3l gy\u00f3ntat\u00e1s, 17.30-kor r\u00f3zsaf\u00fcz\u00e9r,&#8230;<\/p>\n<p class=\"read-more\"><a class=\"btn btn-default\" href=\"https:\/\/marcali.plebania.hu\/?p=368\"> Read More<span class=\"screen-reader-text\">  Read More<\/span><\/a><\/p>\n","protected":false},"author":2,"featured_media":0,"comment_status":"closed","ping_status":"open","sticky":false,"template":"","format":"standard","meta":{"footnotes":""},"categories":[1],"tags":[],"class_list":["post-368","post","type-post","status-publish","format-standard","hentry","category-egyeb"],"_links":{"self":[{"href":"https:\/\/marcali.plebania.hu\/index.php?rest_route=\/wp\/v2\/posts\/368","targetHints":{"allow":["GET"]}}],"collection":[{"href":"https:\/\/marcali.plebania.hu\/index.php?rest_route=\/wp\/v2\/posts"}],"about":[{"href":"https:\/\/marcali.plebania.hu\/index.php?rest_route=\/wp\/v2\/types\/post"}],"author":[{"embeddable":true,"href":"https:\/\/marcali.plebania.hu\/index.php?rest_route=\/wp\/v2\/users\/2"}],"replies":[{"embeddable":true,"href":"https:\/\/marcali.plebania.hu\/index.php?rest_route=%2Fwp%2Fv2%2Fcomments&post=368"}],"version-history":[{"count":1,"href":"https:\/\/marcali.plebania.hu\/index.php?rest_route=\/wp\/v2\/posts\/368\/revisions"}],"predecessor-version":[{"id":369,"href":"https:\/\/marcali.plebania.hu\/index.php?rest_route=\/wp\/v2\/posts\/368\/revisions\/369"}],"wp:attachment":[{"href":"https:\/\/marcali.plebania.hu\/index.php?rest_route=%2Fwp%2Fv2%2Fmedia&parent=368"}],"wp:term":[{"taxonomy":"category","embeddable":true,"href":"https:\/\/marcali.plebania.hu\/index.php?rest_route=%2Fwp%2Fv2%2Fcategories&post=368"},{"taxonomy":"post_tag","embeddable":true,"href":"https:\/\/marcali.plebania.hu\/index.php?rest_route=%2Fwp%2Fv2%2Ftags&post=368"}],"curies":[{"name":"wp","href":"https:\/\/api.w.org\/{rel}","templated":true}]}}