{"id":3690,"date":"2022-06-09T15:19:47","date_gmt":"2022-06-09T15:19:47","guid":{"rendered":"https:\/\/marcali.plebania.hu\/?p=3690"},"modified":"2022-06-09T15:19:47","modified_gmt":"2022-06-09T15:19:47","slug":"lorincz-sandor-a-kegyelem-erotereben-konyvbemutato-az-x-hazban","status":"publish","type":"post","link":"https:\/\/marcali.plebania.hu\/?p=3690","title":{"rendered":"L\u0151rincz S\u00e1ndor: A kegyelem er\u0151ter\u00e9ben &#8211; K\u00f6nyvbemutat\u00f3 az X-h\u00e1zban"},"content":{"rendered":"\n<p>2022. j\u00fanius 7-\u00e9n, kedden 18 \u00f3rakor\nL\u0151rincz S\u00e1ndor \u00edr\u00f3, \u00fajs\u00e1g\u00edr\u00f3: A kegyelem er\u0151ter\u00e9ben c\u00edm\u0171 leg\u00fajabb k\u00f6tet\u00e9nek\nbemutat\u00f3j\u00e1ra ker\u00fclt sor az X-h\u00e1z (D\u00f3zsa u. 3.) nagyterm\u00e9ben.<\/p>\n\n\n\n<p>A szerz\u0151 vend\u00e9gei: dr. Rumszauer Mikl\u00f3s p\u00fcsp\u00f6ki helyn\u00f6k, a kaposv\u00e1ri Szent Margit-Szent J\u00f3zsef-templom pl\u00e9b\u00e1nosa \u00e9s Kiss Iv\u00e1n c. pr\u00e9post, marcali pl\u00e9b\u00e1nos voltak. Az est h\u00e1zigazd\u00e1ja: Kiss K\u00e1lm\u00e1n, a Kereszt\u00e9ny \u00c9rtelmis\u00e9giek Sz\u00f6vets\u00e9ge (K\u00c9SZ) Marcali Csoportj\u00e1nak eln\u00f6ke volt, aki egyben a kerekasztal besz\u00e9lget\u00e9st is vezette.<\/p>\n\n\n\n<figure class=\"wp-block-gallery columns-3 is-cropped wp-block-gallery-1 is-layout-flex wp-block-gallery-is-layout-flex\"><ul class=\"blocks-gallery-grid\"><li class=\"blocks-gallery-item\"><figure><img loading=\"lazy\" decoding=\"async\" width=\"683\" height=\"1024\" src=\"https:\/\/marcali.plebania.hu\/wp-content\/uploads\/2022\/06\/04-1-683x1024.jpg\" alt=\"\" data-id=\"3691\" data-link=\"https:\/\/marcali.plebania.hu\/?attachment_id=3691\" class=\"wp-image-3691\" srcset=\"https:\/\/marcali.plebania.hu\/wp-content\/uploads\/2022\/06\/04-1-683x1024.jpg 683w, https:\/\/marcali.plebania.hu\/wp-content\/uploads\/2022\/06\/04-1-200x300.jpg 200w, https:\/\/marcali.plebania.hu\/wp-content\/uploads\/2022\/06\/04-1-768x1152.jpg 768w, https:\/\/marcali.plebania.hu\/wp-content\/uploads\/2022\/06\/04-1-1024x1536.jpg 1024w, https:\/\/marcali.plebania.hu\/wp-content\/uploads\/2022\/06\/04-1-1365x2048.jpg 1365w, https:\/\/marcali.plebania.hu\/wp-content\/uploads\/2022\/06\/04-1-180x270.jpg 180w, https:\/\/marcali.plebania.hu\/wp-content\/uploads\/2022\/06\/04-1-scaled.jpg 1707w\" sizes=\"auto, (max-width: 683px) 100vw, 683px\" \/><\/figure><\/li><li class=\"blocks-gallery-item\"><figure><img loading=\"lazy\" decoding=\"async\" width=\"683\" height=\"1024\" src=\"https:\/\/marcali.plebania.hu\/wp-content\/uploads\/2022\/06\/05-683x1024.jpg\" alt=\"\" data-id=\"3692\" data-link=\"https:\/\/marcali.plebania.hu\/?attachment_id=3692\" class=\"wp-image-3692\" srcset=\"https:\/\/marcali.plebania.hu\/wp-content\/uploads\/2022\/06\/05-683x1024.jpg 683w, https:\/\/marcali.plebania.hu\/wp-content\/uploads\/2022\/06\/05-200x300.jpg 200w, https:\/\/marcali.plebania.hu\/wp-content\/uploads\/2022\/06\/05-768x1152.jpg 768w, https:\/\/marcali.plebania.hu\/wp-content\/uploads\/2022\/06\/05-1024x1536.jpg 1024w, https:\/\/marcali.plebania.hu\/wp-content\/uploads\/2022\/06\/05-1365x2048.jpg 1365w, https:\/\/marcali.plebania.hu\/wp-content\/uploads\/2022\/06\/05-180x270.jpg 180w, https:\/\/marcali.plebania.hu\/wp-content\/uploads\/2022\/06\/05-scaled.jpg 1707w\" sizes=\"auto, (max-width: 683px) 100vw, 683px\" \/><\/figure><\/li><li class=\"blocks-gallery-item\"><figure><img loading=\"lazy\" decoding=\"async\" width=\"683\" height=\"1024\" src=\"https:\/\/marcali.plebania.hu\/wp-content\/uploads\/2022\/06\/11-1-683x1024.jpg\" alt=\"\" data-id=\"3693\" data-link=\"https:\/\/marcali.plebania.hu\/?attachment_id=3693\" class=\"wp-image-3693\" srcset=\"https:\/\/marcali.plebania.hu\/wp-content\/uploads\/2022\/06\/11-1-683x1024.jpg 683w, https:\/\/marcali.plebania.hu\/wp-content\/uploads\/2022\/06\/11-1-200x300.jpg 200w, https:\/\/marcali.plebania.hu\/wp-content\/uploads\/2022\/06\/11-1-768x1152.jpg 768w, https:\/\/marcali.plebania.hu\/wp-content\/uploads\/2022\/06\/11-1-1024x1536.jpg 1024w, https:\/\/marcali.plebania.hu\/wp-content\/uploads\/2022\/06\/11-1-1365x2048.jpg 1365w, https:\/\/marcali.plebania.hu\/wp-content\/uploads\/2022\/06\/11-1-180x270.jpg 180w, https:\/\/marcali.plebania.hu\/wp-content\/uploads\/2022\/06\/11-1-scaled.jpg 1707w\" sizes=\"auto, (max-width: 683px) 100vw, 683px\" \/><\/figure><\/li><li class=\"blocks-gallery-item\"><figure><img loading=\"lazy\" decoding=\"async\" width=\"1024\" height=\"683\" src=\"https:\/\/marcali.plebania.hu\/wp-content\/uploads\/2022\/06\/07-2-1024x683.jpg\" alt=\"\" data-id=\"3694\" data-full-url=\"https:\/\/marcali.plebania.hu\/wp-content\/uploads\/2022\/06\/07-2-scaled.jpg\" data-link=\"https:\/\/marcali.plebania.hu\/?attachment_id=3694\" class=\"wp-image-3694\" srcset=\"https:\/\/marcali.plebania.hu\/wp-content\/uploads\/2022\/06\/07-2-1024x683.jpg 1024w, https:\/\/marcali.plebania.hu\/wp-content\/uploads\/2022\/06\/07-2-300x200.jpg 300w, https:\/\/marcali.plebania.hu\/wp-content\/uploads\/2022\/06\/07-2-768x512.jpg 768w, https:\/\/marcali.plebania.hu\/wp-content\/uploads\/2022\/06\/07-2-1536x1024.jpg 1536w, https:\/\/marcali.plebania.hu\/wp-content\/uploads\/2022\/06\/07-2-2048x1365.jpg 2048w, https:\/\/marcali.plebania.hu\/wp-content\/uploads\/2022\/06\/07-2-405x270.jpg 405w\" sizes=\"auto, (max-width: 1024px) 100vw, 1024px\" \/><\/figure><\/li><\/ul><\/figure>\n\n\n\n<p>A rendezv\u00e9nyt megtisztelte\njelenl\u00e9t\u00e9vel Huszti G\u00e1bor, a Somogy Megyei k\u00f6zgy\u0171l\u00e9s aleln\u00f6ke \u00e9s feles\u00e9ge;\nMoln\u00e1r \u00c1gnes Anna, \u00f6nkorm\u00e1nyzati k\u00e9pvisel\u0151; valamint Szaka Zsolt, a Marcali \u00e9s\nK\u00f6rny\u00e9ke Hagyom\u00e1ny\u0151rz\u0151 Ipartest\u00fclet eln\u00f6ke.<\/p>\n\n\n\n<p>L\u0151rincz S\u00e1ndor bemutatkoz\u00e1s\u00e1ban el\u00e1rulta, hogyan lett pedag\u00f3gusb\u00f3l, illetve n\u00e9pm\u0171vel\u0151b\u0151l a Somogyi H\u00edrlap \u00fajs\u00e1g\u00edr\u00f3ja, tov\u00e1bb\u00e1 milyen szerepe volt \u2013 Bal\u00e1s B\u00e9la p\u00fcsp\u00f6k felk\u00e9r\u00e9s\u00e9re \u2013 az \u00fajonnan megalakult Kaposv\u00e1ri Egyh\u00e1zmegy\u00e9ben a vall\u00e1si m\u00e9dia megindul\u00e1s\u00e1ban. A szerz\u0151t a hallgat\u00f3s\u00e1g a m\u00e1r eml\u00edtett Somogyi H\u00edrlap, valamint \u2013 t\u00f6bbek k\u00f6z\u00f6tt \u2013 az \u00daj Ember, a M\u00e9rt\u00e9kad\u00f3, a Jel, a B\u00fav\u00f3patak, a Somogy, vagy az egyh\u00e1zmegyei Spiritusz foly\u00f3iratokb\u00f3l ismerheti. 1994 \u00f3ta sz\u00e1mos k\u00f6tete l\u00e1tott napvil\u00e1got. Ez a leg\u00fajabb k\u00f6nyve imm\u00e1r a 29-dik a sorban. 2013-t\u00f3l am\u00fagy a Szoci\u00e1lis \u00e9s Gyermekv\u00e9delmi F\u0151igazgat\u00f3s\u00e1g Somogy Megyei Kirendelts\u00e9ge t\u00e1rsadalmi kapcsolatok\u00e9rt felel\u0151s referensek\u00e9nt dolgozik.<\/p>\n\n\n\n<figure class=\"wp-block-gallery columns-3 is-cropped wp-block-gallery-2 is-layout-flex wp-block-gallery-is-layout-flex\"><ul class=\"blocks-gallery-grid\"><li class=\"blocks-gallery-item\"><figure><img loading=\"lazy\" decoding=\"async\" width=\"683\" height=\"1024\" src=\"https:\/\/marcali.plebania.hu\/wp-content\/uploads\/2022\/06\/06-1-683x1024.jpg\" alt=\"\" data-id=\"3699\" data-link=\"https:\/\/marcali.plebania.hu\/?attachment_id=3699\" class=\"wp-image-3699\" srcset=\"https:\/\/marcali.plebania.hu\/wp-content\/uploads\/2022\/06\/06-1-683x1024.jpg 683w, https:\/\/marcali.plebania.hu\/wp-content\/uploads\/2022\/06\/06-1-200x300.jpg 200w, https:\/\/marcali.plebania.hu\/wp-content\/uploads\/2022\/06\/06-1-768x1152.jpg 768w, https:\/\/marcali.plebania.hu\/wp-content\/uploads\/2022\/06\/06-1-1024x1536.jpg 1024w, https:\/\/marcali.plebania.hu\/wp-content\/uploads\/2022\/06\/06-1-1365x2048.jpg 1365w, https:\/\/marcali.plebania.hu\/wp-content\/uploads\/2022\/06\/06-1-180x270.jpg 180w, https:\/\/marcali.plebania.hu\/wp-content\/uploads\/2022\/06\/06-1-scaled.jpg 1707w\" sizes=\"auto, (max-width: 683px) 100vw, 683px\" \/><\/figure><\/li><li class=\"blocks-gallery-item\"><figure><img loading=\"lazy\" decoding=\"async\" width=\"683\" height=\"1024\" src=\"https:\/\/marcali.plebania.hu\/wp-content\/uploads\/2022\/06\/09-2-683x1024.jpg\" alt=\"\" data-id=\"3700\" data-link=\"https:\/\/marcali.plebania.hu\/?attachment_id=3700\" class=\"wp-image-3700\" srcset=\"https:\/\/marcali.plebania.hu\/wp-content\/uploads\/2022\/06\/09-2-683x1024.jpg 683w, https:\/\/marcali.plebania.hu\/wp-content\/uploads\/2022\/06\/09-2-200x300.jpg 200w, https:\/\/marcali.plebania.hu\/wp-content\/uploads\/2022\/06\/09-2-768x1152.jpg 768w, https:\/\/marcali.plebania.hu\/wp-content\/uploads\/2022\/06\/09-2-1024x1536.jpg 1024w, https:\/\/marcali.plebania.hu\/wp-content\/uploads\/2022\/06\/09-2-1365x2048.jpg 1365w, https:\/\/marcali.plebania.hu\/wp-content\/uploads\/2022\/06\/09-2-180x270.jpg 180w, https:\/\/marcali.plebania.hu\/wp-content\/uploads\/2022\/06\/09-2-scaled.jpg 1707w\" sizes=\"auto, (max-width: 683px) 100vw, 683px\" \/><\/figure><\/li><li class=\"blocks-gallery-item\"><figure><img loading=\"lazy\" decoding=\"async\" width=\"683\" height=\"1024\" src=\"https:\/\/marcali.plebania.hu\/wp-content\/uploads\/2022\/06\/16-1-683x1024.jpg\" alt=\"\" data-id=\"3701\" data-link=\"https:\/\/marcali.plebania.hu\/?attachment_id=3701\" class=\"wp-image-3701\" srcset=\"https:\/\/marcali.plebania.hu\/wp-content\/uploads\/2022\/06\/16-1-683x1024.jpg 683w, https:\/\/marcali.plebania.hu\/wp-content\/uploads\/2022\/06\/16-1-200x300.jpg 200w, https:\/\/marcali.plebania.hu\/wp-content\/uploads\/2022\/06\/16-1-768x1152.jpg 768w, https:\/\/marcali.plebania.hu\/wp-content\/uploads\/2022\/06\/16-1-1024x1536.jpg 1024w, https:\/\/marcali.plebania.hu\/wp-content\/uploads\/2022\/06\/16-1-1365x2048.jpg 1365w, https:\/\/marcali.plebania.hu\/wp-content\/uploads\/2022\/06\/16-1-180x270.jpg 180w, https:\/\/marcali.plebania.hu\/wp-content\/uploads\/2022\/06\/16-1-scaled.jpg 1707w\" sizes=\"auto, (max-width: 683px) 100vw, 683px\" \/><\/figure><\/li><li class=\"blocks-gallery-item\"><figure><img loading=\"lazy\" decoding=\"async\" width=\"1024\" height=\"683\" src=\"https:\/\/marcali.plebania.hu\/wp-content\/uploads\/2022\/06\/10-1-1024x683.jpg\" alt=\"\" data-id=\"3702\" data-full-url=\"https:\/\/marcali.plebania.hu\/wp-content\/uploads\/2022\/06\/10-1-scaled.jpg\" data-link=\"https:\/\/marcali.plebania.hu\/?attachment_id=3702\" class=\"wp-image-3702\" srcset=\"https:\/\/marcali.plebania.hu\/wp-content\/uploads\/2022\/06\/10-1-1024x683.jpg 1024w, https:\/\/marcali.plebania.hu\/wp-content\/uploads\/2022\/06\/10-1-300x200.jpg 300w, https:\/\/marcali.plebania.hu\/wp-content\/uploads\/2022\/06\/10-1-768x512.jpg 768w, https:\/\/marcali.plebania.hu\/wp-content\/uploads\/2022\/06\/10-1-1536x1024.jpg 1536w, https:\/\/marcali.plebania.hu\/wp-content\/uploads\/2022\/06\/10-1-2048x1365.jpg 2048w, https:\/\/marcali.plebania.hu\/wp-content\/uploads\/2022\/06\/10-1-405x270.jpg 405w\" sizes=\"auto, (max-width: 1024px) 100vw, 1024px\" \/><\/figure><\/li><\/ul><\/figure>\n\n\n\n<p>\u201eA kegyelem er\u0151ter\u00e9ben\u201d c\u00edm\u0171 kiadv\u00e1nyban L\u0151rincz S\u00e1ndor azt vallja: \u201eT\u00f6bb \u00e9vtizede foglalkoztat, hogy mik\u00e9nt gazdag\u00edt(hat)ja a hit, a rendszeres vall\u00e1sgyakorl\u00e1s az ember \u00e9let\u00e9t, szem\u00e9lyis\u00e9g\u00e9t, hazafis\u00e1g\u00e1t, s milyen szellemi-lelki t\u00f6bbletet jelent(het) az adott szem\u00e9lynek, illetve annak a k\u00f6zegnek, amelyben \u00e9l, alkot szeret.\u201d A k\u00f6nyvben Magyarorsz\u00e1g sz\u00e1mos ismert \u00e9s kev\u00e9sb\u00e9 ismert alakj\u00e1val k\u00e9sz\u00edtett interj\u00fak olvashat\u00f3k, k\u00f6zt\u00fck somogyi, tov\u00e1bb\u00e1 erd\u00e9lyi \u00e9s a d\u00e9lvid\u00e9ki szem\u00e9lyek is megtal\u00e1lhat\u00f3k. A k\u00e9rdezettek k\u00f6z\u00f6tt a t\u00f6rt\u00e9nelmi egyh\u00e1zak k\u00e9pvisel\u0151i mellett a vil\u00e1gi szf\u00e9ra, az irodalmi \u00e9s zenei \u00e9let, az oktat\u00e1s, a n\u00e9prajz, a k\u00e9pz\u0151m\u0171v\u00e9szet, a sz\u00edn\u00e9szvil\u00e1g kiemelked\u0151 szem\u00e9lyis\u00e9gei is megjelennek. Rajtuk k\u00edv\u00fcl m\u00e9g n\u00e9h\u00e1ny politikus is sz\u00f3ra b\u00edrt. Az interj\u00fa alanyok k\u00f6z\u00f6tt \u2013 a teljess\u00e9g ig\u00e9nye n\u00e9lk\u00fcl: Varga L\u00e1szl\u00f3, Bal\u00e1s B\u00e9la, dr. Beer Mikl\u00f3s katolikus p\u00fcsp\u00f6k\u00f6k, Szemerei J\u00e1nos evang\u00e9likus p\u00fcsp\u00f6k, tov\u00e1bb\u00e1 J\u00f3kai Anna, Lackfi J\u00e1nos, Kassai Lajos, dr. Giber Vilmos, Eperjes K\u00e1roly, Hunyadk\u00fcrty Gy\u00f6rgy, Varga Zsuzsa, Vidny\u00e1nszky Attila, S\u00e1ra S\u00e1ndor, Maczk\u00f3 M\u00e1ria, valamint dr. M\u00e1trai M\u00e1rta, Sz\u00e1szfalvi L\u00e1szl\u00f3 vagy dr. Andr\u00e1sfalvi Bertalan is \u0151szint\u00e9n vallanak az Isten melletti elk\u00f6telez\u0151d\u00e9s\u00fckr\u0151l, hit\u00fckr\u0151l, meggy\u0151z\u0151d\u00e9s\u00fckr\u0151l. Term\u00e9szetesen a marcali k\u00f6nyvbemutat\u00f3 mostani vend\u00e9gei is a nyilatkoz\u00f3k k\u00f6z\u00e9 tartoznak, hiszen dr. Rumszauer Mikl\u00f3s: \u201eA migr\u00e1nsk\u00e9rd\u00e9s nem politikai, hanem nemzeti \u00fcgy\u201d, m\u00edg Kiss Iv\u00e1n pedig: \u201eA k\u00f6z\u00f6s ima \u00e9s a b\u00f6jt ereje\u201d t\u00e9mak\u00f6rr\u0151l fejtette ki gondolatait. <\/p>\n\n\n\n<figure class=\"wp-block-gallery columns-3 is-cropped wp-block-gallery-3 is-layout-flex wp-block-gallery-is-layout-flex\"><ul class=\"blocks-gallery-grid\"><li class=\"blocks-gallery-item\"><figure><img loading=\"lazy\" decoding=\"async\" width=\"1024\" height=\"683\" src=\"https:\/\/marcali.plebania.hu\/wp-content\/uploads\/2022\/06\/18-1024x683.jpg\" alt=\"\" data-id=\"3695\" data-link=\"https:\/\/marcali.plebania.hu\/?attachment_id=3695\" class=\"wp-image-3695\" srcset=\"https:\/\/marcali.plebania.hu\/wp-content\/uploads\/2022\/06\/18-1024x683.jpg 1024w, https:\/\/marcali.plebania.hu\/wp-content\/uploads\/2022\/06\/18-300x200.jpg 300w, https:\/\/marcali.plebania.hu\/wp-content\/uploads\/2022\/06\/18-768x512.jpg 768w, https:\/\/marcali.plebania.hu\/wp-content\/uploads\/2022\/06\/18-1536x1024.jpg 1536w, https:\/\/marcali.plebania.hu\/wp-content\/uploads\/2022\/06\/18-2048x1365.jpg 2048w, https:\/\/marcali.plebania.hu\/wp-content\/uploads\/2022\/06\/18-405x270.jpg 405w\" sizes=\"auto, (max-width: 1024px) 100vw, 1024px\" \/><\/figure><\/li><li class=\"blocks-gallery-item\"><figure><img loading=\"lazy\" decoding=\"async\" width=\"1024\" height=\"683\" src=\"https:\/\/marcali.plebania.hu\/wp-content\/uploads\/2022\/06\/19-1-1024x683.jpg\" alt=\"\" data-id=\"3696\" data-link=\"https:\/\/marcali.plebania.hu\/?attachment_id=3696\" class=\"wp-image-3696\" srcset=\"https:\/\/marcali.plebania.hu\/wp-content\/uploads\/2022\/06\/19-1-1024x683.jpg 1024w, https:\/\/marcali.plebania.hu\/wp-content\/uploads\/2022\/06\/19-1-300x200.jpg 300w, https:\/\/marcali.plebania.hu\/wp-content\/uploads\/2022\/06\/19-1-768x512.jpg 768w, https:\/\/marcali.plebania.hu\/wp-content\/uploads\/2022\/06\/19-1-1536x1024.jpg 1536w, https:\/\/marcali.plebania.hu\/wp-content\/uploads\/2022\/06\/19-1-2048x1365.jpg 2048w, https:\/\/marcali.plebania.hu\/wp-content\/uploads\/2022\/06\/19-1-405x270.jpg 405w\" sizes=\"auto, (max-width: 1024px) 100vw, 1024px\" \/><\/figure><\/li><li class=\"blocks-gallery-item\"><figure><img loading=\"lazy\" decoding=\"async\" width=\"1024\" height=\"683\" src=\"https:\/\/marcali.plebania.hu\/wp-content\/uploads\/2022\/06\/13-2-1024x683.jpg\" alt=\"\" data-id=\"3697\" data-link=\"https:\/\/marcali.plebania.hu\/?attachment_id=3697\" class=\"wp-image-3697\" srcset=\"https:\/\/marcali.plebania.hu\/wp-content\/uploads\/2022\/06\/13-2-1024x683.jpg 1024w, https:\/\/marcali.plebania.hu\/wp-content\/uploads\/2022\/06\/13-2-300x200.jpg 300w, https:\/\/marcali.plebania.hu\/wp-content\/uploads\/2022\/06\/13-2-768x512.jpg 768w, https:\/\/marcali.plebania.hu\/wp-content\/uploads\/2022\/06\/13-2-1536x1024.jpg 1536w, https:\/\/marcali.plebania.hu\/wp-content\/uploads\/2022\/06\/13-2-2048x1365.jpg 2048w, https:\/\/marcali.plebania.hu\/wp-content\/uploads\/2022\/06\/13-2-405x270.jpg 405w\" sizes=\"auto, (max-width: 1024px) 100vw, 1024px\" \/><\/figure><\/li><li class=\"blocks-gallery-item\"><figure><img loading=\"lazy\" decoding=\"async\" width=\"1024\" height=\"683\" src=\"https:\/\/marcali.plebania.hu\/wp-content\/uploads\/2022\/06\/17-1024x683.jpg\" alt=\"\" data-id=\"3698\" data-full-url=\"https:\/\/marcali.plebania.hu\/wp-content\/uploads\/2022\/06\/17-scaled.jpg\" data-link=\"https:\/\/marcali.plebania.hu\/?attachment_id=3698\" class=\"wp-image-3698\" srcset=\"https:\/\/marcali.plebania.hu\/wp-content\/uploads\/2022\/06\/17-1024x683.jpg 1024w, https:\/\/marcali.plebania.hu\/wp-content\/uploads\/2022\/06\/17-300x200.jpg 300w, https:\/\/marcali.plebania.hu\/wp-content\/uploads\/2022\/06\/17-768x512.jpg 768w, https:\/\/marcali.plebania.hu\/wp-content\/uploads\/2022\/06\/17-1536x1024.jpg 1536w, https:\/\/marcali.plebania.hu\/wp-content\/uploads\/2022\/06\/17-2048x1365.jpg 2048w, https:\/\/marcali.plebania.hu\/wp-content\/uploads\/2022\/06\/17-405x270.jpg 405w\" sizes=\"auto, (max-width: 1024px) 100vw, 1024px\" \/><\/figure><\/li><\/ul><\/figure>\n\n\n\n<p>A hallgat\u00f3s\u00e1g megtudhatta azt is,\nhogy mi a magyar\u00e1zata a kegyelem kifejez\u00e9snek az \u00fajs\u00e1g\u00edr\u00f3 szemsz\u00f6g\u00e9b\u0151l, \u00e9s mi\np\u00e9ld\u00e1ul az egyh\u00e1z k\u00e9pvisel\u0151i r\u00e9sz\u00e9r\u0151l teol\u00f3giai \u00e9rtelemben. A k\u00f6nyv megjelen\u00e9se\n\u00e9s a kegyelem k\u00e9rd\u00e9sk\u00f6re napjainkban az\u00e9rt is k\u00fcl\u00f6n\u00f6sen id\u0151szer\u0171, mivel a\nvil\u00e1got \u2013 \u00e9vek \u00f3ta \u2013 a migr\u00e1ns-v\u00e1ls\u00e1g, k\u00fcl\u00f6nb\u00f6z\u0151 j\u00e1rv\u00e1nyok s\u00fajtj\u00e1k egyszerre, r\u00e1ad\u00e1sul\nm\u00e9g orosz-ukr\u00e1n h\u00e1bor\u00fa is zajlik Magyarorsz\u00e1g szomsz\u00e9ds\u00e1g\u00e1ban.<\/p>\n\n\n\n<p>Ezen k\u00edv\u00fcl sz\u00f3 volt m\u00e9g a sajt\u00f3 \u00e9s a m\u00e9dia v\u00e9lem\u00e9nyform\u00e1l\u00f3 szerep\u00e9r\u0151l is, a kereszt\u00e9ny \u00fajs\u00e1g\u00edr\u00e1s helyzet\u00e9r\u0151l, jelent\u0151s\u00e9g\u00e9r\u0151l, mivel mindh\u00e1rom vend\u00e9g \u00e9ppen az egyh\u00e1zi m\u00e9di\u00e1ban nagy szakmai tapasztalatokkal rendelkezik a Kaposv\u00e1ri P\u00fcsp\u00f6ks\u00e9g ter\u00fclet\u00e9n. V\u00e9g\u00fcl megeml\u00edt\u00e9sre ker\u00fclt m\u00e9g az is, hogy mik\u00e9nt lehetne m\u00e9g jobban megismertetni, bemutatni a k\u00fclvil\u00e1ggal a kereszt\u00e9ny \u00e9rt\u00e9keket. L\u0151rincz S\u00e1ndor \u201eA kegyelem er\u0151ter\u00e9ben\u201d c\u00edm\u0171 k\u00f6tete pont ezeket a c\u00e9lokat szolg\u00e1lja, \u00e9ppen ez\u00e9rt is aj\u00e1nlj\u00e1k a megjelent lelkip\u00e1sztorok mindenki figyelm\u00e9be.<\/p>\n\n\n\n<figure class=\"wp-block-gallery columns-1 is-cropped wp-block-gallery-4 is-layout-flex wp-block-gallery-is-layout-flex\"><ul class=\"blocks-gallery-grid\"><li class=\"blocks-gallery-item\"><figure><img loading=\"lazy\" decoding=\"async\" width=\"1024\" height=\"683\" src=\"https:\/\/marcali.plebania.hu\/wp-content\/uploads\/2022\/06\/20-2-1024x683.jpg\" alt=\"\" data-id=\"3703\" data-full-url=\"https:\/\/marcali.plebania.hu\/wp-content\/uploads\/2022\/06\/20-2-scaled.jpg\" data-link=\"https:\/\/marcali.plebania.hu\/?attachment_id=3703\" class=\"wp-image-3703\" srcset=\"https:\/\/marcali.plebania.hu\/wp-content\/uploads\/2022\/06\/20-2-1024x683.jpg 1024w, https:\/\/marcali.plebania.hu\/wp-content\/uploads\/2022\/06\/20-2-300x200.jpg 300w, https:\/\/marcali.plebania.hu\/wp-content\/uploads\/2022\/06\/20-2-768x512.jpg 768w, https:\/\/marcali.plebania.hu\/wp-content\/uploads\/2022\/06\/20-2-1536x1024.jpg 1536w, https:\/\/marcali.plebania.hu\/wp-content\/uploads\/2022\/06\/20-2-2048x1365.jpg 2048w, https:\/\/marcali.plebania.hu\/wp-content\/uploads\/2022\/06\/20-2-405x270.jpg 405w\" sizes=\"auto, (max-width: 1024px) 100vw, 1024px\" \/><\/figure><\/li><\/ul><\/figure>\n\n\n\n<p>A k\u00f6nyvbemutat\u00f3 k\u00f6tetlen besz\u00e9lget\u00e9ssel \u00e9s dedik\u00e1l\u00e1ssal z\u00e1rult.\nA program a Marcali R\u00f3mai Katolikus Pl\u00e9b\u00e1nia \u00e9s a K\u00c9SZ Marcali Csoportja\nk\u00f6z\u00f6s szervez\u00e9s\u00e9ben val\u00f3sult meg.<\/p>\n","protected":false},"excerpt":{"rendered":"<p>2022. j\u00fanius 7-\u00e9n, kedden 18 \u00f3rakor L\u0151rincz S\u00e1ndor \u00edr\u00f3, \u00fajs\u00e1g\u00edr\u00f3: A kegyelem er\u0151ter\u00e9ben c\u00edm\u0171 leg\u00fajabb k\u00f6tet\u00e9nek bemutat\u00f3j\u00e1ra ker\u00fclt sor az X-h\u00e1z (D\u00f3zsa u. 3.) nagyterm\u00e9ben. A szerz\u0151 vend\u00e9gei: dr. Rumszauer Mikl\u00f3s p\u00fcsp\u00f6ki helyn\u00f6k, a kaposv\u00e1ri Szent Margit-Szent J\u00f3zsef-templom pl\u00e9b\u00e1nosa \u00e9s Kiss Iv\u00e1n c. pr\u00e9post, marcali pl\u00e9b\u00e1nos voltak. Az est h\u00e1zigazd\u00e1ja: Kiss K\u00e1lm\u00e1n, a Kereszt\u00e9ny \u00c9rtelmis\u00e9giek Sz\u00f6vets\u00e9ge (K\u00c9SZ) Marcali Csoportj\u00e1nak eln\u00f6ke volt, aki egyben a kerekasztal besz\u00e9lget\u00e9st is vezette. A rendezv\u00e9nyt megtisztelte jelenl\u00e9t\u00e9vel Huszti G\u00e1bor, a Somogy Megyei k\u00f6zgy\u0171l\u00e9s aleln\u00f6ke \u00e9s&#8230;<\/p>\n<p class=\"read-more\"><a class=\"btn btn-default\" href=\"https:\/\/marcali.plebania.hu\/?p=3690\"> Read More<span class=\"screen-reader-text\">  Read More<\/span><\/a><\/p>\n","protected":false},"author":2,"featured_media":0,"comment_status":"closed","ping_status":"open","sticky":false,"template":"","format":"standard","meta":{"footnotes":""},"categories":[1],"tags":[],"class_list":["post-3690","post","type-post","status-publish","format-standard","hentry","category-egyeb"],"_links":{"self":[{"href":"https:\/\/marcali.plebania.hu\/index.php?rest_route=\/wp\/v2\/posts\/3690","targetHints":{"allow":["GET"]}}],"collection":[{"href":"https:\/\/marcali.plebania.hu\/index.php?rest_route=\/wp\/v2\/posts"}],"about":[{"href":"https:\/\/marcali.plebania.hu\/index.php?rest_route=\/wp\/v2\/types\/post"}],"author":[{"embeddable":true,"href":"https:\/\/marcali.plebania.hu\/index.php?rest_route=\/wp\/v2\/users\/2"}],"replies":[{"embeddable":true,"href":"https:\/\/marcali.plebania.hu\/index.php?rest_route=%2Fwp%2Fv2%2Fcomments&post=3690"}],"version-history":[{"count":1,"href":"https:\/\/marcali.plebania.hu\/index.php?rest_route=\/wp\/v2\/posts\/3690\/revisions"}],"predecessor-version":[{"id":3704,"href":"https:\/\/marcali.plebania.hu\/index.php?rest_route=\/wp\/v2\/posts\/3690\/revisions\/3704"}],"wp:attachment":[{"href":"https:\/\/marcali.plebania.hu\/index.php?rest_route=%2Fwp%2Fv2%2Fmedia&parent=3690"}],"wp:term":[{"taxonomy":"category","embeddable":true,"href":"https:\/\/marcali.plebania.hu\/index.php?rest_route=%2Fwp%2Fv2%2Fcategories&post=3690"},{"taxonomy":"post_tag","embeddable":true,"href":"https:\/\/marcali.plebania.hu\/index.php?rest_route=%2Fwp%2Fv2%2Ftags&post=3690"}],"curies":[{"name":"wp","href":"https:\/\/api.w.org\/{rel}","templated":true}]}}