{"id":3705,"date":"2022-06-09T15:24:01","date_gmt":"2022-06-09T15:24:01","guid":{"rendered":"https:\/\/marcali.plebania.hu\/?p=3705"},"modified":"2022-06-09T15:24:01","modified_gmt":"2022-06-09T15:24:01","slug":"meghivo-kurucz-adam-konrad-edes-hazam-fogadj-szivedbe-cimu-jotekonysagi-estjere","status":"publish","type":"post","link":"https:\/\/marcali.plebania.hu\/?p=3705","title":{"rendered":"Megh\u00edv\u00f3 &#8211; Kurucz \u00c1d\u00e1m Konr\u00e1d: \u00c9des Haz\u00e1m, fogadj sz\u00edvedbe&#8230; c\u00edm\u0171 j\u00f3t\u00e9konys\u00e1gi estj\u00e9re"},"content":{"rendered":"\n<figure class=\"wp-block-image size-large\"><img loading=\"lazy\" decoding=\"async\" width=\"724\" height=\"1024\" src=\"https:\/\/marcali.plebania.hu\/wp-content\/uploads\/2022\/06\/MV_20220711_1800_Marcali_X_haz_Plakat-724x1024.png\" alt=\"\" class=\"wp-image-3706\" srcset=\"https:\/\/marcali.plebania.hu\/wp-content\/uploads\/2022\/06\/MV_20220711_1800_Marcali_X_haz_Plakat-724x1024.png 724w, https:\/\/marcali.plebania.hu\/wp-content\/uploads\/2022\/06\/MV_20220711_1800_Marcali_X_haz_Plakat-212x300.png 212w, https:\/\/marcali.plebania.hu\/wp-content\/uploads\/2022\/06\/MV_20220711_1800_Marcali_X_haz_Plakat-768x1086.png 768w, https:\/\/marcali.plebania.hu\/wp-content\/uploads\/2022\/06\/MV_20220711_1800_Marcali_X_haz_Plakat-1086x1536.png 1086w, https:\/\/marcali.plebania.hu\/wp-content\/uploads\/2022\/06\/MV_20220711_1800_Marcali_X_haz_Plakat-1448x2048.png 1448w, https:\/\/marcali.plebania.hu\/wp-content\/uploads\/2022\/06\/MV_20220711_1800_Marcali_X_haz_Plakat-191x270.png 191w, https:\/\/marcali.plebania.hu\/wp-content\/uploads\/2022\/06\/MV_20220711_1800_Marcali_X_haz_Plakat.png 1587w\" sizes=\"auto, (max-width: 724px) 100vw, 724px\" \/><\/figure>\n","protected":false},"excerpt":{"rendered":"","protected":false},"author":2,"featured_media":0,"comment_status":"closed","ping_status":"open","sticky":false,"template":"","format":"standard","meta":{"footnotes":""},"categories":[1],"tags":[],"class_list":["post-3705","post","type-post","status-publish","format-standard","hentry","category-egyeb"],"_links":{"self":[{"href":"https:\/\/marcali.plebania.hu\/index.php?rest_route=\/wp\/v2\/posts\/3705","targetHints":{"allow":["GET"]}}],"collection":[{"href":"https:\/\/marcali.plebania.hu\/index.php?rest_route=\/wp\/v2\/posts"}],"about":[{"href":"https:\/\/marcali.plebania.hu\/index.php?rest_route=\/wp\/v2\/types\/post"}],"author":[{"embeddable":true,"href":"https:\/\/marcali.plebania.hu\/index.php?rest_route=\/wp\/v2\/users\/2"}],"replies":[{"embeddable":true,"href":"https:\/\/marcali.plebania.hu\/index.php?rest_route=%2Fwp%2Fv2%2Fcomments&post=3705"}],"version-history":[{"count":1,"href":"https:\/\/marcali.plebania.hu\/index.php?rest_route=\/wp\/v2\/posts\/3705\/revisions"}],"predecessor-version":[{"id":3707,"href":"https:\/\/marcali.plebania.hu\/index.php?rest_route=\/wp\/v2\/posts\/3705\/revisions\/3707"}],"wp:attachment":[{"href":"https:\/\/marcali.plebania.hu\/index.php?rest_route=%2Fwp%2Fv2%2Fmedia&parent=3705"}],"wp:term":[{"taxonomy":"category","embeddable":true,"href":"https:\/\/marcali.plebania.hu\/index.php?rest_route=%2Fwp%2Fv2%2Fcategories&post=3705"},{"taxonomy":"post_tag","embeddable":true,"href":"https:\/\/marcali.plebania.hu\/index.php?rest_route=%2Fwp%2Fv2%2Ftags&post=3705"}],"curies":[{"name":"wp","href":"https:\/\/api.w.org\/{rel}","templated":true}]}}