{"id":3708,"date":"2022-06-10T07:43:45","date_gmt":"2022-06-10T07:43:45","guid":{"rendered":"https:\/\/marcali.plebania.hu\/?p=3708"},"modified":"2022-06-10T08:25:34","modified_gmt":"2022-06-10T08:25:34","slug":"hirdetesek-2022-06-12","status":"publish","type":"post","link":"https:\/\/marcali.plebania.hu\/?p=3708","title":{"rendered":"Hirdet\u00e9sek, 2022. 06. 12."},"content":{"rendered":"\n<ol class=\"wp-block-list\"><li>Ma Szenth\u00e1roms\u00e1g vas\u00e1rnapja van.<\/li><li>J\u00f6v\u0151 vas\u00e1rnap, \u00darnapja, az Olt\u00e1riszents\u00e9g \u00fcnnepe. A v\u00e1rosban csak egy vas\u00e1rnapi szentmise lesz a pl\u00e9b\u00e1niatemplomban 9 \u00f3rakor. Ez lesz a v\u00e1ros k\u00f6z\u00f6s szentmis\u00e9je, mely ut\u00e1n \u00farnapi k\u00f6rmenetet tartunk a templom el\u0151tti t\u00e9ren. 3 s\u00e1trat \u00e1ll\u00edtunk: egyet a pl\u00e9b\u00e1niatemplom k\u00f6z\u00f6ss\u00e9ge, egyet a gombai templom k\u00f6z\u00f6ss\u00e9ge, egyet pedig a B. Gizella templom k\u00f6z\u00f6ss\u00e9ge. Az el\u0151re legy\u00e1rtott f\u00e9mb\u0151l k\u00e9sz\u00fclt s\u00e1tor elemeket m\u00e1r el\u0151tte fel\u00e1ll\u00edtjuk, a s\u00e1trak d\u00edsz\u00edt\u00e9se lombbal \u00e9s vir\u00e1ggal reggel t\u00f6rt\u00e9nik. A lombok beszerz\u00e9s\u00e9r\u0151l a pl\u00e9b\u00e1nia gondoskodik.<\/li><li>A K\u00c9SZ Marcali Csoportja zar\u00e1ndoklat\u00e1ra m\u00e9g lehet jelentkezni, amely augusztus 6-\u00e1n, szombaton lesz P\u00e9lif\u00f6ldszentkereszt-Baj\u00f3t-Tata-Tatab\u00e1nya \u00fatvonalon. Jelentkezni S\u00e1voly Andre\u00e1n\u00e1l \u00e9s a pl\u00e9b\u00e1ni\u00e1n lehet.<\/li><\/ol>\n","protected":false},"excerpt":{"rendered":"<p>Ma Szenth\u00e1roms\u00e1g vas\u00e1rnapja van. J\u00f6v\u0151 vas\u00e1rnap, \u00darnapja, az Olt\u00e1riszents\u00e9g \u00fcnnepe. A v\u00e1rosban csak egy vas\u00e1rnapi szentmise lesz a pl\u00e9b\u00e1niatemplomban 9 \u00f3rakor. Ez lesz a v\u00e1ros k\u00f6z\u00f6s szentmis\u00e9je, mely ut\u00e1n \u00farnapi k\u00f6rmenetet tartunk a templom el\u0151tti t\u00e9ren. 3 s\u00e1trat \u00e1ll\u00edtunk: egyet a pl\u00e9b\u00e1niatemplom k\u00f6z\u00f6ss\u00e9ge, egyet a gombai templom k\u00f6z\u00f6ss\u00e9ge, egyet pedig a B. Gizella templom k\u00f6z\u00f6ss\u00e9ge. Az el\u0151re legy\u00e1rtott f\u00e9mb\u0151l k\u00e9sz\u00fclt s\u00e1tor elemeket m\u00e1r el\u0151tte fel\u00e1ll\u00edtjuk, a s\u00e1trak d\u00edsz\u00edt\u00e9se lombbal \u00e9s vir\u00e1ggal reggel t\u00f6rt\u00e9nik. A lombok beszerz\u00e9s\u00e9r\u0151l a pl\u00e9b\u00e1nia gondoskodik. A&#8230;<\/p>\n<p class=\"read-more\"><a class=\"btn btn-default\" href=\"https:\/\/marcali.plebania.hu\/?p=3708\"> Read More<span class=\"screen-reader-text\">  Read More<\/span><\/a><\/p>\n","protected":false},"author":2,"featured_media":0,"comment_status":"closed","ping_status":"open","sticky":false,"template":"","format":"standard","meta":{"footnotes":""},"categories":[1],"tags":[],"class_list":["post-3708","post","type-post","status-publish","format-standard","hentry","category-egyeb"],"_links":{"self":[{"href":"https:\/\/marcali.plebania.hu\/index.php?rest_route=\/wp\/v2\/posts\/3708","targetHints":{"allow":["GET"]}}],"collection":[{"href":"https:\/\/marcali.plebania.hu\/index.php?rest_route=\/wp\/v2\/posts"}],"about":[{"href":"https:\/\/marcali.plebania.hu\/index.php?rest_route=\/wp\/v2\/types\/post"}],"author":[{"embeddable":true,"href":"https:\/\/marcali.plebania.hu\/index.php?rest_route=\/wp\/v2\/users\/2"}],"replies":[{"embeddable":true,"href":"https:\/\/marcali.plebania.hu\/index.php?rest_route=%2Fwp%2Fv2%2Fcomments&post=3708"}],"version-history":[{"count":2,"href":"https:\/\/marcali.plebania.hu\/index.php?rest_route=\/wp\/v2\/posts\/3708\/revisions"}],"predecessor-version":[{"id":3710,"href":"https:\/\/marcali.plebania.hu\/index.php?rest_route=\/wp\/v2\/posts\/3708\/revisions\/3710"}],"wp:attachment":[{"href":"https:\/\/marcali.plebania.hu\/index.php?rest_route=%2Fwp%2Fv2%2Fmedia&parent=3708"}],"wp:term":[{"taxonomy":"category","embeddable":true,"href":"https:\/\/marcali.plebania.hu\/index.php?rest_route=%2Fwp%2Fv2%2Fcategories&post=3708"},{"taxonomy":"post_tag","embeddable":true,"href":"https:\/\/marcali.plebania.hu\/index.php?rest_route=%2Fwp%2Fv2%2Ftags&post=3708"}],"curies":[{"name":"wp","href":"https:\/\/api.w.org\/{rel}","templated":true}]}}