{"id":371,"date":"2018-10-05T09:41:55","date_gmt":"2018-10-05T09:41:55","guid":{"rendered":"https:\/\/marcali.plebania.hu\/?p=371"},"modified":"2018-10-05T09:41:55","modified_gmt":"2018-10-05T09:41:55","slug":"hirdetesek-2018-10-07","status":"publish","type":"post","link":"https:\/\/marcali.plebania.hu\/?p=371","title":{"rendered":"Hirdet\u00e9sek, 2018. 10. 07."},"content":{"rendered":"<ol>\n<li>Ma van az \u00e9vk\u00f6zi 27. vas\u00e1rnap, a R\u00f3zsaf\u00fcz\u00e9r Kir\u00e1lyn\u0151j\u00e9nek \u00fcnnepe.<\/li>\n<li>A h\u00e9ten keddt\u0151l minden este 17.30-kor r\u00f3zsaf\u00fcz\u00e9r, 18 \u00f3rakor szentmise a hirdet\u0151t\u00e1bl\u00e1n kif\u00fcggesztett rend szerint.<\/li>\n<li>Szombaton 17 \u00f3rakor kezd\u0151dik a fatimai \u00e1jtatoss\u00e1g, ut\u00e1na 18 \u00f3rakor szentmise.<\/li>\n<li>Az Egyh\u00e1zk\u00f6zs\u00e9g K\u00e9pvisel\u0151 Test\u00fclet\u00e9nek mand\u00e1tuma az \u00faj megy\u00e9sp\u00fcsp\u00f6k kinevez\u00e9s\u00e9vel m\u00e1r tavaly lej\u00e1rt. Meger\u0151s\u00edt\u00e9s\u00fckre \u00e9s \u00fajabb tagok felv\u00e9tel\u00e9re a k\u00f6vetkez\u0151 id\u0151szakban ker\u00fcl sor. (A h\u00edvek is aj\u00e1nlhatnak a pl\u00e9b\u00e1nosn\u00e1l k\u00e9pvisel\u0151 test\u00fcleti tagokat.) Az \u00faj test\u00fclet esk\u00fct\u00e9tel\u00e9re az eg\u00e9sz egyh\u00e1zmegy\u00e9ben Krisztus Kir\u00e1ly vas\u00e1rnapj\u00e1n ker\u00fcl sor.<\/li>\n<li>A K\u00c9SZ Marcali Csoportja okt\u00f3ber 20-\u00e1n tervezi zar\u00e1ndoklat\u00e1t Sz\u00e9kesfeh\u00e9rv\u00e1rra, a szakr\u00e1lis \u00e9rt\u00e9kek megtekint\u00e9s\u00e9re. A buszk\u00f6lts\u00e9g a K\u00c9SZ-tagoknak ingyenes lesz. Az \u00fatra a h\u00edvek is jelentkezhetnek \u00fatik\u00f6lts\u00e9g t\u00e9r\u00edt\u00e9s ellen\u00e9ben. Jelentkezni a pl\u00e9b\u00e1ni\u00e1n lehet.<\/li>\n<li>A rajz- \u00e9s fot\u00f3p\u00e1ly\u00e1zat eredm\u00e9nyei:<\/li>\n<\/ol>\n<p><strong><u>1-2. Oszt\u00e1ly:<\/u><\/strong><\/p>\n<p>K\u00fcl\u00f6nd\u00edjak:<\/p>\n<ul>\n<li>Hafner Natasa, Marcali, Noszlopy iskola 2\/b.<\/li>\n<\/ul>\n<p><strong><u>3-4. Oszt\u00e1ly:<\/u><\/strong><\/p>\n<ol start=\"3\">\n<li>S\u00e1ndor R\u00e9ka, Marcali, Miksz\u00e1th iskola 4\/b.<\/li>\n<\/ol>\n<p><strong><u>5-6. Oszt\u00e1ly:<\/u><\/strong><\/p>\n<ol>\n<li>Feh\u00e9r Veronika, Marcali, Noszlopy iskola 6\/c.<\/li>\n<\/ol>\n<p>K\u00fcl\u00f6nd\u00edjak:<\/p>\n<ul>\n<li>Bojtor N\u00f3ra Lili, Marcali, Miksz\u00e1th iskola 6\/b.<\/li>\n<li>Monostori Ot\u00edlia, Marcali, Miksz\u00e1th iskola 5\/b.<\/li>\n<li>Hajdu Gabriella, Marcali, Noszlopy iskola 6\/c.<\/li>\n<\/ul>\n<p><strong><u>7-8. Oszt\u00e1ly:<\/u><\/strong><\/p>\n<ol start=\"2\">\n<li>T\u00f3th Eszter \u00c1gnes, Marcali, Noszlopy iskola 8\/c.<\/li>\n<\/ol>\n<p>K\u00fcl\u00f6nd\u00edjak:<\/p>\n<ul>\n<li>Monostori Erzs\u00e9bet, Marcali, Miksz\u00e1th iskola 8\/b.<\/li>\n<li>X-es fiatalok k\u00f6z\u00f6ss\u00e9ge, Marcali 8.<\/li>\n<\/ul>\n<p><strong><u>K\u00f6z\u00e9piskola:<\/u><\/strong><\/p>\n<p>K\u00fcl\u00f6nd\u00edj: \u00c1mmer Fanni, Marcali, Berzsenyi Gimn\u00e1zium 11.<\/p>\n<p><strong><u>Fot\u00f3p\u00e1ly\u00e1zat:<\/u><\/strong><\/p>\n<p><strong>12-14 \u00e9ves korcsoport:<\/strong><\/p>\n<ol start=\"2\">\n<li>Kir\u00e1ly Krist\u00f3f (Templom csendes m\u00e9ly\u00e9n), Marcali, Noszlopy iskola<\/li>\n<\/ol>\n<p><strong>15-20 \u00e9ves korcsoport:<\/strong><\/p>\n<ol>\n<li>Bresztovszky L\u00e1szl\u00f3 (Pat\u00e9na), Marcali, Noszlopy iskola 8\/c.<\/li>\n<\/ol>\n<p>K\u00fcl\u00f6nd\u00edjak:<\/p>\n<ul>\n<li>Monostori Erzs\u00e9bet, Marcali, Miksz\u00e1th iskola 8\/b.<\/li>\n<li>Mali Gerg\u0151, Marcali, Noszlopy iskola 8\/c.<\/li>\n<li>Incze Zolt\u00e1n, Marcali<\/li>\n<\/ul>\n<p>&nbsp;<\/p>\n","protected":false},"excerpt":{"rendered":"<p>Ma van az \u00e9vk\u00f6zi 27. vas\u00e1rnap, a R\u00f3zsaf\u00fcz\u00e9r Kir\u00e1lyn\u0151j\u00e9nek \u00fcnnepe. A h\u00e9ten keddt\u0151l minden este 17.30-kor r\u00f3zsaf\u00fcz\u00e9r, 18 \u00f3rakor szentmise a hirdet\u0151t\u00e1bl\u00e1n kif\u00fcggesztett rend szerint. Szombaton 17 \u00f3rakor kezd\u0151dik a fatimai \u00e1jtatoss\u00e1g, ut\u00e1na 18 \u00f3rakor szentmise. Az Egyh\u00e1zk\u00f6zs\u00e9g K\u00e9pvisel\u0151 Test\u00fclet\u00e9nek mand\u00e1tuma az \u00faj megy\u00e9sp\u00fcsp\u00f6k kinevez\u00e9s\u00e9vel m\u00e1r tavaly lej\u00e1rt. Meger\u0151s\u00edt\u00e9s\u00fckre \u00e9s \u00fajabb tagok felv\u00e9tel\u00e9re a k\u00f6vetkez\u0151 id\u0151szakban ker\u00fcl sor. (A h\u00edvek is aj\u00e1nlhatnak a pl\u00e9b\u00e1nosn\u00e1l k\u00e9pvisel\u0151 test\u00fcleti tagokat.) Az \u00faj test\u00fclet esk\u00fct\u00e9tel\u00e9re az eg\u00e9sz egyh\u00e1zmegy\u00e9ben Krisztus Kir\u00e1ly vas\u00e1rnapj\u00e1n ker\u00fcl sor. A&#8230;<\/p>\n<p class=\"read-more\"><a class=\"btn btn-default\" href=\"https:\/\/marcali.plebania.hu\/?p=371\"> Read More<span class=\"screen-reader-text\">  Read More<\/span><\/a><\/p>\n","protected":false},"author":2,"featured_media":0,"comment_status":"closed","ping_status":"open","sticky":false,"template":"","format":"standard","meta":{"footnotes":""},"categories":[1],"tags":[],"class_list":["post-371","post","type-post","status-publish","format-standard","hentry","category-egyeb"],"_links":{"self":[{"href":"https:\/\/marcali.plebania.hu\/index.php?rest_route=\/wp\/v2\/posts\/371","targetHints":{"allow":["GET"]}}],"collection":[{"href":"https:\/\/marcali.plebania.hu\/index.php?rest_route=\/wp\/v2\/posts"}],"about":[{"href":"https:\/\/marcali.plebania.hu\/index.php?rest_route=\/wp\/v2\/types\/post"}],"author":[{"embeddable":true,"href":"https:\/\/marcali.plebania.hu\/index.php?rest_route=\/wp\/v2\/users\/2"}],"replies":[{"embeddable":true,"href":"https:\/\/marcali.plebania.hu\/index.php?rest_route=%2Fwp%2Fv2%2Fcomments&post=371"}],"version-history":[{"count":1,"href":"https:\/\/marcali.plebania.hu\/index.php?rest_route=\/wp\/v2\/posts\/371\/revisions"}],"predecessor-version":[{"id":372,"href":"https:\/\/marcali.plebania.hu\/index.php?rest_route=\/wp\/v2\/posts\/371\/revisions\/372"}],"wp:attachment":[{"href":"https:\/\/marcali.plebania.hu\/index.php?rest_route=%2Fwp%2Fv2%2Fmedia&parent=371"}],"wp:term":[{"taxonomy":"category","embeddable":true,"href":"https:\/\/marcali.plebania.hu\/index.php?rest_route=%2Fwp%2Fv2%2Fcategories&post=371"},{"taxonomy":"post_tag","embeddable":true,"href":"https:\/\/marcali.plebania.hu\/index.php?rest_route=%2Fwp%2Fv2%2Ftags&post=371"}],"curies":[{"name":"wp","href":"https:\/\/api.w.org\/{rel}","templated":true}]}}