{"id":3711,"date":"2022-06-17T09:21:45","date_gmt":"2022-06-17T09:21:45","guid":{"rendered":"https:\/\/marcali.plebania.hu\/?p=3711"},"modified":"2022-06-17T09:21:45","modified_gmt":"2022-06-17T09:21:45","slug":"hirdetesek-2022-06-19","status":"publish","type":"post","link":"https:\/\/marcali.plebania.hu\/?p=3711","title":{"rendered":"Hirdet\u00e9sek, 2022. 06. 19."},"content":{"rendered":"\n<ol class=\"wp-block-list\"><li>Ma\n\u00darnapja van, az Olt\u00e1riszents\u00e9g \u00fcnnepe. A szentmise ut\u00e1n \u00farnapi k\u00f6rmenetet\ntartunk a templom el\u0151tti t\u00e9ren.<\/li><li>P\u00e9nteken,\nJ\u00e9zus Szents\u00e9ges sz\u00edv\u00e9nek \u00fcnnepe, 17.30-kor szents\u00e9gim\u00e1d\u00e1s, ut\u00e1na szentmise.<\/li><li>A\nj\u00f6v\u0151 vas\u00e1rnap az MKPK d\u00f6nt\u00e9s\u00e9nek megfelel\u0151en minden pl\u00e9b\u00e1nia csatlakozik a\nCsal\u00e1dok Vil\u00e1gkongresszus\u00e1hoz, amely R\u00f3m\u00e1ban van. Mi a 9 \u00f3r\u00e1s szentmise\nkeret\u00e9ben eml\u00e9kez\u00fcnk meg a csal\u00e1dokr\u00f3l. Egy\u00fattal ez a szentmise is lesz a ny\u00e1ri\nhittanos t\u00e1bornyit\u00f3 szentmis\u00e9je, ahol csal\u00e1dokat \u00e1ldunk meg.<\/li><li>A\nKaposv\u00e1ri P\u00fcsp\u00f6ks\u00e9g sz\u00edv\u00fcgye, hogy minden v\u00e1rosi pl\u00e9b\u00e1ni\u00e1n \u0151sszel ind\u00edtsanak\nSzentl\u00e9lek szemin\u00e1riumot a f\u00e9rfiak r\u00e9sz\u00e9re. Ez a Szentl\u00e9lek szemin\u00e1rium a mi\npl\u00e9b\u00e1ni\u00e1nkon szeptemberben indulna, s november v\u00e9g\u00e9ig tartana. V\u00e1rjuk a\njelentkez\u0151ket.<\/li><li>Mivel\negyh\u00e1zmegy\u00e9nkben az id\u00e9n papszentel\u00e9s nem lesz, a megy\u00e9sp\u00fcsp\u00f6k k\u00f6rlevelet int\u00e9z\naz egyh\u00e1zmegy\u00e9ben, hogy akolitus k\u00e9pz\u0151 indul \u0151sszel, melyre szint\u00e9n v\u00e1rj\u00e1k a\njelentkez\u0151ket. A megy\u00e9sp\u00fcsp\u00f6k k\u00f6rlevel\u00e9t j\u00f6v\u0151 vas\u00e1rnap olvassuk fel a templomokban.<\/li><\/ol>\n","protected":false},"excerpt":{"rendered":"<p>Ma \u00darnapja van, az Olt\u00e1riszents\u00e9g \u00fcnnepe. A szentmise ut\u00e1n \u00farnapi k\u00f6rmenetet tartunk a templom el\u0151tti t\u00e9ren. P\u00e9nteken, J\u00e9zus Szents\u00e9ges sz\u00edv\u00e9nek \u00fcnnepe, 17.30-kor szents\u00e9gim\u00e1d\u00e1s, ut\u00e1na szentmise. A j\u00f6v\u0151 vas\u00e1rnap az MKPK d\u00f6nt\u00e9s\u00e9nek megfelel\u0151en minden pl\u00e9b\u00e1nia csatlakozik a Csal\u00e1dok Vil\u00e1gkongresszus\u00e1hoz, amely R\u00f3m\u00e1ban van. Mi a 9 \u00f3r\u00e1s szentmise keret\u00e9ben eml\u00e9kez\u00fcnk meg a csal\u00e1dokr\u00f3l. Egy\u00fattal ez a szentmise is lesz a ny\u00e1ri hittanos t\u00e1bornyit\u00f3 szentmis\u00e9je, ahol csal\u00e1dokat \u00e1ldunk meg. A Kaposv\u00e1ri P\u00fcsp\u00f6ks\u00e9g sz\u00edv\u00fcgye, hogy minden v\u00e1rosi pl\u00e9b\u00e1ni\u00e1n \u0151sszel ind\u00edtsanak Szentl\u00e9lek szemin\u00e1riumot a f\u00e9rfiak&#8230;<\/p>\n<p class=\"read-more\"><a class=\"btn btn-default\" href=\"https:\/\/marcali.plebania.hu\/?p=3711\"> Read More<span class=\"screen-reader-text\">  Read More<\/span><\/a><\/p>\n","protected":false},"author":2,"featured_media":0,"comment_status":"closed","ping_status":"open","sticky":false,"template":"","format":"standard","meta":{"footnotes":""},"categories":[1],"tags":[],"class_list":["post-3711","post","type-post","status-publish","format-standard","hentry","category-egyeb"],"_links":{"self":[{"href":"https:\/\/marcali.plebania.hu\/index.php?rest_route=\/wp\/v2\/posts\/3711","targetHints":{"allow":["GET"]}}],"collection":[{"href":"https:\/\/marcali.plebania.hu\/index.php?rest_route=\/wp\/v2\/posts"}],"about":[{"href":"https:\/\/marcali.plebania.hu\/index.php?rest_route=\/wp\/v2\/types\/post"}],"author":[{"embeddable":true,"href":"https:\/\/marcali.plebania.hu\/index.php?rest_route=\/wp\/v2\/users\/2"}],"replies":[{"embeddable":true,"href":"https:\/\/marcali.plebania.hu\/index.php?rest_route=%2Fwp%2Fv2%2Fcomments&post=3711"}],"version-history":[{"count":1,"href":"https:\/\/marcali.plebania.hu\/index.php?rest_route=\/wp\/v2\/posts\/3711\/revisions"}],"predecessor-version":[{"id":3712,"href":"https:\/\/marcali.plebania.hu\/index.php?rest_route=\/wp\/v2\/posts\/3711\/revisions\/3712"}],"wp:attachment":[{"href":"https:\/\/marcali.plebania.hu\/index.php?rest_route=%2Fwp%2Fv2%2Fmedia&parent=3711"}],"wp:term":[{"taxonomy":"category","embeddable":true,"href":"https:\/\/marcali.plebania.hu\/index.php?rest_route=%2Fwp%2Fv2%2Fcategories&post=3711"},{"taxonomy":"post_tag","embeddable":true,"href":"https:\/\/marcali.plebania.hu\/index.php?rest_route=%2Fwp%2Fv2%2Ftags&post=3711"}],"curies":[{"name":"wp","href":"https:\/\/api.w.org\/{rel}","templated":true}]}}