{"id":3713,"date":"2022-06-23T13:16:27","date_gmt":"2022-06-23T13:16:27","guid":{"rendered":"https:\/\/marcali.plebania.hu\/?p=3713"},"modified":"2022-06-23T13:16:27","modified_gmt":"2022-06-23T13:16:27","slug":"urnapja-az-oltariszentseg-unnepe-marcaliban","status":"publish","type":"post","link":"https:\/\/marcali.plebania.hu\/?p=3713","title":{"rendered":"\u00darnapja, az Olt\u00e1riszents\u00e9g \u00fcnnepe Marcaliban"},"content":{"rendered":"\n<p>2022. j\u00fanius 19-\u00e9n, vas\u00e1rnap 9 \u00f3rakor tartott\u00e1k az idei esztend\u0151ben az \u00farnapi szentmis\u00e9t \u00e9s a k\u00f6rmenetet a Marcali Gy\u00fcm\u00f6lcsolt\u00f3 Boldogasszony Pl\u00e9b\u00e1niatemplomban, a Boldog II. J\u00e1nos P\u00e1l p\u00e1pa, valamint a H\u0151s\u00f6k ter\u00e9n.<\/p>\n\n\n\n<figure class=\"wp-block-gallery columns-3 is-cropped wp-block-gallery-1 is-layout-flex wp-block-gallery-is-layout-flex\"><ul class=\"blocks-gallery-grid\"><li class=\"blocks-gallery-item\"><figure><img loading=\"lazy\" decoding=\"async\" width=\"1024\" height=\"683\" src=\"https:\/\/marcali.plebania.hu\/wp-content\/uploads\/2022\/06\/03-1-1024x683.jpg\" alt=\"\" data-id=\"3714\" data-link=\"https:\/\/marcali.plebania.hu\/?attachment_id=3714\" class=\"wp-image-3714\" srcset=\"https:\/\/marcali.plebania.hu\/wp-content\/uploads\/2022\/06\/03-1-1024x683.jpg 1024w, https:\/\/marcali.plebania.hu\/wp-content\/uploads\/2022\/06\/03-1-300x200.jpg 300w, https:\/\/marcali.plebania.hu\/wp-content\/uploads\/2022\/06\/03-1-768x512.jpg 768w, https:\/\/marcali.plebania.hu\/wp-content\/uploads\/2022\/06\/03-1-1536x1024.jpg 1536w, https:\/\/marcali.plebania.hu\/wp-content\/uploads\/2022\/06\/03-1-2048x1365.jpg 2048w, https:\/\/marcali.plebania.hu\/wp-content\/uploads\/2022\/06\/03-1-405x270.jpg 405w\" sizes=\"auto, (max-width: 1024px) 100vw, 1024px\" \/><\/figure><\/li><li class=\"blocks-gallery-item\"><figure><img loading=\"lazy\" decoding=\"async\" width=\"1024\" height=\"683\" src=\"https:\/\/marcali.plebania.hu\/wp-content\/uploads\/2022\/06\/04-2-1024x683.jpg\" alt=\"\" data-id=\"3715\" data-link=\"https:\/\/marcali.plebania.hu\/?attachment_id=3715\" class=\"wp-image-3715\" srcset=\"https:\/\/marcali.plebania.hu\/wp-content\/uploads\/2022\/06\/04-2-1024x683.jpg 1024w, https:\/\/marcali.plebania.hu\/wp-content\/uploads\/2022\/06\/04-2-300x200.jpg 300w, https:\/\/marcali.plebania.hu\/wp-content\/uploads\/2022\/06\/04-2-768x512.jpg 768w, https:\/\/marcali.plebania.hu\/wp-content\/uploads\/2022\/06\/04-2-1536x1024.jpg 1536w, https:\/\/marcali.plebania.hu\/wp-content\/uploads\/2022\/06\/04-2-2048x1365.jpg 2048w, https:\/\/marcali.plebania.hu\/wp-content\/uploads\/2022\/06\/04-2-405x270.jpg 405w\" sizes=\"auto, (max-width: 1024px) 100vw, 1024px\" \/><\/figure><\/li><li class=\"blocks-gallery-item\"><figure><img loading=\"lazy\" decoding=\"async\" width=\"1024\" height=\"683\" src=\"https:\/\/marcali.plebania.hu\/wp-content\/uploads\/2022\/06\/06-2-1024x683.jpg\" alt=\"\" data-id=\"3716\" data-link=\"https:\/\/marcali.plebania.hu\/?attachment_id=3716\" class=\"wp-image-3716\" srcset=\"https:\/\/marcali.plebania.hu\/wp-content\/uploads\/2022\/06\/06-2-1024x683.jpg 1024w, https:\/\/marcali.plebania.hu\/wp-content\/uploads\/2022\/06\/06-2-300x200.jpg 300w, https:\/\/marcali.plebania.hu\/wp-content\/uploads\/2022\/06\/06-2-768x512.jpg 768w, https:\/\/marcali.plebania.hu\/wp-content\/uploads\/2022\/06\/06-2-1536x1024.jpg 1536w, https:\/\/marcali.plebania.hu\/wp-content\/uploads\/2022\/06\/06-2-2048x1365.jpg 2048w, https:\/\/marcali.plebania.hu\/wp-content\/uploads\/2022\/06\/06-2-405x270.jpg 405w\" sizes=\"auto, (max-width: 1024px) 100vw, 1024px\" \/><\/figure><\/li><li class=\"blocks-gallery-item\"><figure><img loading=\"lazy\" decoding=\"async\" width=\"1024\" height=\"683\" src=\"https:\/\/marcali.plebania.hu\/wp-content\/uploads\/2022\/06\/09-3-1024x683.jpg\" alt=\"\" data-id=\"3717\" data-full-url=\"https:\/\/marcali.plebania.hu\/wp-content\/uploads\/2022\/06\/09-3-scaled.jpg\" data-link=\"https:\/\/marcali.plebania.hu\/?attachment_id=3717\" class=\"wp-image-3717\" srcset=\"https:\/\/marcali.plebania.hu\/wp-content\/uploads\/2022\/06\/09-3-1024x683.jpg 1024w, https:\/\/marcali.plebania.hu\/wp-content\/uploads\/2022\/06\/09-3-300x200.jpg 300w, https:\/\/marcali.plebania.hu\/wp-content\/uploads\/2022\/06\/09-3-768x512.jpg 768w, https:\/\/marcali.plebania.hu\/wp-content\/uploads\/2022\/06\/09-3-1536x1024.jpg 1536w, https:\/\/marcali.plebania.hu\/wp-content\/uploads\/2022\/06\/09-3-2048x1365.jpg 2048w, https:\/\/marcali.plebania.hu\/wp-content\/uploads\/2022\/06\/09-3-405x270.jpg 405w\" sizes=\"auto, (max-width: 1024px) 100vw, 1024px\" \/><\/figure><\/li><\/ul><\/figure>\n\n\n\n<p>Az istentiszteletet Kiss Iv\u00e1n c. pr\u00e9post, pl\u00e9b\u00e1nos celebr\u00e1lta. Szentbesz\u00e9d\u00e9ben az Olt\u00e1riszents\u00e9g (Eucharisztia) jelent\u0151s\u00e9g\u00e9r\u0151l besz\u00e9lt. A Katolikus Egyh\u00e1z tan\u00edt\u00e1sa szerint az Olt\u00e1riszents\u00e9g J\u00e9zus val\u00f3s\u00e1gos teste \u00e9s v\u00e9re. Ezen az \u00fcnnepen \u2013 szerte a vil\u00e1gban \u2013 kiviszik az utc\u00e1kra \u00e9s a terekre, hogy Isten szeretet\u00e9t hirdess\u00e9k mindenki sz\u00e1m\u00e1ra.<\/p>\n\n\n\n<p>Iv\u00e1n atya pr\u00e9dik\u00e1ci\u00f3j\u00e1ban utalt az \u00fcnnep fontoss\u00e1g\u00e1ra, megeml\u00edtve, hogy az elm\u00falt \u00e9vi Eucharisztikus Kongresszus is err\u0151l sz\u00f3lt, ak\u00e1r a k\u00f6rmenet, vagy pedig a budapesti H\u0151s\u00f6k ter\u00e9n celebr\u00e1lt p\u00e1pai szentmise, amikor az Olt\u00e1riszents\u00e9g\u00e9 volt a f\u0151szerep. Az \u00darnapja, a k\u00f6rmenet mindenkit k\u00f6zelebb vihet az Istenhez. Az Eucharisztia n\u00e9lk\u00fcl szeg\u00e9nyebb lenne a vil\u00e1g. Isten irgalm\u00e1ra sz\u00fcks\u00e9g van, hogy megmentse a fenyeget\u0151 h\u00e1bor\u00fat\u00f3l a vil\u00e1got.<\/p>\n\n\n\n<figure class=\"wp-block-gallery columns-3 is-cropped wp-block-gallery-2 is-layout-flex wp-block-gallery-is-layout-flex\"><ul class=\"blocks-gallery-grid\"><li class=\"blocks-gallery-item\"><figure><img loading=\"lazy\" decoding=\"async\" width=\"1024\" height=\"683\" src=\"https:\/\/marcali.plebania.hu\/wp-content\/uploads\/2022\/06\/08-1-1024x683.jpg\" alt=\"\" data-id=\"3718\" data-link=\"https:\/\/marcali.plebania.hu\/?attachment_id=3718\" class=\"wp-image-3718\" srcset=\"https:\/\/marcali.plebania.hu\/wp-content\/uploads\/2022\/06\/08-1-1024x683.jpg 1024w, https:\/\/marcali.plebania.hu\/wp-content\/uploads\/2022\/06\/08-1-300x200.jpg 300w, https:\/\/marcali.plebania.hu\/wp-content\/uploads\/2022\/06\/08-1-768x512.jpg 768w, https:\/\/marcali.plebania.hu\/wp-content\/uploads\/2022\/06\/08-1-1536x1024.jpg 1536w, https:\/\/marcali.plebania.hu\/wp-content\/uploads\/2022\/06\/08-1-2048x1365.jpg 2048w, https:\/\/marcali.plebania.hu\/wp-content\/uploads\/2022\/06\/08-1-405x270.jpg 405w\" sizes=\"auto, (max-width: 1024px) 100vw, 1024px\" \/><\/figure><\/li><li class=\"blocks-gallery-item\"><figure><img loading=\"lazy\" decoding=\"async\" width=\"1024\" height=\"683\" src=\"https:\/\/marcali.plebania.hu\/wp-content\/uploads\/2022\/06\/10-2-1024x683.jpg\" alt=\"\" data-id=\"3719\" data-link=\"https:\/\/marcali.plebania.hu\/?attachment_id=3719\" class=\"wp-image-3719\" srcset=\"https:\/\/marcali.plebania.hu\/wp-content\/uploads\/2022\/06\/10-2-1024x683.jpg 1024w, https:\/\/marcali.plebania.hu\/wp-content\/uploads\/2022\/06\/10-2-300x200.jpg 300w, https:\/\/marcali.plebania.hu\/wp-content\/uploads\/2022\/06\/10-2-768x512.jpg 768w, https:\/\/marcali.plebania.hu\/wp-content\/uploads\/2022\/06\/10-2-1536x1024.jpg 1536w, https:\/\/marcali.plebania.hu\/wp-content\/uploads\/2022\/06\/10-2-2048x1365.jpg 2048w, https:\/\/marcali.plebania.hu\/wp-content\/uploads\/2022\/06\/10-2-405x270.jpg 405w\" sizes=\"auto, (max-width: 1024px) 100vw, 1024px\" \/><\/figure><\/li><li class=\"blocks-gallery-item\"><figure><img loading=\"lazy\" decoding=\"async\" width=\"1024\" height=\"683\" src=\"https:\/\/marcali.plebania.hu\/wp-content\/uploads\/2022\/06\/13-3-1024x683.jpg\" alt=\"\" data-id=\"3720\" data-link=\"https:\/\/marcali.plebania.hu\/?attachment_id=3720\" class=\"wp-image-3720\" srcset=\"https:\/\/marcali.plebania.hu\/wp-content\/uploads\/2022\/06\/13-3-1024x683.jpg 1024w, https:\/\/marcali.plebania.hu\/wp-content\/uploads\/2022\/06\/13-3-300x200.jpg 300w, https:\/\/marcali.plebania.hu\/wp-content\/uploads\/2022\/06\/13-3-768x512.jpg 768w, https:\/\/marcali.plebania.hu\/wp-content\/uploads\/2022\/06\/13-3-1536x1024.jpg 1536w, https:\/\/marcali.plebania.hu\/wp-content\/uploads\/2022\/06\/13-3-2048x1365.jpg 2048w, https:\/\/marcali.plebania.hu\/wp-content\/uploads\/2022\/06\/13-3-405x270.jpg 405w\" sizes=\"auto, (max-width: 1024px) 100vw, 1024px\" \/><\/figure><\/li><li class=\"blocks-gallery-item\"><figure><img loading=\"lazy\" decoding=\"async\" width=\"1024\" height=\"683\" src=\"https:\/\/marcali.plebania.hu\/wp-content\/uploads\/2022\/06\/17-1-1024x683.jpg\" alt=\"\" data-id=\"3721\" data-full-url=\"https:\/\/marcali.plebania.hu\/wp-content\/uploads\/2022\/06\/17-1-scaled.jpg\" data-link=\"https:\/\/marcali.plebania.hu\/?attachment_id=3721\" class=\"wp-image-3721\" srcset=\"https:\/\/marcali.plebania.hu\/wp-content\/uploads\/2022\/06\/17-1-1024x683.jpg 1024w, https:\/\/marcali.plebania.hu\/wp-content\/uploads\/2022\/06\/17-1-300x200.jpg 300w, https:\/\/marcali.plebania.hu\/wp-content\/uploads\/2022\/06\/17-1-768x512.jpg 768w, https:\/\/marcali.plebania.hu\/wp-content\/uploads\/2022\/06\/17-1-1536x1024.jpg 1536w, https:\/\/marcali.plebania.hu\/wp-content\/uploads\/2022\/06\/17-1-2048x1365.jpg 2048w, https:\/\/marcali.plebania.hu\/wp-content\/uploads\/2022\/06\/17-1-405x270.jpg 405w\" sizes=\"auto, (max-width: 1024px) 100vw, 1024px\" \/><\/figure><\/li><\/ul><\/figure>\n\n\n\n<p>A szentmis\u00e9n T\u00f3th Eszter \u00c1gnes gimnazista Babits Mih\u00e1ly: Eucharistia c\u00edm\u0171 vers\u00e9t szavalta el. Orgon\u00e1val Balogh B\u00e1lint k\u00e1ntor, heged\u0171vel J\u00e1ki Zolt\u00e1n, valamint a Marcali F\u00e9ny Gyermekei Katolikus Zenekar m\u0171k\u00f6d\u00f6tt k\u00f6zre.<\/p>\n\n\n\n<figure class=\"wp-block-gallery columns-3 is-cropped wp-block-gallery-3 is-layout-flex wp-block-gallery-is-layout-flex\"><ul class=\"blocks-gallery-grid\"><li class=\"blocks-gallery-item\"><figure><img loading=\"lazy\" decoding=\"async\" width=\"1024\" height=\"683\" src=\"https:\/\/marcali.plebania.hu\/wp-content\/uploads\/2022\/06\/20-3-1024x683.jpg\" alt=\"\" data-id=\"3722\" data-link=\"https:\/\/marcali.plebania.hu\/?attachment_id=3722\" class=\"wp-image-3722\" srcset=\"https:\/\/marcali.plebania.hu\/wp-content\/uploads\/2022\/06\/20-3-1024x683.jpg 1024w, https:\/\/marcali.plebania.hu\/wp-content\/uploads\/2022\/06\/20-3-300x200.jpg 300w, https:\/\/marcali.plebania.hu\/wp-content\/uploads\/2022\/06\/20-3-768x512.jpg 768w, https:\/\/marcali.plebania.hu\/wp-content\/uploads\/2022\/06\/20-3-1536x1024.jpg 1536w, https:\/\/marcali.plebania.hu\/wp-content\/uploads\/2022\/06\/20-3-2048x1365.jpg 2048w, https:\/\/marcali.plebania.hu\/wp-content\/uploads\/2022\/06\/20-3-405x270.jpg 405w\" sizes=\"auto, (max-width: 1024px) 100vw, 1024px\" \/><\/figure><\/li><li class=\"blocks-gallery-item\"><figure><img loading=\"lazy\" decoding=\"async\" width=\"1024\" height=\"683\" src=\"https:\/\/marcali.plebania.hu\/wp-content\/uploads\/2022\/06\/25-2-1024x683.jpg\" alt=\"\" data-id=\"3723\" data-link=\"https:\/\/marcali.plebania.hu\/?attachment_id=3723\" class=\"wp-image-3723\" srcset=\"https:\/\/marcali.plebania.hu\/wp-content\/uploads\/2022\/06\/25-2-1024x683.jpg 1024w, https:\/\/marcali.plebania.hu\/wp-content\/uploads\/2022\/06\/25-2-300x200.jpg 300w, https:\/\/marcali.plebania.hu\/wp-content\/uploads\/2022\/06\/25-2-768x512.jpg 768w, https:\/\/marcali.plebania.hu\/wp-content\/uploads\/2022\/06\/25-2-1536x1024.jpg 1536w, https:\/\/marcali.plebania.hu\/wp-content\/uploads\/2022\/06\/25-2-2048x1365.jpg 2048w, https:\/\/marcali.plebania.hu\/wp-content\/uploads\/2022\/06\/25-2-405x270.jpg 405w\" sizes=\"auto, (max-width: 1024px) 100vw, 1024px\" \/><\/figure><\/li><li class=\"blocks-gallery-item\"><figure><img loading=\"lazy\" decoding=\"async\" width=\"1024\" height=\"683\" src=\"https:\/\/marcali.plebania.hu\/wp-content\/uploads\/2022\/06\/28-2-1024x683.jpg\" alt=\"\" data-id=\"3724\" data-link=\"https:\/\/marcali.plebania.hu\/?attachment_id=3724\" class=\"wp-image-3724\" srcset=\"https:\/\/marcali.plebania.hu\/wp-content\/uploads\/2022\/06\/28-2-1024x683.jpg 1024w, https:\/\/marcali.plebania.hu\/wp-content\/uploads\/2022\/06\/28-2-300x200.jpg 300w, https:\/\/marcali.plebania.hu\/wp-content\/uploads\/2022\/06\/28-2-768x512.jpg 768w, https:\/\/marcali.plebania.hu\/wp-content\/uploads\/2022\/06\/28-2-1536x1024.jpg 1536w, https:\/\/marcali.plebania.hu\/wp-content\/uploads\/2022\/06\/28-2-2048x1365.jpg 2048w, https:\/\/marcali.plebania.hu\/wp-content\/uploads\/2022\/06\/28-2-405x270.jpg 405w\" sizes=\"auto, (max-width: 1024px) 100vw, 1024px\" \/><\/figure><\/li><li class=\"blocks-gallery-item\"><figure><img loading=\"lazy\" decoding=\"async\" width=\"1024\" height=\"683\" src=\"https:\/\/marcali.plebania.hu\/wp-content\/uploads\/2022\/06\/33-2-1024x683.jpg\" alt=\"\" data-id=\"3725\" data-full-url=\"https:\/\/marcali.plebania.hu\/wp-content\/uploads\/2022\/06\/33-2-scaled.jpg\" data-link=\"https:\/\/marcali.plebania.hu\/?attachment_id=3725\" class=\"wp-image-3725\" srcset=\"https:\/\/marcali.plebania.hu\/wp-content\/uploads\/2022\/06\/33-2-1024x683.jpg 1024w, https:\/\/marcali.plebania.hu\/wp-content\/uploads\/2022\/06\/33-2-300x200.jpg 300w, https:\/\/marcali.plebania.hu\/wp-content\/uploads\/2022\/06\/33-2-768x512.jpg 768w, https:\/\/marcali.plebania.hu\/wp-content\/uploads\/2022\/06\/33-2-1536x1024.jpg 1536w, https:\/\/marcali.plebania.hu\/wp-content\/uploads\/2022\/06\/33-2-2048x1365.jpg 2048w, https:\/\/marcali.plebania.hu\/wp-content\/uploads\/2022\/06\/33-2-405x270.jpg 405w\" sizes=\"auto, (max-width: 1024px) 100vw, 1024px\" \/><\/figure><\/li><\/ul><\/figure>\n\n\n\n<p>A szentmis\u00e9t k\u00f6vet\u0151en megtartott\u00e1k az \u00farnapi k\u00f6rmenetet is, a kor\u00e1bbi \u00e9vek hagyom\u00e1nyaihoz hasonl\u00f3an. Kiss Iv\u00e1n a pl\u00e9b\u00e1niatemplomban a f\u0151olt\u00e1rn\u00e1l kezdte a liturgi\u00e1t, majd a templom d\u00e9li ajtaj\u00e1n vonult ki a menet, \u00e9s a j\u00e1rd\u00e1n haladva a templom f\u0151bej\u00e1rata melletti, illetve a pl\u00e9b\u00e1niahivatal el\u0151tt elk\u00e9sz\u00edtett k\u00fclt\u00e9ri lombs\u00e1trakn\u00e1l folytatta. A k\u00f6rmenet utols\u00f3 st\u00e1ci\u00f3ja ism\u00e9t a f\u0151olt\u00e1rn\u00e1l v\u00e9gz\u0151d\u00f6tt, ahol a pl\u00e9b\u00e1nos befejezte a szertart\u00e1st, v\u00e9g\u00fcl pedig az Olt\u00e1riszents\u00e9ggel \u00e1ld\u00e1st adott a v\u00e1rosra \u00e9s lak\u00f3ira.<\/p>\n\n\n\n<figure class=\"wp-block-gallery columns-3 is-cropped wp-block-gallery-4 is-layout-flex wp-block-gallery-is-layout-flex\"><ul class=\"blocks-gallery-grid\"><li class=\"blocks-gallery-item\"><figure><img loading=\"lazy\" decoding=\"async\" width=\"1024\" height=\"683\" src=\"https:\/\/marcali.plebania.hu\/wp-content\/uploads\/2022\/06\/35-1024x683.jpg\" alt=\"\" data-id=\"3726\" data-link=\"https:\/\/marcali.plebania.hu\/?attachment_id=3726\" class=\"wp-image-3726\" srcset=\"https:\/\/marcali.plebania.hu\/wp-content\/uploads\/2022\/06\/35-1024x683.jpg 1024w, https:\/\/marcali.plebania.hu\/wp-content\/uploads\/2022\/06\/35-300x200.jpg 300w, https:\/\/marcali.plebania.hu\/wp-content\/uploads\/2022\/06\/35-768x512.jpg 768w, https:\/\/marcali.plebania.hu\/wp-content\/uploads\/2022\/06\/35-1536x1024.jpg 1536w, https:\/\/marcali.plebania.hu\/wp-content\/uploads\/2022\/06\/35-2048x1365.jpg 2048w, https:\/\/marcali.plebania.hu\/wp-content\/uploads\/2022\/06\/35-405x270.jpg 405w\" sizes=\"auto, (max-width: 1024px) 100vw, 1024px\" \/><\/figure><\/li><li class=\"blocks-gallery-item\"><figure><img loading=\"lazy\" decoding=\"async\" width=\"1024\" height=\"683\" src=\"https:\/\/marcali.plebania.hu\/wp-content\/uploads\/2022\/06\/41-1024x683.jpg\" alt=\"\" data-id=\"3727\" data-link=\"https:\/\/marcali.plebania.hu\/?attachment_id=3727\" class=\"wp-image-3727\" srcset=\"https:\/\/marcali.plebania.hu\/wp-content\/uploads\/2022\/06\/41-1024x683.jpg 1024w, https:\/\/marcali.plebania.hu\/wp-content\/uploads\/2022\/06\/41-300x200.jpg 300w, https:\/\/marcali.plebania.hu\/wp-content\/uploads\/2022\/06\/41-768x512.jpg 768w, https:\/\/marcali.plebania.hu\/wp-content\/uploads\/2022\/06\/41-1536x1024.jpg 1536w, https:\/\/marcali.plebania.hu\/wp-content\/uploads\/2022\/06\/41-2048x1365.jpg 2048w, https:\/\/marcali.plebania.hu\/wp-content\/uploads\/2022\/06\/41-405x270.jpg 405w\" sizes=\"auto, (max-width: 1024px) 100vw, 1024px\" \/><\/figure><\/li><li class=\"blocks-gallery-item\"><figure><img loading=\"lazy\" decoding=\"async\" width=\"1024\" height=\"683\" src=\"https:\/\/marcali.plebania.hu\/wp-content\/uploads\/2022\/06\/44-1024x683.jpg\" alt=\"\" data-id=\"3728\" data-link=\"https:\/\/marcali.plebania.hu\/?attachment_id=3728\" class=\"wp-image-3728\" srcset=\"https:\/\/marcali.plebania.hu\/wp-content\/uploads\/2022\/06\/44-1024x683.jpg 1024w, https:\/\/marcali.plebania.hu\/wp-content\/uploads\/2022\/06\/44-300x200.jpg 300w, https:\/\/marcali.plebania.hu\/wp-content\/uploads\/2022\/06\/44-768x512.jpg 768w, https:\/\/marcali.plebania.hu\/wp-content\/uploads\/2022\/06\/44-1536x1024.jpg 1536w, https:\/\/marcali.plebania.hu\/wp-content\/uploads\/2022\/06\/44-2048x1365.jpg 2048w, https:\/\/marcali.plebania.hu\/wp-content\/uploads\/2022\/06\/44-405x270.jpg 405w\" sizes=\"auto, (max-width: 1024px) 100vw, 1024px\" \/><\/figure><\/li><li class=\"blocks-gallery-item\"><figure><img loading=\"lazy\" decoding=\"async\" width=\"1024\" height=\"683\" src=\"https:\/\/marcali.plebania.hu\/wp-content\/uploads\/2022\/06\/51-1024x683.jpg\" alt=\"\" data-id=\"3729\" data-full-url=\"https:\/\/marcali.plebania.hu\/wp-content\/uploads\/2022\/06\/51-scaled.jpg\" data-link=\"https:\/\/marcali.plebania.hu\/?attachment_id=3729\" class=\"wp-image-3729\" srcset=\"https:\/\/marcali.plebania.hu\/wp-content\/uploads\/2022\/06\/51-1024x683.jpg 1024w, https:\/\/marcali.plebania.hu\/wp-content\/uploads\/2022\/06\/51-300x200.jpg 300w, https:\/\/marcali.plebania.hu\/wp-content\/uploads\/2022\/06\/51-768x512.jpg 768w, https:\/\/marcali.plebania.hu\/wp-content\/uploads\/2022\/06\/51-1536x1024.jpg 1536w, https:\/\/marcali.plebania.hu\/wp-content\/uploads\/2022\/06\/51-2048x1365.jpg 2048w, https:\/\/marcali.plebania.hu\/wp-content\/uploads\/2022\/06\/51-405x270.jpg 405w\" sizes=\"auto, (max-width: 1024px) 100vw, 1024px\" \/><\/figure><\/li><\/ul><\/figure>\n\n\n\n<p>A kett\u0151 k\u00fclt\u00e9ri lombs\u00e1tor f\u00e9m-szerkezet\u00e9nek \u00f6ssze\u00e1ll\u00edt\u00e1s\u00e1\u00e9rt az id\u00e9n is Kir\u00e1ly Jen\u0151 templomatya felelt. Az \u00e1gakkal val\u00f3 d\u00edsz\u00edt\u00e9st Gelencs\u00e9r R\u00f3bert vil\u00e1gi eln\u00f6k \u00e9s a T\u00f3th P\u00e9ter vezette \u00f6nk\u00e9ntes csapat \u2013 k\u00f6zt\u00fck fiatalokkal \u2013 v\u00e9gezte. A vir\u00e1g-d\u00edsz\u00edt\u00e9sben az egyh\u00e1zk\u00f6zs\u00e9g templomi k\u00f6z\u00f6ss\u00e9geinek akt\u00edvabb tagjai seg\u00edtettek.<\/p>\n\n\n\n<figure class=\"wp-block-gallery columns-3 is-cropped wp-block-gallery-5 is-layout-flex wp-block-gallery-is-layout-flex\"><ul class=\"blocks-gallery-grid\"><li class=\"blocks-gallery-item\"><figure><img loading=\"lazy\" decoding=\"async\" width=\"683\" height=\"1024\" src=\"https:\/\/marcali.plebania.hu\/wp-content\/uploads\/2022\/06\/01-683x1024.jpg\" alt=\"\" data-id=\"3730\" data-link=\"https:\/\/marcali.plebania.hu\/?attachment_id=3730\" class=\"wp-image-3730\" srcset=\"https:\/\/marcali.plebania.hu\/wp-content\/uploads\/2022\/06\/01-683x1024.jpg 683w, https:\/\/marcali.plebania.hu\/wp-content\/uploads\/2022\/06\/01-200x300.jpg 200w, https:\/\/marcali.plebania.hu\/wp-content\/uploads\/2022\/06\/01-768x1152.jpg 768w, https:\/\/marcali.plebania.hu\/wp-content\/uploads\/2022\/06\/01-1024x1536.jpg 1024w, https:\/\/marcali.plebania.hu\/wp-content\/uploads\/2022\/06\/01-1365x2048.jpg 1365w, https:\/\/marcali.plebania.hu\/wp-content\/uploads\/2022\/06\/01-180x270.jpg 180w, https:\/\/marcali.plebania.hu\/wp-content\/uploads\/2022\/06\/01-scaled.jpg 1707w\" sizes=\"auto, (max-width: 683px) 100vw, 683px\" \/><\/figure><\/li><li class=\"blocks-gallery-item\"><figure><img loading=\"lazy\" decoding=\"async\" width=\"683\" height=\"1024\" src=\"https:\/\/marcali.plebania.hu\/wp-content\/uploads\/2022\/06\/02-683x1024.jpg\" alt=\"\" data-id=\"3731\" data-link=\"https:\/\/marcali.plebania.hu\/?attachment_id=3731\" class=\"wp-image-3731\" srcset=\"https:\/\/marcali.plebania.hu\/wp-content\/uploads\/2022\/06\/02-683x1024.jpg 683w, https:\/\/marcali.plebania.hu\/wp-content\/uploads\/2022\/06\/02-200x300.jpg 200w, https:\/\/marcali.plebania.hu\/wp-content\/uploads\/2022\/06\/02-768x1152.jpg 768w, https:\/\/marcali.plebania.hu\/wp-content\/uploads\/2022\/06\/02-1024x1536.jpg 1024w, https:\/\/marcali.plebania.hu\/wp-content\/uploads\/2022\/06\/02-1365x2048.jpg 1365w, https:\/\/marcali.plebania.hu\/wp-content\/uploads\/2022\/06\/02-180x270.jpg 180w, https:\/\/marcali.plebania.hu\/wp-content\/uploads\/2022\/06\/02-scaled.jpg 1707w\" sizes=\"auto, (max-width: 683px) 100vw, 683px\" \/><\/figure><\/li><li class=\"blocks-gallery-item\"><figure><img loading=\"lazy\" decoding=\"async\" width=\"1024\" height=\"683\" src=\"https:\/\/marcali.plebania.hu\/wp-content\/uploads\/2022\/06\/60-1024x683.jpg\" alt=\"\" data-id=\"3732\" data-link=\"https:\/\/marcali.plebania.hu\/?attachment_id=3732\" class=\"wp-image-3732\" srcset=\"https:\/\/marcali.plebania.hu\/wp-content\/uploads\/2022\/06\/60-1024x683.jpg 1024w, https:\/\/marcali.plebania.hu\/wp-content\/uploads\/2022\/06\/60-300x200.jpg 300w, https:\/\/marcali.plebania.hu\/wp-content\/uploads\/2022\/06\/60-768x512.jpg 768w, https:\/\/marcali.plebania.hu\/wp-content\/uploads\/2022\/06\/60-1536x1024.jpg 1536w, https:\/\/marcali.plebania.hu\/wp-content\/uploads\/2022\/06\/60-2048x1365.jpg 2048w, https:\/\/marcali.plebania.hu\/wp-content\/uploads\/2022\/06\/60-405x270.jpg 405w\" sizes=\"auto, (max-width: 1024px) 100vw, 1024px\" \/><\/figure><\/li><li class=\"blocks-gallery-item\"><figure><img loading=\"lazy\" decoding=\"async\" width=\"1024\" height=\"683\" src=\"https:\/\/marcali.plebania.hu\/wp-content\/uploads\/2022\/06\/57-1024x683.jpg\" alt=\"\" data-id=\"3733\" data-full-url=\"https:\/\/marcali.plebania.hu\/wp-content\/uploads\/2022\/06\/57-scaled.jpg\" data-link=\"https:\/\/marcali.plebania.hu\/?attachment_id=3733\" class=\"wp-image-3733\" srcset=\"https:\/\/marcali.plebania.hu\/wp-content\/uploads\/2022\/06\/57-1024x683.jpg 1024w, https:\/\/marcali.plebania.hu\/wp-content\/uploads\/2022\/06\/57-300x200.jpg 300w, https:\/\/marcali.plebania.hu\/wp-content\/uploads\/2022\/06\/57-768x512.jpg 768w, https:\/\/marcali.plebania.hu\/wp-content\/uploads\/2022\/06\/57-1536x1024.jpg 1536w, https:\/\/marcali.plebania.hu\/wp-content\/uploads\/2022\/06\/57-2048x1365.jpg 2048w, https:\/\/marcali.plebania.hu\/wp-content\/uploads\/2022\/06\/57-405x270.jpg 405w\" sizes=\"auto, (max-width: 1024px) 100vw, 1024px\" \/><\/figure><\/li><\/ul><\/figure>\n\n\n\n<p>Kiss Iv\u00e1n atya a szentmise v\u00e9g\u00e9n\nmegk\u00f6sz\u00f6nte mindenkinek az \u00e1ldozatos \u00e9s seg\u00edt\u0151 munk\u00e1j\u00e1t. A k\u00f6rmenet zavartalan\nlebonyol\u00edt\u00e1s\u00e1ban a Marcali V\u00e1rosrend\u00e9szet \u00e9s a Marcali Karit\u00e1sz Csoport tagjai\nm\u0171k\u00f6dtek k\u00f6zre.<\/p>\n","protected":false},"excerpt":{"rendered":"<p>2022. j\u00fanius 19-\u00e9n, vas\u00e1rnap 9 \u00f3rakor tartott\u00e1k az idei esztend\u0151ben az \u00farnapi szentmis\u00e9t \u00e9s a k\u00f6rmenetet a Marcali Gy\u00fcm\u00f6lcsolt\u00f3 Boldogasszony Pl\u00e9b\u00e1niatemplomban, a Boldog II. J\u00e1nos P\u00e1l p\u00e1pa, valamint a H\u0151s\u00f6k ter\u00e9n. Az istentiszteletet Kiss Iv\u00e1n c. pr\u00e9post, pl\u00e9b\u00e1nos celebr\u00e1lta. Szentbesz\u00e9d\u00e9ben az Olt\u00e1riszents\u00e9g (Eucharisztia) jelent\u0151s\u00e9g\u00e9r\u0151l besz\u00e9lt. A Katolikus Egyh\u00e1z tan\u00edt\u00e1sa szerint az Olt\u00e1riszents\u00e9g J\u00e9zus val\u00f3s\u00e1gos teste \u00e9s v\u00e9re. Ezen az \u00fcnnepen \u2013 szerte a vil\u00e1gban \u2013 kiviszik az utc\u00e1kra \u00e9s a terekre, hogy Isten szeretet\u00e9t hirdess\u00e9k mindenki sz\u00e1m\u00e1ra. Iv\u00e1n atya pr\u00e9dik\u00e1ci\u00f3j\u00e1ban&#8230;<\/p>\n<p class=\"read-more\"><a class=\"btn btn-default\" href=\"https:\/\/marcali.plebania.hu\/?p=3713\"> Read More<span class=\"screen-reader-text\">  Read More<\/span><\/a><\/p>\n","protected":false},"author":2,"featured_media":0,"comment_status":"closed","ping_status":"open","sticky":false,"template":"","format":"standard","meta":{"footnotes":""},"categories":[1],"tags":[],"class_list":["post-3713","post","type-post","status-publish","format-standard","hentry","category-egyeb"],"_links":{"self":[{"href":"https:\/\/marcali.plebania.hu\/index.php?rest_route=\/wp\/v2\/posts\/3713","targetHints":{"allow":["GET"]}}],"collection":[{"href":"https:\/\/marcali.plebania.hu\/index.php?rest_route=\/wp\/v2\/posts"}],"about":[{"href":"https:\/\/marcali.plebania.hu\/index.php?rest_route=\/wp\/v2\/types\/post"}],"author":[{"embeddable":true,"href":"https:\/\/marcali.plebania.hu\/index.php?rest_route=\/wp\/v2\/users\/2"}],"replies":[{"embeddable":true,"href":"https:\/\/marcali.plebania.hu\/index.php?rest_route=%2Fwp%2Fv2%2Fcomments&post=3713"}],"version-history":[{"count":1,"href":"https:\/\/marcali.plebania.hu\/index.php?rest_route=\/wp\/v2\/posts\/3713\/revisions"}],"predecessor-version":[{"id":3734,"href":"https:\/\/marcali.plebania.hu\/index.php?rest_route=\/wp\/v2\/posts\/3713\/revisions\/3734"}],"wp:attachment":[{"href":"https:\/\/marcali.plebania.hu\/index.php?rest_route=%2Fwp%2Fv2%2Fmedia&parent=3713"}],"wp:term":[{"taxonomy":"category","embeddable":true,"href":"https:\/\/marcali.plebania.hu\/index.php?rest_route=%2Fwp%2Fv2%2Fcategories&post=3713"},{"taxonomy":"post_tag","embeddable":true,"href":"https:\/\/marcali.plebania.hu\/index.php?rest_route=%2Fwp%2Fv2%2Ftags&post=3713"}],"curies":[{"name":"wp","href":"https:\/\/api.w.org\/{rel}","templated":true}]}}