{"id":3736,"date":"2022-06-24T08:09:00","date_gmt":"2022-06-24T08:09:00","guid":{"rendered":"https:\/\/marcali.plebania.hu\/?p=3736"},"modified":"2022-06-24T08:09:00","modified_gmt":"2022-06-24T08:09:00","slug":"hirdetesek-2022-06-26","status":"publish","type":"post","link":"https:\/\/marcali.plebania.hu\/?p=3736","title":{"rendered":"Hirdet\u00e9sek, 2022. 06. 26."},"content":{"rendered":"\n<ol class=\"wp-block-list\"><li>Ma\naz \u00e9vk\u00f6zi 13. vas\u00e1rnap. A mai szentmis\u00e9vel kezd\u0151dik az idei hittanos t\u00e1bor\nMarcaliban, az X-h\u00e1zban.<\/li><li>A\nj\u00f6v\u0151 h\u00e9ten, szerd\u00e1n, Szent P\u00e9ter \u00e9s P\u00e1l apostolok \u00fcnnepe, este 18 \u00f3rakor\nszentmise.<\/li><li>P\u00e9nteken\n17.30-kor szents\u00e9gim\u00e1d\u00e1s, 18 \u00f3rakor szentmise.<\/li><li>Szombaton,\nSarl\u00f3s Boldogasszony \u00fcnnepe, az esti szentmis\u00e9n eml\u00e9kez\u00fcnk meg r\u00f3la.<\/li><li>J\u00f6v\u0151\nvas\u00e1rnap P\u00e9terfill\u00e9r-gy\u0171jt\u00e9s van, a Szentatya karitat\u00edv c\u00e9ljaira.<\/li><li>A\nK\u00c9SZ Marcali Csoportja 2022. augusztus 6-\u00e1n, szombaton zar\u00e1ndoklatot szervez\nP\u00e9lif\u00f6ldszentkereszt-Baj\u00f3t-Tata-Tatab\u00e1nya szakr\u00e1lis \u00e9rt\u00e9keinek megtekint\u00e9s\u00e9re.\nA zar\u00e1ndoklatra b\u00e1rki jelentkezhet, az \u00fatik\u00f6lts\u00e9g: 14.000- Ft\/f\u0151. A K\u00c9SZ\ntagoknak a buszk\u00f6lts\u00e9g 10.000- Ft. Jelentkezni S\u00e1voly Andre\u00e1n\u00e1l \u00e9s Kiss\nK\u00e1lm\u00e1nn\u00e1l, vagy a pl\u00e9b\u00e1ni\u00e1n lehet.<\/li><\/ol>\n","protected":false},"excerpt":{"rendered":"<p>Ma az \u00e9vk\u00f6zi 13. vas\u00e1rnap. A mai szentmis\u00e9vel kezd\u0151dik az idei hittanos t\u00e1bor Marcaliban, az X-h\u00e1zban. A j\u00f6v\u0151 h\u00e9ten, szerd\u00e1n, Szent P\u00e9ter \u00e9s P\u00e1l apostolok \u00fcnnepe, este 18 \u00f3rakor szentmise. P\u00e9nteken 17.30-kor szents\u00e9gim\u00e1d\u00e1s, 18 \u00f3rakor szentmise. Szombaton, Sarl\u00f3s Boldogasszony \u00fcnnepe, az esti szentmis\u00e9n eml\u00e9kez\u00fcnk meg r\u00f3la. J\u00f6v\u0151 vas\u00e1rnap P\u00e9terfill\u00e9r-gy\u0171jt\u00e9s van, a Szentatya karitat\u00edv c\u00e9ljaira. A K\u00c9SZ Marcali Csoportja 2022. augusztus 6-\u00e1n, szombaton zar\u00e1ndoklatot szervez P\u00e9lif\u00f6ldszentkereszt-Baj\u00f3t-Tata-Tatab\u00e1nya szakr\u00e1lis \u00e9rt\u00e9keinek megtekint\u00e9s\u00e9re. A zar\u00e1ndoklatra b\u00e1rki jelentkezhet, az \u00fatik\u00f6lts\u00e9g: 14.000- Ft\/f\u0151. A K\u00c9SZ tagoknak a&#8230;<\/p>\n<p class=\"read-more\"><a class=\"btn btn-default\" href=\"https:\/\/marcali.plebania.hu\/?p=3736\"> Read More<span class=\"screen-reader-text\">  Read More<\/span><\/a><\/p>\n","protected":false},"author":2,"featured_media":0,"comment_status":"closed","ping_status":"open","sticky":false,"template":"","format":"standard","meta":{"footnotes":""},"categories":[1],"tags":[],"class_list":["post-3736","post","type-post","status-publish","format-standard","hentry","category-egyeb"],"_links":{"self":[{"href":"https:\/\/marcali.plebania.hu\/index.php?rest_route=\/wp\/v2\/posts\/3736","targetHints":{"allow":["GET"]}}],"collection":[{"href":"https:\/\/marcali.plebania.hu\/index.php?rest_route=\/wp\/v2\/posts"}],"about":[{"href":"https:\/\/marcali.plebania.hu\/index.php?rest_route=\/wp\/v2\/types\/post"}],"author":[{"embeddable":true,"href":"https:\/\/marcali.plebania.hu\/index.php?rest_route=\/wp\/v2\/users\/2"}],"replies":[{"embeddable":true,"href":"https:\/\/marcali.plebania.hu\/index.php?rest_route=%2Fwp%2Fv2%2Fcomments&post=3736"}],"version-history":[{"count":1,"href":"https:\/\/marcali.plebania.hu\/index.php?rest_route=\/wp\/v2\/posts\/3736\/revisions"}],"predecessor-version":[{"id":3737,"href":"https:\/\/marcali.plebania.hu\/index.php?rest_route=\/wp\/v2\/posts\/3736\/revisions\/3737"}],"wp:attachment":[{"href":"https:\/\/marcali.plebania.hu\/index.php?rest_route=%2Fwp%2Fv2%2Fmedia&parent=3736"}],"wp:term":[{"taxonomy":"category","embeddable":true,"href":"https:\/\/marcali.plebania.hu\/index.php?rest_route=%2Fwp%2Fv2%2Fcategories&post=3736"},{"taxonomy":"post_tag","embeddable":true,"href":"https:\/\/marcali.plebania.hu\/index.php?rest_route=%2Fwp%2Fv2%2Ftags&post=3736"}],"curies":[{"name":"wp","href":"https:\/\/api.w.org\/{rel}","templated":true}]}}