{"id":3738,"date":"2022-07-01T07:26:59","date_gmt":"2022-07-01T07:26:59","guid":{"rendered":"https:\/\/marcali.plebania.hu\/?p=3738"},"modified":"2022-07-01T09:45:11","modified_gmt":"2022-07-01T09:45:11","slug":"hirdetesek-2022-07-03","status":"publish","type":"post","link":"https:\/\/marcali.plebania.hu\/?p=3738","title":{"rendered":"Hirdet\u00e9sek, 2022. 07. 03."},"content":{"rendered":"\n<ol class=\"wp-block-list\"><li>Ma\naz \u00e9vk\u00f6zi 14. vas\u00e1rnap, az orsz\u00e1g valamennyi katolikus templom\u00e1ban p\u00e9terfill\u00e9r-gy\u0171jt\u00e9s\nvan.<\/li><li>J\u00f6v\u0151\nh\u00e9ten, p\u00e9nteken, 17.30-kor szents\u00e9gim\u00e1d\u00e1s, 18 \u00f3rakor szentmise.<\/li><li>J\u00f6v\u0151\nszombaton az egyh\u00e1zk\u00f6zs\u00e9g fogadott szents\u00e9gim\u00e1d\u00e1si napja. 12 \u00f3rakor szents\u00e9gkit\u00e9tel,\nmajd szents\u00e9gim\u00e1d\u00e1s a hirdet\u0151t\u00e1bl\u00e1n beosztott rend szerint, 17 \u00f3rakor (az\nesk\u00fcv\u0151 miatt) szents\u00e9gelt\u00e9tel, 18 \u00f3rakor szentmise.<\/li><li>Megk\u00f6sz\u00f6nj\u00fck\na hitoktat\u00f3knak, seg\u00edt\u0151knek \u00e9s a t\u00e1mogat\u00f3knak a munk\u00e1j\u00e1t, k\u00f6zrem\u0171k\u00f6d\u00e9s\u00e9t a\nhittant\u00e1bor sikeres lebonyol\u00edt\u00e1s\u00e1ban.<\/li><li>J\u00falius\n11-\u00e9n, h\u00e9tf\u0151n 18 \u00f3rakor a K\u00c9SZ megh\u00edv\u00e1s\u00e1ra Kurucz \u00c1d\u00e1m Konr\u00e1d \u00fajabb j\u00f3t\u00e9konys\u00e1gi\nirodalmi estje lesz az X-h\u00e1z nagyterm\u00e9ben, melyre szeretettel h\u00edvnak \u00e9s v\u00e1rnak minden\n\u00e9rdekl\u0151d\u0151t a szervez\u0151k. Az \u00f6sszegy\u0171jt\u00f6tt adom\u00e1nyokat ez\u00fattal is a k\u00e1rp\u00e1taljai beregsz\u00e1szi\nK\u00c9SZ Csoport megseg\u00edt\u00e9s\u00e9re fogj\u00e1k eljuttatni.<\/li><li>A\nK\u00c9SZ Marcali Csoportja 2022. augusztus 6-\u00e1n, szombaton zar\u00e1ndoklatot szervez\nP\u00e9lif\u00f6ldszentkereszt-Baj\u00f3t-Tata-Tatab\u00e1nya szakr\u00e1lis \u00e9rt\u00e9keinek megtekint\u00e9s\u00e9re. A\nzar\u00e1ndoklatra b\u00e1rki jelentkezhet, az \u00fatik\u00f6lts\u00e9g: 14.000- Ft\/f\u0151. A K\u00c9SZ tagoknak\na buszk\u00f6lts\u00e9g 10.000- Ft. Jelentkezni S\u00e1voly Andre\u00e1n\u00e1l \u00e9s Kiss K\u00e1lm\u00e1nn\u00e1l, vagy\na pl\u00e9b\u00e1ni\u00e1n lehet.<\/li><\/ol>\n","protected":false},"excerpt":{"rendered":"<p>Ma az \u00e9vk\u00f6zi 14. vas\u00e1rnap, az orsz\u00e1g valamennyi katolikus templom\u00e1ban p\u00e9terfill\u00e9r-gy\u0171jt\u00e9s van. J\u00f6v\u0151 h\u00e9ten, p\u00e9nteken, 17.30-kor szents\u00e9gim\u00e1d\u00e1s, 18 \u00f3rakor szentmise. J\u00f6v\u0151 szombaton az egyh\u00e1zk\u00f6zs\u00e9g fogadott szents\u00e9gim\u00e1d\u00e1si napja. 12 \u00f3rakor szents\u00e9gkit\u00e9tel, majd szents\u00e9gim\u00e1d\u00e1s a hirdet\u0151t\u00e1bl\u00e1n beosztott rend szerint, 17 \u00f3rakor (az esk\u00fcv\u0151 miatt) szents\u00e9gelt\u00e9tel, 18 \u00f3rakor szentmise. Megk\u00f6sz\u00f6nj\u00fck a hitoktat\u00f3knak, seg\u00edt\u0151knek \u00e9s a t\u00e1mogat\u00f3knak a munk\u00e1j\u00e1t, k\u00f6zrem\u0171k\u00f6d\u00e9s\u00e9t a hittant\u00e1bor sikeres lebonyol\u00edt\u00e1s\u00e1ban. J\u00falius 11-\u00e9n, h\u00e9tf\u0151n 18 \u00f3rakor a K\u00c9SZ megh\u00edv\u00e1s\u00e1ra Kurucz \u00c1d\u00e1m Konr\u00e1d \u00fajabb j\u00f3t\u00e9konys\u00e1gi irodalmi estje lesz az X-h\u00e1z nagyterm\u00e9ben, melyre&#8230;<\/p>\n<p class=\"read-more\"><a class=\"btn btn-default\" href=\"https:\/\/marcali.plebania.hu\/?p=3738\"> Read More<span class=\"screen-reader-text\">  Read More<\/span><\/a><\/p>\n","protected":false},"author":2,"featured_media":0,"comment_status":"closed","ping_status":"open","sticky":false,"template":"","format":"standard","meta":{"footnotes":""},"categories":[1],"tags":[],"class_list":["post-3738","post","type-post","status-publish","format-standard","hentry","category-egyeb"],"_links":{"self":[{"href":"https:\/\/marcali.plebania.hu\/index.php?rest_route=\/wp\/v2\/posts\/3738","targetHints":{"allow":["GET"]}}],"collection":[{"href":"https:\/\/marcali.plebania.hu\/index.php?rest_route=\/wp\/v2\/posts"}],"about":[{"href":"https:\/\/marcali.plebania.hu\/index.php?rest_route=\/wp\/v2\/types\/post"}],"author":[{"embeddable":true,"href":"https:\/\/marcali.plebania.hu\/index.php?rest_route=\/wp\/v2\/users\/2"}],"replies":[{"embeddable":true,"href":"https:\/\/marcali.plebania.hu\/index.php?rest_route=%2Fwp%2Fv2%2Fcomments&post=3738"}],"version-history":[{"count":2,"href":"https:\/\/marcali.plebania.hu\/index.php?rest_route=\/wp\/v2\/posts\/3738\/revisions"}],"predecessor-version":[{"id":3740,"href":"https:\/\/marcali.plebania.hu\/index.php?rest_route=\/wp\/v2\/posts\/3738\/revisions\/3740"}],"wp:attachment":[{"href":"https:\/\/marcali.plebania.hu\/index.php?rest_route=%2Fwp%2Fv2%2Fmedia&parent=3738"}],"wp:term":[{"taxonomy":"category","embeddable":true,"href":"https:\/\/marcali.plebania.hu\/index.php?rest_route=%2Fwp%2Fv2%2Fcategories&post=3738"},{"taxonomy":"post_tag","embeddable":true,"href":"https:\/\/marcali.plebania.hu\/index.php?rest_route=%2Fwp%2Fv2%2Ftags&post=3738"}],"curies":[{"name":"wp","href":"https:\/\/api.w.org\/{rel}","templated":true}]}}