{"id":374,"date":"2018-10-12T07:59:41","date_gmt":"2018-10-12T07:59:41","guid":{"rendered":"https:\/\/marcali.plebania.hu\/?p=374"},"modified":"2018-10-12T07:59:41","modified_gmt":"2018-10-12T07:59:41","slug":"hirdetesek-2018-10-14","status":"publish","type":"post","link":"https:\/\/marcali.plebania.hu\/?p=374","title":{"rendered":"Hirdet\u00e9sek, 2018. 10. 14."},"content":{"rendered":"<ol>\n<li>Ma van az \u00e9vk\u00f6zi 28. vas\u00e1rnap.<\/li>\n<li>A j\u00f6v\u0151 vas\u00e1rnap az orsz\u00e1g valamennyi katolikus templom\u00e1ban gy\u0171jt\u00e9s van a misszi\u00f3k r\u00e9sz\u00e9re.<\/li>\n<li>A h\u00e9ten h\u00e9tf\u0151n 16 \u00f3rakor r\u00f3zsaf\u00fcz\u00e9r az X-h\u00e1zban, keddt\u0151l minden este 17.30-kor r\u00f3zsaf\u00fcz\u00e9r a pl\u00e9b\u00e1niatemplomban, 18 \u00f3rakor szentmise.<\/li>\n<li>Kedden 18.30-kor a K\u00c9SZ megh\u00edv\u00e1s\u00e1ra gr\u00f3f Zichy L\u00e1szl\u00f3 pszichol\u00f3gus tart k\u00f6nyvbemutat\u00f3t \u201eNobel-d\u00edjas az ist\u00e1ll\u00f3 fal\u00e1n\u201d c\u00edmmel az X-h\u00e1zban, melyre a h\u00edveket \u00e9s minden \u00e9rdekl\u0151d\u0151t h\u00edvnak a szervez\u0151k.<\/li>\n<li>Szombaton reggel 7 \u00f3rakor indul a pl\u00e9b\u00e1nia el\u0151l a K\u00c9SZ zar\u00e1ndoklata aut\u00f3busszal Sz\u00e9kesfeh\u00e9rv\u00e1r szakr\u00e1lis \u00e9rt\u00e9keinek megtekint\u00e9s\u00e9re. A K\u00c9SZ tagoknak ingyenes. Akik nem k\u00e9sz tagok, azok 3500- Ft utaz\u00e1si k\u00f6lts\u00e9get hozzanak be m\u00e9g a h\u00e9ten a pl\u00e9b\u00e1ni\u00e1ra. A bel\u00e9p\u0151d\u00edjak nincsenek benne az utaz\u00e1si k\u00f6lts\u00e9gben.<\/li>\n<\/ol>\n","protected":false},"excerpt":{"rendered":"<p>Ma van az \u00e9vk\u00f6zi 28. vas\u00e1rnap. A j\u00f6v\u0151 vas\u00e1rnap az orsz\u00e1g valamennyi katolikus templom\u00e1ban gy\u0171jt\u00e9s van a misszi\u00f3k r\u00e9sz\u00e9re. A h\u00e9ten h\u00e9tf\u0151n 16 \u00f3rakor r\u00f3zsaf\u00fcz\u00e9r az X-h\u00e1zban, keddt\u0151l minden este 17.30-kor r\u00f3zsaf\u00fcz\u00e9r a pl\u00e9b\u00e1niatemplomban, 18 \u00f3rakor szentmise. Kedden 18.30-kor a K\u00c9SZ megh\u00edv\u00e1s\u00e1ra gr\u00f3f Zichy L\u00e1szl\u00f3 pszichol\u00f3gus tart k\u00f6nyvbemutat\u00f3t \u201eNobel-d\u00edjas az ist\u00e1ll\u00f3 fal\u00e1n\u201d c\u00edmmel az X-h\u00e1zban, melyre a h\u00edveket \u00e9s minden \u00e9rdekl\u0151d\u0151t h\u00edvnak a szervez\u0151k. Szombaton reggel 7 \u00f3rakor indul a pl\u00e9b\u00e1nia el\u0151l a K\u00c9SZ zar\u00e1ndoklata aut\u00f3busszal Sz\u00e9kesfeh\u00e9rv\u00e1r szakr\u00e1lis \u00e9rt\u00e9keinek megtekint\u00e9s\u00e9re&#8230;.<\/p>\n<p class=\"read-more\"><a class=\"btn btn-default\" href=\"https:\/\/marcali.plebania.hu\/?p=374\"> Read More<span class=\"screen-reader-text\">  Read More<\/span><\/a><\/p>\n","protected":false},"author":2,"featured_media":0,"comment_status":"closed","ping_status":"open","sticky":false,"template":"","format":"standard","meta":{"footnotes":""},"categories":[1],"tags":[],"class_list":["post-374","post","type-post","status-publish","format-standard","hentry","category-egyeb"],"_links":{"self":[{"href":"https:\/\/marcali.plebania.hu\/index.php?rest_route=\/wp\/v2\/posts\/374","targetHints":{"allow":["GET"]}}],"collection":[{"href":"https:\/\/marcali.plebania.hu\/index.php?rest_route=\/wp\/v2\/posts"}],"about":[{"href":"https:\/\/marcali.plebania.hu\/index.php?rest_route=\/wp\/v2\/types\/post"}],"author":[{"embeddable":true,"href":"https:\/\/marcali.plebania.hu\/index.php?rest_route=\/wp\/v2\/users\/2"}],"replies":[{"embeddable":true,"href":"https:\/\/marcali.plebania.hu\/index.php?rest_route=%2Fwp%2Fv2%2Fcomments&post=374"}],"version-history":[{"count":1,"href":"https:\/\/marcali.plebania.hu\/index.php?rest_route=\/wp\/v2\/posts\/374\/revisions"}],"predecessor-version":[{"id":375,"href":"https:\/\/marcali.plebania.hu\/index.php?rest_route=\/wp\/v2\/posts\/374\/revisions\/375"}],"wp:attachment":[{"href":"https:\/\/marcali.plebania.hu\/index.php?rest_route=%2Fwp%2Fv2%2Fmedia&parent=374"}],"wp:term":[{"taxonomy":"category","embeddable":true,"href":"https:\/\/marcali.plebania.hu\/index.php?rest_route=%2Fwp%2Fv2%2Fcategories&post=374"},{"taxonomy":"post_tag","embeddable":true,"href":"https:\/\/marcali.plebania.hu\/index.php?rest_route=%2Fwp%2Fv2%2Ftags&post=374"}],"curies":[{"name":"wp","href":"https:\/\/api.w.org\/{rel}","templated":true}]}}