{"id":3742,"date":"2022-07-08T09:52:23","date_gmt":"2022-07-08T09:52:23","guid":{"rendered":"https:\/\/marcali.plebania.hu\/?p=3742"},"modified":"2022-07-08T09:52:23","modified_gmt":"2022-07-08T09:52:23","slug":"a-300-eves-evfordulohoz-kotottek-az-idei-nyari-napkozis-hittantabort","status":"publish","type":"post","link":"https:\/\/marcali.plebania.hu\/?p=3742","title":{"rendered":"A 300 \u00e9ves \u00e9vfordul\u00f3hoz k\u00f6t\u00f6tt\u00e9k az idei ny\u00e1ri napk\u00f6zis hittant\u00e1bort"},"content":{"rendered":"\n<p>2022. j\u00fanius 27. \u2013 j\u00falius 1. k\u00f6z\u00f6tt rendezt\u00e9k meg az idei napk\u00f6zis hittanos t\u00e1bort a Marcali R\u00f3mai Katolikus Egyh\u00e1zk\u00f6zs\u00e9g k\u00f6z\u00f6ss\u00e9gi h\u00e1z\u00e1ban (X-h\u00e1zban). K\u00e9t \u00e9v kihagy\u00e1s ut\u00e1n, rendk\u00edv\u00fcli m\u00f3don, nagy izgalmakkal v\u00e1rt\u00e1k kicsik \u00e9s nagyok egyar\u00e1nt az idei ny\u00e1ri programot.<\/p>\n\n\n\n<figure class=\"wp-block-gallery columns-3 is-cropped wp-block-gallery-1 is-layout-flex wp-block-gallery-is-layout-flex\"><ul class=\"blocks-gallery-grid\"><li class=\"blocks-gallery-item\"><figure><img loading=\"lazy\" decoding=\"async\" width=\"1024\" height=\"768\" src=\"https:\/\/marcali.plebania.hu\/wp-content\/uploads\/2022\/07\/01-1024x768.jpg\" alt=\"\" data-id=\"3743\" data-full-url=\"https:\/\/marcali.plebania.hu\/wp-content\/uploads\/2022\/07\/01-scaled.jpg\" data-link=\"https:\/\/marcali.plebania.hu\/?attachment_id=3743\" class=\"wp-image-3743\" srcset=\"https:\/\/marcali.plebania.hu\/wp-content\/uploads\/2022\/07\/01-1024x768.jpg 1024w, https:\/\/marcali.plebania.hu\/wp-content\/uploads\/2022\/07\/01-300x225.jpg 300w, https:\/\/marcali.plebania.hu\/wp-content\/uploads\/2022\/07\/01-768x576.jpg 768w, https:\/\/marcali.plebania.hu\/wp-content\/uploads\/2022\/07\/01-1536x1152.jpg 1536w, https:\/\/marcali.plebania.hu\/wp-content\/uploads\/2022\/07\/01-2048x1536.jpg 2048w, https:\/\/marcali.plebania.hu\/wp-content\/uploads\/2022\/07\/01-360x270.jpg 360w\" sizes=\"auto, (max-width: 1024px) 100vw, 1024px\" \/><\/figure><\/li><li class=\"blocks-gallery-item\"><figure><img loading=\"lazy\" decoding=\"async\" width=\"1024\" height=\"768\" src=\"https:\/\/marcali.plebania.hu\/wp-content\/uploads\/2022\/07\/02-1024x768.jpg\" alt=\"\" data-id=\"3744\" data-full-url=\"https:\/\/marcali.plebania.hu\/wp-content\/uploads\/2022\/07\/02-scaled.jpg\" data-link=\"https:\/\/marcali.plebania.hu\/?attachment_id=3744\" class=\"wp-image-3744\" srcset=\"https:\/\/marcali.plebania.hu\/wp-content\/uploads\/2022\/07\/02-1024x768.jpg 1024w, https:\/\/marcali.plebania.hu\/wp-content\/uploads\/2022\/07\/02-300x225.jpg 300w, https:\/\/marcali.plebania.hu\/wp-content\/uploads\/2022\/07\/02-768x576.jpg 768w, https:\/\/marcali.plebania.hu\/wp-content\/uploads\/2022\/07\/02-1536x1152.jpg 1536w, https:\/\/marcali.plebania.hu\/wp-content\/uploads\/2022\/07\/02-2048x1536.jpg 2048w, https:\/\/marcali.plebania.hu\/wp-content\/uploads\/2022\/07\/02-360x270.jpg 360w\" sizes=\"auto, (max-width: 1024px) 100vw, 1024px\" \/><\/figure><\/li><li class=\"blocks-gallery-item\"><figure><img loading=\"lazy\" decoding=\"async\" width=\"1024\" height=\"768\" src=\"https:\/\/marcali.plebania.hu\/wp-content\/uploads\/2022\/07\/03-1024x768.jpg\" alt=\"\" data-id=\"3745\" data-full-url=\"https:\/\/marcali.plebania.hu\/wp-content\/uploads\/2022\/07\/03-scaled.jpg\" data-link=\"https:\/\/marcali.plebania.hu\/?attachment_id=3745\" class=\"wp-image-3745\" srcset=\"https:\/\/marcali.plebania.hu\/wp-content\/uploads\/2022\/07\/03-1024x768.jpg 1024w, https:\/\/marcali.plebania.hu\/wp-content\/uploads\/2022\/07\/03-300x225.jpg 300w, https:\/\/marcali.plebania.hu\/wp-content\/uploads\/2022\/07\/03-768x576.jpg 768w, https:\/\/marcali.plebania.hu\/wp-content\/uploads\/2022\/07\/03-1536x1152.jpg 1536w, https:\/\/marcali.plebania.hu\/wp-content\/uploads\/2022\/07\/03-2048x1536.jpg 2048w, https:\/\/marcali.plebania.hu\/wp-content\/uploads\/2022\/07\/03-360x270.jpg 360w\" sizes=\"auto, (max-width: 1024px) 100vw, 1024px\" \/><\/figure><\/li><li class=\"blocks-gallery-item\"><figure><img loading=\"lazy\" decoding=\"async\" width=\"1024\" height=\"768\" src=\"https:\/\/marcali.plebania.hu\/wp-content\/uploads\/2022\/07\/04-1024x768.jpg\" alt=\"\" data-id=\"3746\" data-full-url=\"https:\/\/marcali.plebania.hu\/wp-content\/uploads\/2022\/07\/04-scaled.jpg\" data-link=\"https:\/\/marcali.plebania.hu\/?attachment_id=3746\" class=\"wp-image-3746\" srcset=\"https:\/\/marcali.plebania.hu\/wp-content\/uploads\/2022\/07\/04-1024x768.jpg 1024w, https:\/\/marcali.plebania.hu\/wp-content\/uploads\/2022\/07\/04-300x225.jpg 300w, https:\/\/marcali.plebania.hu\/wp-content\/uploads\/2022\/07\/04-768x576.jpg 768w, https:\/\/marcali.plebania.hu\/wp-content\/uploads\/2022\/07\/04-1536x1152.jpg 1536w, https:\/\/marcali.plebania.hu\/wp-content\/uploads\/2022\/07\/04-2048x1536.jpg 2048w, https:\/\/marcali.plebania.hu\/wp-content\/uploads\/2022\/07\/04-360x270.jpg 360w\" sizes=\"auto, (max-width: 1024px) 100vw, 1024px\" \/><\/figure><\/li><\/ul><\/figure>\n\n\n\n<p>A hivatalos megnyit\u00f3ra j\u00fanius 26-\u00e1n vas\u00e1rnap ker\u00fclt sor, amikor a 9 \u00f3r\u00e1s szentmis\u00e9n Kiss Iv\u00e1n c. pr\u00e9post, pl\u00e9b\u00e1nos celebr\u00e1l\u00e1s\u00e1val egy\u00fctt im\u00e1dkoztak a gyerekek a t\u00e1bor sikeres lebonyol\u00edt\u00e1s\u00e1\u00e9rt. Az idei esztend\u0151ben a pl\u00e9b\u00e1nia \u00e9s egyh\u00e1zk\u00f6zs\u00e9g \u2013 a t\u00f6r\u00f6k ut\u00e1ni \u00fajj\u00e1szervez\u00e9s\u00e9nek \u2013 300. \u00e9vfordul\u00f3j\u00e1t \u00fcnnepli, \u00e9ppen ez\u00e9rt a szervez\u0151k is ezt a t\u00e9m\u00e1t emelt\u00e9k ki els\u0151sorban, s a h\u00e9t sor\u00e1n a r\u00e9sztvev\u0151k megismerkedhettek a templomok t\u00f6rt\u00e9net\u00e9vel, mik\u00f6zben el\u0151ad\u00e1sokat hallgathattak meg, valamint k\u00fcl\u00f6nf\u00e9le j\u00e1t\u00e9kok, sportol\u00e1si lehet\u0151s\u00e9g, tov\u00e1bb\u00e1 k\u00e9zm\u0171ves foglalkoz\u00e1sok sz\u00ednes\u00edtett\u00e9k a tartalmas programot.<\/p>\n\n\n\n<figure class=\"wp-block-gallery columns-3 is-cropped wp-block-gallery-2 is-layout-flex wp-block-gallery-is-layout-flex\"><ul class=\"blocks-gallery-grid\"><li class=\"blocks-gallery-item\"><figure><img loading=\"lazy\" decoding=\"async\" width=\"1024\" height=\"768\" src=\"https:\/\/marcali.plebania.hu\/wp-content\/uploads\/2022\/07\/05-1024x768.jpg\" alt=\"\" data-id=\"3747\" data-full-url=\"https:\/\/marcali.plebania.hu\/wp-content\/uploads\/2022\/07\/05-scaled.jpg\" data-link=\"https:\/\/marcali.plebania.hu\/?attachment_id=3747\" class=\"wp-image-3747\" srcset=\"https:\/\/marcali.plebania.hu\/wp-content\/uploads\/2022\/07\/05-1024x768.jpg 1024w, https:\/\/marcali.plebania.hu\/wp-content\/uploads\/2022\/07\/05-300x225.jpg 300w, https:\/\/marcali.plebania.hu\/wp-content\/uploads\/2022\/07\/05-768x576.jpg 768w, https:\/\/marcali.plebania.hu\/wp-content\/uploads\/2022\/07\/05-1536x1152.jpg 1536w, https:\/\/marcali.plebania.hu\/wp-content\/uploads\/2022\/07\/05-2048x1536.jpg 2048w, https:\/\/marcali.plebania.hu\/wp-content\/uploads\/2022\/07\/05-360x270.jpg 360w\" sizes=\"auto, (max-width: 1024px) 100vw, 1024px\" \/><\/figure><\/li><li class=\"blocks-gallery-item\"><figure><img loading=\"lazy\" decoding=\"async\" width=\"1024\" height=\"768\" src=\"https:\/\/marcali.plebania.hu\/wp-content\/uploads\/2022\/07\/06-1024x768.jpg\" alt=\"\" data-id=\"3748\" data-full-url=\"https:\/\/marcali.plebania.hu\/wp-content\/uploads\/2022\/07\/06-scaled.jpg\" data-link=\"https:\/\/marcali.plebania.hu\/?attachment_id=3748\" class=\"wp-image-3748\" srcset=\"https:\/\/marcali.plebania.hu\/wp-content\/uploads\/2022\/07\/06-1024x768.jpg 1024w, https:\/\/marcali.plebania.hu\/wp-content\/uploads\/2022\/07\/06-300x225.jpg 300w, https:\/\/marcali.plebania.hu\/wp-content\/uploads\/2022\/07\/06-768x576.jpg 768w, https:\/\/marcali.plebania.hu\/wp-content\/uploads\/2022\/07\/06-1536x1152.jpg 1536w, https:\/\/marcali.plebania.hu\/wp-content\/uploads\/2022\/07\/06-2048x1536.jpg 2048w, https:\/\/marcali.plebania.hu\/wp-content\/uploads\/2022\/07\/06-360x270.jpg 360w\" sizes=\"auto, (max-width: 1024px) 100vw, 1024px\" \/><\/figure><\/li><li class=\"blocks-gallery-item\"><figure><img loading=\"lazy\" decoding=\"async\" width=\"768\" height=\"1024\" src=\"https:\/\/marcali.plebania.hu\/wp-content\/uploads\/2022\/07\/07-768x1024.jpg\" alt=\"\" data-id=\"3749\" data-full-url=\"https:\/\/marcali.plebania.hu\/wp-content\/uploads\/2022\/07\/07-scaled.jpg\" data-link=\"https:\/\/marcali.plebania.hu\/?attachment_id=3749\" class=\"wp-image-3749\" srcset=\"https:\/\/marcali.plebania.hu\/wp-content\/uploads\/2022\/07\/07-768x1024.jpg 768w, https:\/\/marcali.plebania.hu\/wp-content\/uploads\/2022\/07\/07-225x300.jpg 225w, https:\/\/marcali.plebania.hu\/wp-content\/uploads\/2022\/07\/07-1152x1536.jpg 1152w, https:\/\/marcali.plebania.hu\/wp-content\/uploads\/2022\/07\/07-1536x2048.jpg 1536w, https:\/\/marcali.plebania.hu\/wp-content\/uploads\/2022\/07\/07-203x270.jpg 203w, https:\/\/marcali.plebania.hu\/wp-content\/uploads\/2022\/07\/07-scaled.jpg 1920w\" sizes=\"auto, (max-width: 768px) 100vw, 768px\" \/><\/figure><\/li><li class=\"blocks-gallery-item\"><figure><img loading=\"lazy\" decoding=\"async\" width=\"1024\" height=\"768\" src=\"https:\/\/marcali.plebania.hu\/wp-content\/uploads\/2022\/07\/08-1024x768.jpg\" alt=\"\" data-id=\"3750\" data-full-url=\"https:\/\/marcali.plebania.hu\/wp-content\/uploads\/2022\/07\/08-scaled.jpg\" data-link=\"https:\/\/marcali.plebania.hu\/?attachment_id=3750\" class=\"wp-image-3750\" srcset=\"https:\/\/marcali.plebania.hu\/wp-content\/uploads\/2022\/07\/08-1024x768.jpg 1024w, https:\/\/marcali.plebania.hu\/wp-content\/uploads\/2022\/07\/08-300x225.jpg 300w, https:\/\/marcali.plebania.hu\/wp-content\/uploads\/2022\/07\/08-768x576.jpg 768w, https:\/\/marcali.plebania.hu\/wp-content\/uploads\/2022\/07\/08-1536x1152.jpg 1536w, https:\/\/marcali.plebania.hu\/wp-content\/uploads\/2022\/07\/08-2048x1536.jpg 2048w, https:\/\/marcali.plebania.hu\/wp-content\/uploads\/2022\/07\/08-360x270.jpg 360w\" sizes=\"auto, (max-width: 1024px) 100vw, 1024px\" \/><\/figure><\/li><\/ul><\/figure>\n\n\n\n<p>H\u00e9tf\u0151n, az els\u0151 napon a Gy\u00fcm\u00f6lcsolt\u00f3 Boldogasszony Pl\u00e9b\u00e1niatemplom hist\u00f3ri\u00e1j\u00e1t Tombor Erzs\u00e9bet hitoktat\u00f3n\u0151 ismertette, majd pedig a gyermekek k\u00edv\u00fclr\u0151l \u00e9s bel\u00fclr\u0151l is felfedezhett\u00e9k a r\u00e9gi \u00e9p\u00fclet rejtelmeit: megtekintett\u00e9k a k\u00f3rust az orgon\u00e1kkal, az orat\u00f3riumot az egyh\u00e1zk\u00f6zs\u00e9g \u00e1lland\u00f3 ki\u00e1ll\u00edt\u00e1s\u00e1val, valamint a sekresty\u00e9ben a Pr\u00e1gai kis J\u00e9zus szobr\u00e1nak a ruh\u00e1it csod\u00e1lt\u00e1k meg. A n\u00e9gy csapatra osztott t\u00e1rsas\u00e1g k\u00fcl\u00f6n-k\u00fcl\u00f6n feladatokat oldott meg, mik\u00f6zben betekinthettek a keresztel\u00e9si anyak\u00f6nyvekbe is.<\/p>\n\n\n\n<figure class=\"wp-block-gallery columns-3 is-cropped wp-block-gallery-3 is-layout-flex wp-block-gallery-is-layout-flex\"><ul class=\"blocks-gallery-grid\"><li class=\"blocks-gallery-item\"><figure><img loading=\"lazy\" decoding=\"async\" width=\"1024\" height=\"768\" src=\"https:\/\/marcali.plebania.hu\/wp-content\/uploads\/2022\/07\/23-1024x768.jpg\" alt=\"\" data-id=\"3752\" data-link=\"https:\/\/marcali.plebania.hu\/?attachment_id=3752\" class=\"wp-image-3752\" srcset=\"https:\/\/marcali.plebania.hu\/wp-content\/uploads\/2022\/07\/23-1024x768.jpg 1024w, https:\/\/marcali.plebania.hu\/wp-content\/uploads\/2022\/07\/23-300x225.jpg 300w, https:\/\/marcali.plebania.hu\/wp-content\/uploads\/2022\/07\/23-768x576.jpg 768w, https:\/\/marcali.plebania.hu\/wp-content\/uploads\/2022\/07\/23-1536x1152.jpg 1536w, https:\/\/marcali.plebania.hu\/wp-content\/uploads\/2022\/07\/23-2048x1536.jpg 2048w, https:\/\/marcali.plebania.hu\/wp-content\/uploads\/2022\/07\/23-360x270.jpg 360w\" sizes=\"auto, (max-width: 1024px) 100vw, 1024px\" \/><\/figure><\/li><li class=\"blocks-gallery-item\"><figure><img loading=\"lazy\" decoding=\"async\" width=\"1024\" height=\"768\" src=\"https:\/\/marcali.plebania.hu\/wp-content\/uploads\/2022\/07\/25-1024x768.jpg\" alt=\"\" data-id=\"3753\" data-link=\"https:\/\/marcali.plebania.hu\/?attachment_id=3753\" class=\"wp-image-3753\" srcset=\"https:\/\/marcali.plebania.hu\/wp-content\/uploads\/2022\/07\/25-1024x768.jpg 1024w, https:\/\/marcali.plebania.hu\/wp-content\/uploads\/2022\/07\/25-300x225.jpg 300w, https:\/\/marcali.plebania.hu\/wp-content\/uploads\/2022\/07\/25-768x576.jpg 768w, https:\/\/marcali.plebania.hu\/wp-content\/uploads\/2022\/07\/25-1536x1152.jpg 1536w, https:\/\/marcali.plebania.hu\/wp-content\/uploads\/2022\/07\/25-2048x1536.jpg 2048w, https:\/\/marcali.plebania.hu\/wp-content\/uploads\/2022\/07\/25-360x270.jpg 360w\" sizes=\"auto, (max-width: 1024px) 100vw, 1024px\" \/><\/figure><\/li><li class=\"blocks-gallery-item\"><figure><img loading=\"lazy\" decoding=\"async\" width=\"1024\" height=\"768\" src=\"https:\/\/marcali.plebania.hu\/wp-content\/uploads\/2022\/07\/28-1024x768.jpg\" alt=\"\" data-id=\"3754\" data-link=\"https:\/\/marcali.plebania.hu\/?attachment_id=3754\" class=\"wp-image-3754\" srcset=\"https:\/\/marcali.plebania.hu\/wp-content\/uploads\/2022\/07\/28-1024x768.jpg 1024w, https:\/\/marcali.plebania.hu\/wp-content\/uploads\/2022\/07\/28-300x225.jpg 300w, https:\/\/marcali.plebania.hu\/wp-content\/uploads\/2022\/07\/28-768x576.jpg 768w, https:\/\/marcali.plebania.hu\/wp-content\/uploads\/2022\/07\/28-1536x1152.jpg 1536w, https:\/\/marcali.plebania.hu\/wp-content\/uploads\/2022\/07\/28-2048x1536.jpg 2048w, https:\/\/marcali.plebania.hu\/wp-content\/uploads\/2022\/07\/28-360x270.jpg 360w\" sizes=\"auto, (max-width: 1024px) 100vw, 1024px\" \/><\/figure><\/li><li class=\"blocks-gallery-item\"><figure><img loading=\"lazy\" decoding=\"async\" width=\"1024\" height=\"768\" src=\"https:\/\/marcali.plebania.hu\/wp-content\/uploads\/2022\/07\/35-1024x768.jpg\" alt=\"\" data-id=\"3755\" data-full-url=\"https:\/\/marcali.plebania.hu\/wp-content\/uploads\/2022\/07\/35-scaled.jpg\" data-link=\"https:\/\/marcali.plebania.hu\/?attachment_id=3755\" class=\"wp-image-3755\" srcset=\"https:\/\/marcali.plebania.hu\/wp-content\/uploads\/2022\/07\/35-1024x768.jpg 1024w, https:\/\/marcali.plebania.hu\/wp-content\/uploads\/2022\/07\/35-300x225.jpg 300w, https:\/\/marcali.plebania.hu\/wp-content\/uploads\/2022\/07\/35-768x576.jpg 768w, https:\/\/marcali.plebania.hu\/wp-content\/uploads\/2022\/07\/35-1536x1152.jpg 1536w, https:\/\/marcali.plebania.hu\/wp-content\/uploads\/2022\/07\/35-2048x1536.jpg 2048w, https:\/\/marcali.plebania.hu\/wp-content\/uploads\/2022\/07\/35-360x270.jpg 360w\" sizes=\"auto, (max-width: 1024px) 100vw, 1024px\" \/><\/figure><\/li><\/ul><\/figure>\n\n\n\n<p>A keddi szint\u00e9n rekken\u0151 h\u0151s\u00e9gben elt\u00f6lt\u00f6tt napot a s\u00fcmegi buszos-vonatos kir\u00e1ndul\u00e1s tette eml\u00e9kezetess\u00e9 a nebul\u00f3k sz\u00e1m\u00e1ra, mik\u00f6zben megtekintett\u00e9k az ottani Urunk mennybemenetele pl\u00e9b\u00e1nia-, illetve a ferences Sarl\u00f3s Boldogasszony kegytemplomot is. Ezen k\u00edv\u00fcl nagy \u00e9lm\u00e9nyt jelentett a v\u00e1r \u201emegh\u00f3d\u00edt\u00e1sa\u201d is, ahol \u00fajabb \u00e9lm\u00e9nyekkel, l\u00e1tnival\u00f3kkal gazdagodtak a gyermekek.<\/p>\n\n\n\n<figure class=\"wp-block-gallery columns-3 is-cropped wp-block-gallery-4 is-layout-flex wp-block-gallery-is-layout-flex\"><ul class=\"blocks-gallery-grid\"><li class=\"blocks-gallery-item\"><figure><img loading=\"lazy\" decoding=\"async\" width=\"1024\" height=\"768\" src=\"https:\/\/marcali.plebania.hu\/wp-content\/uploads\/2022\/07\/53-1024x768.jpg\" alt=\"\" data-id=\"3756\" data-link=\"https:\/\/marcali.plebania.hu\/?attachment_id=3756\" class=\"wp-image-3756\" srcset=\"https:\/\/marcali.plebania.hu\/wp-content\/uploads\/2022\/07\/53-1024x768.jpg 1024w, https:\/\/marcali.plebania.hu\/wp-content\/uploads\/2022\/07\/53-300x225.jpg 300w, https:\/\/marcali.plebania.hu\/wp-content\/uploads\/2022\/07\/53-768x576.jpg 768w, https:\/\/marcali.plebania.hu\/wp-content\/uploads\/2022\/07\/53-1536x1152.jpg 1536w, https:\/\/marcali.plebania.hu\/wp-content\/uploads\/2022\/07\/53-2048x1536.jpg 2048w, https:\/\/marcali.plebania.hu\/wp-content\/uploads\/2022\/07\/53-360x270.jpg 360w\" sizes=\"auto, (max-width: 1024px) 100vw, 1024px\" \/><\/figure><\/li><li class=\"blocks-gallery-item\"><figure><img loading=\"lazy\" decoding=\"async\" width=\"1024\" height=\"683\" src=\"https:\/\/marcali.plebania.hu\/wp-content\/uploads\/2022\/07\/45-1024x683.jpg\" alt=\"\" data-id=\"3757\" data-link=\"https:\/\/marcali.plebania.hu\/?attachment_id=3757\" class=\"wp-image-3757\" srcset=\"https:\/\/marcali.plebania.hu\/wp-content\/uploads\/2022\/07\/45-1024x683.jpg 1024w, https:\/\/marcali.plebania.hu\/wp-content\/uploads\/2022\/07\/45-300x200.jpg 300w, https:\/\/marcali.plebania.hu\/wp-content\/uploads\/2022\/07\/45-768x512.jpg 768w, https:\/\/marcali.plebania.hu\/wp-content\/uploads\/2022\/07\/45-1536x1024.jpg 1536w, https:\/\/marcali.plebania.hu\/wp-content\/uploads\/2022\/07\/45-2048x1365.jpg 2048w, https:\/\/marcali.plebania.hu\/wp-content\/uploads\/2022\/07\/45-405x270.jpg 405w\" sizes=\"auto, (max-width: 1024px) 100vw, 1024px\" \/><\/figure><\/li><li class=\"blocks-gallery-item\"><figure><img loading=\"lazy\" decoding=\"async\" width=\"1024\" height=\"683\" src=\"https:\/\/marcali.plebania.hu\/wp-content\/uploads\/2022\/07\/48-1024x683.jpg\" alt=\"\" data-id=\"3758\" data-link=\"https:\/\/marcali.plebania.hu\/?attachment_id=3758\" class=\"wp-image-3758\" srcset=\"https:\/\/marcali.plebania.hu\/wp-content\/uploads\/2022\/07\/48-1024x683.jpg 1024w, https:\/\/marcali.plebania.hu\/wp-content\/uploads\/2022\/07\/48-300x200.jpg 300w, https:\/\/marcali.plebania.hu\/wp-content\/uploads\/2022\/07\/48-768x512.jpg 768w, https:\/\/marcali.plebania.hu\/wp-content\/uploads\/2022\/07\/48-1536x1024.jpg 1536w, https:\/\/marcali.plebania.hu\/wp-content\/uploads\/2022\/07\/48-2048x1365.jpg 2048w, https:\/\/marcali.plebania.hu\/wp-content\/uploads\/2022\/07\/48-405x270.jpg 405w\" sizes=\"auto, (max-width: 1024px) 100vw, 1024px\" \/><\/figure><\/li><li class=\"blocks-gallery-item\"><figure><img loading=\"lazy\" decoding=\"async\" width=\"1024\" height=\"683\" src=\"https:\/\/marcali.plebania.hu\/wp-content\/uploads\/2022\/07\/44-1024x683.jpg\" alt=\"\" data-id=\"3759\" data-full-url=\"https:\/\/marcali.plebania.hu\/wp-content\/uploads\/2022\/07\/44-scaled.jpg\" data-link=\"https:\/\/marcali.plebania.hu\/?attachment_id=3759\" class=\"wp-image-3759\" srcset=\"https:\/\/marcali.plebania.hu\/wp-content\/uploads\/2022\/07\/44-1024x683.jpg 1024w, https:\/\/marcali.plebania.hu\/wp-content\/uploads\/2022\/07\/44-300x200.jpg 300w, https:\/\/marcali.plebania.hu\/wp-content\/uploads\/2022\/07\/44-768x512.jpg 768w, https:\/\/marcali.plebania.hu\/wp-content\/uploads\/2022\/07\/44-1536x1024.jpg 1536w, https:\/\/marcali.plebania.hu\/wp-content\/uploads\/2022\/07\/44-2048x1365.jpg 2048w, https:\/\/marcali.plebania.hu\/wp-content\/uploads\/2022\/07\/44-405x270.jpg 405w\" sizes=\"auto, (max-width: 1024px) 100vw, 1024px\" \/><\/figure><\/li><\/ul><\/figure>\n\n\n\n<p>A szerdai napon a v\u00e1ros leg\u00fajabb \u00e9p\u00edt\u00e9s\u0171, a Boldog Gizella templomn\u00e1l gy\u00fclekeztek a hittanosok, akiket reggeli torn\u00e1val v\u00e1rtak a hitoktat\u00f3k. Majd pedig bent a templomismertet\u0151t Kiss K\u00e1lm\u00e1n t\u00f6rt\u00e9n\u00e9sz, a pl\u00e9b\u00e1nia irodavezet\u0151je mondta el, kiemelve a v\u00e9d\u0151szent \u00e9s Szent Istv\u00e1n kir\u00e1ly szerep\u00e9t. V\u00e9g\u00fcl az altemplomban l\u00e9v\u0151 temet\u0151t szint\u00e9n megn\u00e9zhett\u00e9k a k\u00edv\u00e1ncsi gyermekszemek, akik egy im\u00e1t is elmondtak nemcsak az ott nyugv\u00f3k lelki \u00fcdv\u00e9\u00e9rt, hanem mindenki a saj\u00e1t elhunyt hozz\u00e1tartoz\u00f3j\u00e1\u00e9rt is.<\/p>\n\n\n\n<figure class=\"wp-block-gallery columns-3 is-cropped wp-block-gallery-5 is-layout-flex wp-block-gallery-is-layout-flex\"><ul class=\"blocks-gallery-grid\"><li class=\"blocks-gallery-item\"><figure><img loading=\"lazy\" decoding=\"async\" width=\"1024\" height=\"768\" src=\"https:\/\/marcali.plebania.hu\/wp-content\/uploads\/2022\/07\/63-1024x768.jpg\" alt=\"\" data-id=\"3760\" data-link=\"https:\/\/marcali.plebania.hu\/?attachment_id=3760\" class=\"wp-image-3760\" srcset=\"https:\/\/marcali.plebania.hu\/wp-content\/uploads\/2022\/07\/63-1024x768.jpg 1024w, https:\/\/marcali.plebania.hu\/wp-content\/uploads\/2022\/07\/63-300x225.jpg 300w, https:\/\/marcali.plebania.hu\/wp-content\/uploads\/2022\/07\/63-768x576.jpg 768w, https:\/\/marcali.plebania.hu\/wp-content\/uploads\/2022\/07\/63-1536x1152.jpg 1536w, https:\/\/marcali.plebania.hu\/wp-content\/uploads\/2022\/07\/63-2048x1536.jpg 2048w, https:\/\/marcali.plebania.hu\/wp-content\/uploads\/2022\/07\/63-360x270.jpg 360w\" sizes=\"auto, (max-width: 1024px) 100vw, 1024px\" \/><\/figure><\/li><li class=\"blocks-gallery-item\"><figure><img loading=\"lazy\" decoding=\"async\" width=\"1024\" height=\"768\" src=\"https:\/\/marcali.plebania.hu\/wp-content\/uploads\/2022\/07\/64-1024x768.jpg\" alt=\"\" data-id=\"3761\" data-link=\"https:\/\/marcali.plebania.hu\/?attachment_id=3761\" class=\"wp-image-3761\" srcset=\"https:\/\/marcali.plebania.hu\/wp-content\/uploads\/2022\/07\/64-1024x768.jpg 1024w, https:\/\/marcali.plebania.hu\/wp-content\/uploads\/2022\/07\/64-300x225.jpg 300w, https:\/\/marcali.plebania.hu\/wp-content\/uploads\/2022\/07\/64-768x576.jpg 768w, https:\/\/marcali.plebania.hu\/wp-content\/uploads\/2022\/07\/64-1536x1152.jpg 1536w, https:\/\/marcali.plebania.hu\/wp-content\/uploads\/2022\/07\/64-2048x1536.jpg 2048w, https:\/\/marcali.plebania.hu\/wp-content\/uploads\/2022\/07\/64-360x270.jpg 360w\" sizes=\"auto, (max-width: 1024px) 100vw, 1024px\" \/><\/figure><\/li><li class=\"blocks-gallery-item\"><figure><img loading=\"lazy\" decoding=\"async\" width=\"1024\" height=\"768\" src=\"https:\/\/marcali.plebania.hu\/wp-content\/uploads\/2022\/07\/61-1024x768.jpg\" alt=\"\" data-id=\"3762\" data-full-url=\"https:\/\/marcali.plebania.hu\/wp-content\/uploads\/2022\/07\/61-scaled.jpg\" data-link=\"https:\/\/marcali.plebania.hu\/?attachment_id=3762\" class=\"wp-image-3762\" srcset=\"https:\/\/marcali.plebania.hu\/wp-content\/uploads\/2022\/07\/61-1024x768.jpg 1024w, https:\/\/marcali.plebania.hu\/wp-content\/uploads\/2022\/07\/61-300x225.jpg 300w, https:\/\/marcali.plebania.hu\/wp-content\/uploads\/2022\/07\/61-768x576.jpg 768w, https:\/\/marcali.plebania.hu\/wp-content\/uploads\/2022\/07\/61-1536x1152.jpg 1536w, https:\/\/marcali.plebania.hu\/wp-content\/uploads\/2022\/07\/61-2048x1536.jpg 2048w, https:\/\/marcali.plebania.hu\/wp-content\/uploads\/2022\/07\/61-360x270.jpg 360w\" sizes=\"auto, (max-width: 1024px) 100vw, 1024px\" \/><\/figure><\/li><li class=\"blocks-gallery-item\"><figure><img loading=\"lazy\" decoding=\"async\" width=\"1024\" height=\"768\" src=\"https:\/\/marcali.plebania.hu\/wp-content\/uploads\/2022\/07\/62-1024x768.jpg\" alt=\"\" data-id=\"3763\" data-full-url=\"https:\/\/marcali.plebania.hu\/wp-content\/uploads\/2022\/07\/62-scaled.jpg\" data-link=\"https:\/\/marcali.plebania.hu\/?attachment_id=3763\" class=\"wp-image-3763\" srcset=\"https:\/\/marcali.plebania.hu\/wp-content\/uploads\/2022\/07\/62-1024x768.jpg 1024w, https:\/\/marcali.plebania.hu\/wp-content\/uploads\/2022\/07\/62-300x225.jpg 300w, https:\/\/marcali.plebania.hu\/wp-content\/uploads\/2022\/07\/62-768x576.jpg 768w, https:\/\/marcali.plebania.hu\/wp-content\/uploads\/2022\/07\/62-1536x1152.jpg 1536w, https:\/\/marcali.plebania.hu\/wp-content\/uploads\/2022\/07\/62-2048x1536.jpg 2048w, https:\/\/marcali.plebania.hu\/wp-content\/uploads\/2022\/07\/62-360x270.jpg 360w\" sizes=\"auto, (max-width: 1024px) 100vw, 1024px\" \/><\/figure><\/li><\/ul><\/figure>\n\n\n\n<p>Cs\u00fct\u00f6rt\u00f6k\u00f6n egy \u00fajabb hosszabb gyalogt\u00far\u00e1t tettek a t\u00e1boroz\u00f3k a sz\u0151l\u0151hegyi Szent Orb\u00e1n k\u00e1poln\u00e1hoz, melynek t\u00f6rt\u00e9net\u00e9t Deiszingern\u00e9 Kiss Anna nagykanizsai (ex marcali) hitoktat\u00f3n\u0151 ismertette. El\u0151ad\u00e1sa sor\u00e1n nemcsak az \u00e9p\u00fclet, de a n\u00e9vad\u00f3 v\u00e9d\u0151szent \u00e9let\u00fatj\u00e1t is felv\u00e1zolta a di\u00e1koknak. Az \u00f6sszhat\u00e1s kedv\u00e9\u00e9rt, j\u00e1t\u00e9kos form\u00e1ban, illusztr\u00e1ci\u00f3 gyan\u00e1nt m\u00e9g egy \u00e9rdekes padl\u00f3k\u00e9pes bemutat\u00f3t is tartott.<\/p>\n\n\n\n<figure class=\"wp-block-gallery columns-3 is-cropped wp-block-gallery-6 is-layout-flex wp-block-gallery-is-layout-flex\"><ul class=\"blocks-gallery-grid\"><li class=\"blocks-gallery-item\"><figure><img loading=\"lazy\" decoding=\"async\" width=\"1024\" height=\"768\" src=\"https:\/\/marcali.plebania.hu\/wp-content\/uploads\/2022\/07\/57-1024x768.jpg\" alt=\"\" data-id=\"3764\" data-link=\"https:\/\/marcali.plebania.hu\/?attachment_id=3764\" class=\"wp-image-3764\" srcset=\"https:\/\/marcali.plebania.hu\/wp-content\/uploads\/2022\/07\/57-1024x768.jpg 1024w, https:\/\/marcali.plebania.hu\/wp-content\/uploads\/2022\/07\/57-300x225.jpg 300w, https:\/\/marcali.plebania.hu\/wp-content\/uploads\/2022\/07\/57-768x576.jpg 768w, https:\/\/marcali.plebania.hu\/wp-content\/uploads\/2022\/07\/57-1536x1152.jpg 1536w, https:\/\/marcali.plebania.hu\/wp-content\/uploads\/2022\/07\/57-2048x1536.jpg 2048w, https:\/\/marcali.plebania.hu\/wp-content\/uploads\/2022\/07\/57-360x270.jpg 360w\" sizes=\"auto, (max-width: 1024px) 100vw, 1024px\" \/><\/figure><\/li><li class=\"blocks-gallery-item\"><figure><img loading=\"lazy\" decoding=\"async\" width=\"1024\" height=\"768\" src=\"https:\/\/marcali.plebania.hu\/wp-content\/uploads\/2022\/07\/70-1024x768.jpg\" alt=\"\" data-id=\"3765\" data-link=\"https:\/\/marcali.plebania.hu\/?attachment_id=3765\" class=\"wp-image-3765\" srcset=\"https:\/\/marcali.plebania.hu\/wp-content\/uploads\/2022\/07\/70-1024x768.jpg 1024w, https:\/\/marcali.plebania.hu\/wp-content\/uploads\/2022\/07\/70-300x225.jpg 300w, https:\/\/marcali.plebania.hu\/wp-content\/uploads\/2022\/07\/70-768x576.jpg 768w, https:\/\/marcali.plebania.hu\/wp-content\/uploads\/2022\/07\/70-1536x1152.jpg 1536w, https:\/\/marcali.plebania.hu\/wp-content\/uploads\/2022\/07\/70-2048x1536.jpg 2048w, https:\/\/marcali.plebania.hu\/wp-content\/uploads\/2022\/07\/70-360x270.jpg 360w\" sizes=\"auto, (max-width: 1024px) 100vw, 1024px\" \/><\/figure><\/li><li class=\"blocks-gallery-item\"><figure><img loading=\"lazy\" decoding=\"async\" width=\"1024\" height=\"768\" src=\"https:\/\/marcali.plebania.hu\/wp-content\/uploads\/2022\/07\/74-1-1024x768.jpg\" alt=\"\" data-id=\"3767\" data-link=\"https:\/\/marcali.plebania.hu\/?attachment_id=3767\" class=\"wp-image-3767\" srcset=\"https:\/\/marcali.plebania.hu\/wp-content\/uploads\/2022\/07\/74-1-1024x768.jpg 1024w, https:\/\/marcali.plebania.hu\/wp-content\/uploads\/2022\/07\/74-1-300x225.jpg 300w, https:\/\/marcali.plebania.hu\/wp-content\/uploads\/2022\/07\/74-1-768x576.jpg 768w, https:\/\/marcali.plebania.hu\/wp-content\/uploads\/2022\/07\/74-1-1536x1152.jpg 1536w, https:\/\/marcali.plebania.hu\/wp-content\/uploads\/2022\/07\/74-1-2048x1536.jpg 2048w, https:\/\/marcali.plebania.hu\/wp-content\/uploads\/2022\/07\/74-1-360x270.jpg 360w\" sizes=\"auto, (max-width: 1024px) 100vw, 1024px\" \/><\/figure><\/li><li class=\"blocks-gallery-item\"><figure><img loading=\"lazy\" decoding=\"async\" width=\"1024\" height=\"768\" src=\"https:\/\/marcali.plebania.hu\/wp-content\/uploads\/2022\/07\/76-1024x768.jpg\" alt=\"\" data-id=\"3768\" data-full-url=\"https:\/\/marcali.plebania.hu\/wp-content\/uploads\/2022\/07\/76-scaled.jpg\" data-link=\"https:\/\/marcali.plebania.hu\/?attachment_id=3768\" class=\"wp-image-3768\" srcset=\"https:\/\/marcali.plebania.hu\/wp-content\/uploads\/2022\/07\/76-1024x768.jpg 1024w, https:\/\/marcali.plebania.hu\/wp-content\/uploads\/2022\/07\/76-300x225.jpg 300w, https:\/\/marcali.plebania.hu\/wp-content\/uploads\/2022\/07\/76-768x576.jpg 768w, https:\/\/marcali.plebania.hu\/wp-content\/uploads\/2022\/07\/76-1536x1152.jpg 1536w, https:\/\/marcali.plebania.hu\/wp-content\/uploads\/2022\/07\/76-2048x1536.jpg 2048w, https:\/\/marcali.plebania.hu\/wp-content\/uploads\/2022\/07\/76-360x270.jpg 360w\" sizes=\"auto, (max-width: 1024px) 100vw, 1024px\" \/><\/figure><\/li><\/ul><\/figure>\n\n\n\n<p>A p\u00e9nteki nap folyam\u00e1n a hittant\u00e1bor r\u00e9sztvev\u0151i ism\u00e9t nyakukba vett\u00e9k a v\u00e1rost, s ez\u00fattal a gombai Antiochiai Szent Margit templomot kerest\u00e9k fel. A v\u00e1ros legr\u00e9gebbi egyh\u00e1zi \u00e9p\u00fclet\u00e9nek t\u00f6rt\u00e9net\u00e9r\u0151l Pozsonyi Anna egyetemista mes\u00e9lt. A bel\u00fcl sz\u00e9pen meg\u00fajult templomra a k\u00fcls\u0151 restaur\u00e1l\u00e1s azonban m\u00e9g v\u00e1rat mag\u00e1ra.<\/p>\n\n\n\n<figure class=\"wp-block-gallery columns-3 is-cropped wp-block-gallery-7 is-layout-flex wp-block-gallery-is-layout-flex\"><ul class=\"blocks-gallery-grid\"><li class=\"blocks-gallery-item\"><figure><img loading=\"lazy\" decoding=\"async\" width=\"1024\" height=\"683\" src=\"https:\/\/marcali.plebania.hu\/wp-content\/uploads\/2022\/07\/86-1024x683.jpg\" alt=\"\" data-id=\"3769\" data-link=\"https:\/\/marcali.plebania.hu\/?attachment_id=3769\" class=\"wp-image-3769\" srcset=\"https:\/\/marcali.plebania.hu\/wp-content\/uploads\/2022\/07\/86-1024x683.jpg 1024w, https:\/\/marcali.plebania.hu\/wp-content\/uploads\/2022\/07\/86-300x200.jpg 300w, https:\/\/marcali.plebania.hu\/wp-content\/uploads\/2022\/07\/86-768x512.jpg 768w, https:\/\/marcali.plebania.hu\/wp-content\/uploads\/2022\/07\/86-1536x1024.jpg 1536w, https:\/\/marcali.plebania.hu\/wp-content\/uploads\/2022\/07\/86-2048x1365.jpg 2048w, https:\/\/marcali.plebania.hu\/wp-content\/uploads\/2022\/07\/86-405x270.jpg 405w\" sizes=\"auto, (max-width: 1024px) 100vw, 1024px\" \/><\/figure><\/li><li class=\"blocks-gallery-item\"><figure><img loading=\"lazy\" decoding=\"async\" width=\"1024\" height=\"683\" src=\"https:\/\/marcali.plebania.hu\/wp-content\/uploads\/2022\/07\/90-1024x683.jpg\" alt=\"\" data-id=\"3770\" data-link=\"https:\/\/marcali.plebania.hu\/?attachment_id=3770\" class=\"wp-image-3770\" srcset=\"https:\/\/marcali.plebania.hu\/wp-content\/uploads\/2022\/07\/90-1024x683.jpg 1024w, https:\/\/marcali.plebania.hu\/wp-content\/uploads\/2022\/07\/90-300x200.jpg 300w, https:\/\/marcali.plebania.hu\/wp-content\/uploads\/2022\/07\/90-768x512.jpg 768w, https:\/\/marcali.plebania.hu\/wp-content\/uploads\/2022\/07\/90-1536x1024.jpg 1536w, https:\/\/marcali.plebania.hu\/wp-content\/uploads\/2022\/07\/90-2048x1365.jpg 2048w, https:\/\/marcali.plebania.hu\/wp-content\/uploads\/2022\/07\/90-405x270.jpg 405w\" sizes=\"auto, (max-width: 1024px) 100vw, 1024px\" \/><\/figure><\/li><li class=\"blocks-gallery-item\"><figure><img loading=\"lazy\" decoding=\"async\" width=\"1024\" height=\"683\" src=\"https:\/\/marcali.plebania.hu\/wp-content\/uploads\/2022\/07\/92-1024x683.jpg\" alt=\"\" data-id=\"3771\" data-link=\"https:\/\/marcali.plebania.hu\/?attachment_id=3771\" class=\"wp-image-3771\" srcset=\"https:\/\/marcali.plebania.hu\/wp-content\/uploads\/2022\/07\/92-1024x683.jpg 1024w, https:\/\/marcali.plebania.hu\/wp-content\/uploads\/2022\/07\/92-300x200.jpg 300w, https:\/\/marcali.plebania.hu\/wp-content\/uploads\/2022\/07\/92-768x512.jpg 768w, https:\/\/marcali.plebania.hu\/wp-content\/uploads\/2022\/07\/92-1536x1024.jpg 1536w, https:\/\/marcali.plebania.hu\/wp-content\/uploads\/2022\/07\/92-2048x1365.jpg 2048w, https:\/\/marcali.plebania.hu\/wp-content\/uploads\/2022\/07\/92-405x270.jpg 405w\" sizes=\"auto, (max-width: 1024px) 100vw, 1024px\" \/><\/figure><\/li><li class=\"blocks-gallery-item\"><figure><img loading=\"lazy\" decoding=\"async\" width=\"1024\" height=\"683\" src=\"https:\/\/marcali.plebania.hu\/wp-content\/uploads\/2022\/07\/95-1024x683.jpg\" alt=\"\" data-id=\"3772\" data-full-url=\"https:\/\/marcali.plebania.hu\/wp-content\/uploads\/2022\/07\/95-scaled.jpg\" data-link=\"https:\/\/marcali.plebania.hu\/?attachment_id=3772\" class=\"wp-image-3772\" srcset=\"https:\/\/marcali.plebania.hu\/wp-content\/uploads\/2022\/07\/95-1024x683.jpg 1024w, https:\/\/marcali.plebania.hu\/wp-content\/uploads\/2022\/07\/95-300x200.jpg 300w, https:\/\/marcali.plebania.hu\/wp-content\/uploads\/2022\/07\/95-768x512.jpg 768w, https:\/\/marcali.plebania.hu\/wp-content\/uploads\/2022\/07\/95-1536x1024.jpg 1536w, https:\/\/marcali.plebania.hu\/wp-content\/uploads\/2022\/07\/95-2048x1365.jpg 2048w, https:\/\/marcali.plebania.hu\/wp-content\/uploads\/2022\/07\/95-405x270.jpg 405w\" sizes=\"auto, (max-width: 1024px) 100vw, 1024px\" \/><\/figure><\/li><\/ul><\/figure>\n\n\n\n<p>A korad\u00e9lut\u00e1n folyam\u00e1n a csapatok m\u00e1r nagy lelkesed\u00e9ssel k\u00e9sz\u00fcltek a sz\u00fcl\u0151knek sz\u00e1nt bemutat\u00f3kra. Az idei esztend\u0151ben \u2013 a h\u0151s\u00e9griad\u00f3ra val\u00f3 tekintettel ugyanis elmaradt a szok\u00e1sos gyermek-sz\u00fcl\u0151 j\u00e1t\u00e9kos sorverseny \u00e9s a hagyom\u00e1nyos t\u00e1bort\u0171z. Helyette a h\u0171v\u00f6sebb nagyteremben adtak vid\u00e1m, humoros \u00e9nekes-pr\u00f3zai m\u0171sort, illetve tartottak \u00f6tletes kv\u00edzj\u00e1t\u00e9kot a t\u00e1boroz\u00f3k. A rendezv\u00e9ny v\u00e9g\u00fcl ked\u00e9lyes besz\u00e9lget\u00e9ssel \u00e9s egy kis vend\u00e9gl\u00e1t\u00e1ssal z\u00e1rult.<\/p>\n\n\n\n<figure class=\"wp-block-gallery columns-3 is-cropped wp-block-gallery-8 is-layout-flex wp-block-gallery-is-layout-flex\"><ul class=\"blocks-gallery-grid\"><li class=\"blocks-gallery-item\"><figure><img loading=\"lazy\" decoding=\"async\" width=\"1024\" height=\"683\" src=\"https:\/\/marcali.plebania.hu\/wp-content\/uploads\/2022\/07\/89-1024x683.jpg\" alt=\"\" data-id=\"3773\" data-link=\"https:\/\/marcali.plebania.hu\/?attachment_id=3773\" class=\"wp-image-3773\" srcset=\"https:\/\/marcali.plebania.hu\/wp-content\/uploads\/2022\/07\/89-1024x683.jpg 1024w, https:\/\/marcali.plebania.hu\/wp-content\/uploads\/2022\/07\/89-300x200.jpg 300w, https:\/\/marcali.plebania.hu\/wp-content\/uploads\/2022\/07\/89-768x512.jpg 768w, https:\/\/marcali.plebania.hu\/wp-content\/uploads\/2022\/07\/89-1536x1024.jpg 1536w, https:\/\/marcali.plebania.hu\/wp-content\/uploads\/2022\/07\/89-2048x1365.jpg 2048w, https:\/\/marcali.plebania.hu\/wp-content\/uploads\/2022\/07\/89-405x270.jpg 405w\" sizes=\"auto, (max-width: 1024px) 100vw, 1024px\" \/><\/figure><\/li><li class=\"blocks-gallery-item\"><figure><img loading=\"lazy\" decoding=\"async\" width=\"1024\" height=\"683\" src=\"https:\/\/marcali.plebania.hu\/wp-content\/uploads\/2022\/07\/99-1024x683.jpg\" alt=\"\" data-id=\"3774\" data-link=\"https:\/\/marcali.plebania.hu\/?attachment_id=3774\" class=\"wp-image-3774\" srcset=\"https:\/\/marcali.plebania.hu\/wp-content\/uploads\/2022\/07\/99-1024x683.jpg 1024w, https:\/\/marcali.plebania.hu\/wp-content\/uploads\/2022\/07\/99-300x200.jpg 300w, https:\/\/marcali.plebania.hu\/wp-content\/uploads\/2022\/07\/99-768x512.jpg 768w, https:\/\/marcali.plebania.hu\/wp-content\/uploads\/2022\/07\/99-1536x1024.jpg 1536w, https:\/\/marcali.plebania.hu\/wp-content\/uploads\/2022\/07\/99-2048x1365.jpg 2048w, https:\/\/marcali.plebania.hu\/wp-content\/uploads\/2022\/07\/99-405x270.jpg 405w\" sizes=\"auto, (max-width: 1024px) 100vw, 1024px\" \/><\/figure><\/li><li class=\"blocks-gallery-item\"><figure><img loading=\"lazy\" decoding=\"async\" width=\"1024\" height=\"683\" src=\"https:\/\/marcali.plebania.hu\/wp-content\/uploads\/2022\/07\/103-1024x683.jpg\" alt=\"\" data-id=\"3775\" data-link=\"https:\/\/marcali.plebania.hu\/?attachment_id=3775\" class=\"wp-image-3775\" srcset=\"https:\/\/marcali.plebania.hu\/wp-content\/uploads\/2022\/07\/103-1024x683.jpg 1024w, https:\/\/marcali.plebania.hu\/wp-content\/uploads\/2022\/07\/103-300x200.jpg 300w, https:\/\/marcali.plebania.hu\/wp-content\/uploads\/2022\/07\/103-768x512.jpg 768w, https:\/\/marcali.plebania.hu\/wp-content\/uploads\/2022\/07\/103-1536x1024.jpg 1536w, https:\/\/marcali.plebania.hu\/wp-content\/uploads\/2022\/07\/103-2048x1365.jpg 2048w, https:\/\/marcali.plebania.hu\/wp-content\/uploads\/2022\/07\/103-405x270.jpg 405w\" sizes=\"auto, (max-width: 1024px) 100vw, 1024px\" \/><\/figure><\/li><li class=\"blocks-gallery-item\"><figure><img loading=\"lazy\" decoding=\"async\" width=\"1024\" height=\"683\" src=\"https:\/\/marcali.plebania.hu\/wp-content\/uploads\/2022\/07\/101-1024x683.jpg\" alt=\"\" data-id=\"3776\" data-full-url=\"https:\/\/marcali.plebania.hu\/wp-content\/uploads\/2022\/07\/101-scaled.jpg\" data-link=\"https:\/\/marcali.plebania.hu\/?attachment_id=3776\" class=\"wp-image-3776\" srcset=\"https:\/\/marcali.plebania.hu\/wp-content\/uploads\/2022\/07\/101-1024x683.jpg 1024w, https:\/\/marcali.plebania.hu\/wp-content\/uploads\/2022\/07\/101-300x200.jpg 300w, https:\/\/marcali.plebania.hu\/wp-content\/uploads\/2022\/07\/101-768x512.jpg 768w, https:\/\/marcali.plebania.hu\/wp-content\/uploads\/2022\/07\/101-1536x1024.jpg 1536w, https:\/\/marcali.plebania.hu\/wp-content\/uploads\/2022\/07\/101-2048x1365.jpg 2048w, https:\/\/marcali.plebania.hu\/wp-content\/uploads\/2022\/07\/101-405x270.jpg 405w\" sizes=\"auto, (max-width: 1024px) 100vw, 1024px\" \/><\/figure><\/li><\/ul><\/figure>\n\n\n\n<p>J\u00falius 4-\u00e9n, vas\u00e1rnap a 9 \u00f3r\u00e1s \u00fcnnepi szentmis\u00e9vel z\u00e1rult az idei napk\u00f6zis hittanos t\u00e1bor, ahol Iv\u00e1n atya, a hitoktat\u00f3k, a seg\u00edt\u0151k \u00e9s a gyermekek is h\u00e1l\u00e1t adtak Istennek a sikeresen megval\u00f3sult tartalmas program\u00e9rt.<\/p>\n\n\n\n<figure class=\"wp-block-gallery columns-3 is-cropped wp-block-gallery-9 is-layout-flex wp-block-gallery-is-layout-flex\"><ul class=\"blocks-gallery-grid\"><li class=\"blocks-gallery-item\"><figure><img loading=\"lazy\" decoding=\"async\" width=\"1024\" height=\"768\" src=\"https:\/\/marcali.plebania.hu\/wp-content\/uploads\/2022\/07\/68-1024x768.jpg\" alt=\"\" data-id=\"3777\" data-link=\"https:\/\/marcali.plebania.hu\/?attachment_id=3777\" class=\"wp-image-3777\" srcset=\"https:\/\/marcali.plebania.hu\/wp-content\/uploads\/2022\/07\/68-1024x768.jpg 1024w, https:\/\/marcali.plebania.hu\/wp-content\/uploads\/2022\/07\/68-300x225.jpg 300w, https:\/\/marcali.plebania.hu\/wp-content\/uploads\/2022\/07\/68-768x576.jpg 768w, https:\/\/marcali.plebania.hu\/wp-content\/uploads\/2022\/07\/68-1536x1152.jpg 1536w, https:\/\/marcali.plebania.hu\/wp-content\/uploads\/2022\/07\/68-2048x1536.jpg 2048w, https:\/\/marcali.plebania.hu\/wp-content\/uploads\/2022\/07\/68-360x270.jpg 360w\" sizes=\"auto, (max-width: 1024px) 100vw, 1024px\" \/><\/figure><\/li><li class=\"blocks-gallery-item\"><figure><img loading=\"lazy\" decoding=\"async\" width=\"1024\" height=\"768\" src=\"https:\/\/marcali.plebania.hu\/wp-content\/uploads\/2022\/07\/66-1024x768.jpg\" alt=\"\" data-id=\"3778\" data-link=\"https:\/\/marcali.plebania.hu\/?attachment_id=3778\" class=\"wp-image-3778\" srcset=\"https:\/\/marcali.plebania.hu\/wp-content\/uploads\/2022\/07\/66-1024x768.jpg 1024w, https:\/\/marcali.plebania.hu\/wp-content\/uploads\/2022\/07\/66-300x225.jpg 300w, https:\/\/marcali.plebania.hu\/wp-content\/uploads\/2022\/07\/66-768x576.jpg 768w, https:\/\/marcali.plebania.hu\/wp-content\/uploads\/2022\/07\/66-1536x1152.jpg 1536w, https:\/\/marcali.plebania.hu\/wp-content\/uploads\/2022\/07\/66-2048x1536.jpg 2048w, https:\/\/marcali.plebania.hu\/wp-content\/uploads\/2022\/07\/66-360x270.jpg 360w\" sizes=\"auto, (max-width: 1024px) 100vw, 1024px\" \/><\/figure><\/li><li class=\"blocks-gallery-item\"><figure><img loading=\"lazy\" decoding=\"async\" width=\"1024\" height=\"683\" src=\"https:\/\/marcali.plebania.hu\/wp-content\/uploads\/2022\/07\/84-1024x683.jpg\" alt=\"\" data-id=\"3779\" data-link=\"https:\/\/marcali.plebania.hu\/?attachment_id=3779\" class=\"wp-image-3779\" srcset=\"https:\/\/marcali.plebania.hu\/wp-content\/uploads\/2022\/07\/84-1024x683.jpg 1024w, https:\/\/marcali.plebania.hu\/wp-content\/uploads\/2022\/07\/84-300x200.jpg 300w, https:\/\/marcali.plebania.hu\/wp-content\/uploads\/2022\/07\/84-768x512.jpg 768w, https:\/\/marcali.plebania.hu\/wp-content\/uploads\/2022\/07\/84-1536x1024.jpg 1536w, https:\/\/marcali.plebania.hu\/wp-content\/uploads\/2022\/07\/84-2048x1365.jpg 2048w, https:\/\/marcali.plebania.hu\/wp-content\/uploads\/2022\/07\/84-405x270.jpg 405w\" sizes=\"auto, (max-width: 1024px) 100vw, 1024px\" \/><\/figure><\/li><li class=\"blocks-gallery-item\"><figure><img loading=\"lazy\" decoding=\"async\" width=\"1024\" height=\"768\" src=\"https:\/\/marcali.plebania.hu\/wp-content\/uploads\/2022\/07\/58-1024x768.jpg\" alt=\"\" data-id=\"3780\" data-full-url=\"https:\/\/marcali.plebania.hu\/wp-content\/uploads\/2022\/07\/58-scaled.jpg\" data-link=\"https:\/\/marcali.plebania.hu\/?attachment_id=3780\" class=\"wp-image-3780\" srcset=\"https:\/\/marcali.plebania.hu\/wp-content\/uploads\/2022\/07\/58-1024x768.jpg 1024w, https:\/\/marcali.plebania.hu\/wp-content\/uploads\/2022\/07\/58-300x225.jpg 300w, https:\/\/marcali.plebania.hu\/wp-content\/uploads\/2022\/07\/58-768x576.jpg 768w, https:\/\/marcali.plebania.hu\/wp-content\/uploads\/2022\/07\/58-1536x1152.jpg 1536w, https:\/\/marcali.plebania.hu\/wp-content\/uploads\/2022\/07\/58-2048x1536.jpg 2048w, https:\/\/marcali.plebania.hu\/wp-content\/uploads\/2022\/07\/58-360x270.jpg 360w\" sizes=\"auto, (max-width: 1024px) 100vw, 1024px\" \/><\/figure><\/li><\/ul><\/figure>\n\n\n\n<p>Az\nidei t\u00e1borban 40 f\u0151 hittanos, k\u00f6zt\u00fck neh\u00e9z sors\u00fa, \u00e9s nagycsal\u00e1dos di\u00e1k vett\nr\u00e9szt, melyet a n\u00e9gy marcali hitoktat\u00f3n\u0151: Bojtorn\u00e9 Kir\u00e1ly M\u00e1rta, dr. Gyulain\u00e9\nDomj\u00e1n Zsuzsanna (f\u0151szervez\u0151), Pozsonyin\u00e9 Kiss M\u00e1ria \u00e9s Tombor Erzs\u00e9bet\nvezetett. Az \u0151 munk\u00e1jukat 8 k\u00f6z\u00e9piskol\u00e1s \u00e9s egyetemista \u00f6nk\u00e9ntes is seg\u00edtette.\nA k\u00e9zm\u0171ves foglalkoz\u00e1sokat pedig G\u00e1ln\u00e9 V\u00e9gh Edit nyugd\u00edjas pedag\u00f3gusn\u0151 ir\u00e1ny\u00edtotta.<\/p>\n\n\n\n<p>A\nt\u00e1bor t\u00e1mogat\u00f3i az egyh\u00e1zk\u00f6zs\u00e9g mellett, a Marcali, R\u00f3zsaf\u00fcz\u00e9r T\u00e1rsulat, Kir\u00e1ly\nJen\u0151 templomatya, Kir\u00e1ly J\u00e1nos, Borsos Mikl\u00f3sn\u00e9, a M\u00e9zes Mack\u00f3 \u00c9tterem, valamint\nt\u00f6bb mag\u00e1nszem\u00e9ly \u00e9s a sz\u00fcl\u0151k voltak, akik eg\u00e9sz h\u00e9ten \u00e1t a friss gy\u00fcm\u00f6lcs\u00f6t\nbiztos\u00edtott\u00e1k a gyermekeknek. K\u00f6sz\u00f6nj\u00fck mindenkinek a nagylelk\u0171 felaj\u00e1nl\u00e1sokat\n\u00e9s t\u00e1mogat\u00e1sokat!<\/p>\n\n\n\n<p><\/p>\n\n\n\n<p>Fot\u00f3k: Incze\nZolt\u00e1n, Kiss K\u00e1lm\u00e1n<\/p>\n","protected":false},"excerpt":{"rendered":"<p>2022. j\u00fanius 27. \u2013 j\u00falius 1. k\u00f6z\u00f6tt rendezt\u00e9k meg az idei napk\u00f6zis hittanos t\u00e1bort a Marcali R\u00f3mai Katolikus Egyh\u00e1zk\u00f6zs\u00e9g k\u00f6z\u00f6ss\u00e9gi h\u00e1z\u00e1ban (X-h\u00e1zban). K\u00e9t \u00e9v kihagy\u00e1s ut\u00e1n, rendk\u00edv\u00fcli m\u00f3don, nagy izgalmakkal v\u00e1rt\u00e1k kicsik \u00e9s nagyok egyar\u00e1nt az idei ny\u00e1ri programot. A hivatalos megnyit\u00f3ra j\u00fanius 26-\u00e1n vas\u00e1rnap ker\u00fclt sor, amikor a 9 \u00f3r\u00e1s szentmis\u00e9n Kiss Iv\u00e1n c. pr\u00e9post, pl\u00e9b\u00e1nos celebr\u00e1l\u00e1s\u00e1val egy\u00fctt im\u00e1dkoztak a gyerekek a t\u00e1bor sikeres lebonyol\u00edt\u00e1s\u00e1\u00e9rt. Az idei esztend\u0151ben a pl\u00e9b\u00e1nia \u00e9s egyh\u00e1zk\u00f6zs\u00e9g \u2013 a t\u00f6r\u00f6k ut\u00e1ni \u00fajj\u00e1szervez\u00e9s\u00e9nek \u2013 300&#8230;.<\/p>\n<p class=\"read-more\"><a class=\"btn btn-default\" href=\"https:\/\/marcali.plebania.hu\/?p=3742\"> Read More<span class=\"screen-reader-text\">  Read More<\/span><\/a><\/p>\n","protected":false},"author":2,"featured_media":0,"comment_status":"closed","ping_status":"open","sticky":false,"template":"","format":"standard","meta":{"footnotes":""},"categories":[1],"tags":[],"class_list":["post-3742","post","type-post","status-publish","format-standard","hentry","category-egyeb"],"_links":{"self":[{"href":"https:\/\/marcali.plebania.hu\/index.php?rest_route=\/wp\/v2\/posts\/3742","targetHints":{"allow":["GET"]}}],"collection":[{"href":"https:\/\/marcali.plebania.hu\/index.php?rest_route=\/wp\/v2\/posts"}],"about":[{"href":"https:\/\/marcali.plebania.hu\/index.php?rest_route=\/wp\/v2\/types\/post"}],"author":[{"embeddable":true,"href":"https:\/\/marcali.plebania.hu\/index.php?rest_route=\/wp\/v2\/users\/2"}],"replies":[{"embeddable":true,"href":"https:\/\/marcali.plebania.hu\/index.php?rest_route=%2Fwp%2Fv2%2Fcomments&post=3742"}],"version-history":[{"count":1,"href":"https:\/\/marcali.plebania.hu\/index.php?rest_route=\/wp\/v2\/posts\/3742\/revisions"}],"predecessor-version":[{"id":3781,"href":"https:\/\/marcali.plebania.hu\/index.php?rest_route=\/wp\/v2\/posts\/3742\/revisions\/3781"}],"wp:attachment":[{"href":"https:\/\/marcali.plebania.hu\/index.php?rest_route=%2Fwp%2Fv2%2Fmedia&parent=3742"}],"wp:term":[{"taxonomy":"category","embeddable":true,"href":"https:\/\/marcali.plebania.hu\/index.php?rest_route=%2Fwp%2Fv2%2Fcategories&post=3742"},{"taxonomy":"post_tag","embeddable":true,"href":"https:\/\/marcali.plebania.hu\/index.php?rest_route=%2Fwp%2Fv2%2Ftags&post=3742"}],"curies":[{"name":"wp","href":"https:\/\/api.w.org\/{rel}","templated":true}]}}