{"id":377,"date":"2018-10-19T07:37:19","date_gmt":"2018-10-19T07:37:19","guid":{"rendered":"https:\/\/marcali.plebania.hu\/?p=377"},"modified":"2018-10-19T07:37:19","modified_gmt":"2018-10-19T07:37:19","slug":"hirdetesek-2018-10-21","status":"publish","type":"post","link":"https:\/\/marcali.plebania.hu\/?p=377","title":{"rendered":"Hirdet\u00e9sek, 2018. 10. 21."},"content":{"rendered":"<ol>\n<li>Ma van az \u00e9vk\u00f6zi 29. vas\u00e1rnap. Az orsz\u00e1g valamennyi katolikus templom\u00e1ban gy\u0171jt\u00e9s van a misszi\u00f3k jav\u00e1ra.<\/li>\n<li>A j\u00f6v\u0151 h\u00e9ten, h\u00e9tf\u0151n 9 \u00f3rakor a pl\u00e9b\u00e1niatemplomban p\u00fcsp\u00f6ki szentmise lesz, Varga L\u00e1szl\u00f3 megy\u00e9sp\u00fcsp\u00f6k \u00faj esperesi ker\u00fclet\u00fcnk paps\u00e1g\u00e1val mutat be szentmis\u00e9t. A szentmis\u00e9re a h\u00edveket is szeretettel v\u00e1rjuk.<\/li>\n<li>Kedden, nemzeti \u00fcnnep\u00fcnk\u00f6n 17 \u00f3rakor kezd\u0151dik a pl\u00e9b\u00e1niatemplomban az \u00fcnnepi szentmise az 1956-os forradalom \u00e1ldozatainak eml\u00e9k\u00e9re. Ut\u00e1na a H\u0151s\u00f6k ter\u00e9n megeml\u00e9kez\u00e9s az 1956-os forradalomr\u00f3l.<\/li>\n<li>Cs\u00fct\u00f6rt\u00f6k\u00f6n 16.30 \u00f3rakor a b\u00e9rm\u00e1l\u00e1sra k\u00e9sz\u00fcl\u0151 gyermekek sz\u00fcleinek sz\u00fcl\u0151i \u00e9rtekezlet az X-h\u00e1z nagyterm\u00e9ben. 17 \u00f3rakor az els\u0151\u00e1ldoz\u00e1sra k\u00e9sz\u00fcl\u0151 gyermekek sz\u00fcleinek lesz sz\u00fcl\u0151i \u00e9rtekezlet.<\/li>\n<li>A h\u00e9ten minden nap a szentmis\u00e9k el\u0151tt f\u00e9l \u00f3r\u00e1val r\u00f3zsaf\u00fcz\u00e9r lesz.<\/li>\n<li>J\u00f6v\u0151 vas\u00e1rnap a 9 \u00f3r\u00e1s szentmis\u00e9ben adok h\u00e1l\u00e1t a Marcaliban elt\u00f6lt\u00f6tt 25 \u00e9v\u00e9rt. Minden testv\u00e9r\u00fcnket a szentmise ut\u00e1n v\u00e1rjuk az X-h\u00e1zba egy szer\u00e9n agap\u00e9ra.<\/li>\n<li>A j\u00f6v\u0151 vas\u00e1rnap \u00f3ra\u00e1t\u00e1ll\u00edt\u00e1s, amikor \u00f3r\u00e1inkat egy \u00f3r\u00e1val vissza\u00e1ll\u00edtjuk \u00e9s kezd\u0151ik a t\u00e9li id\u0151sz\u00e1m\u00edt\u00e1s.<\/li>\n<\/ol>\n","protected":false},"excerpt":{"rendered":"<p>Ma van az \u00e9vk\u00f6zi 29. vas\u00e1rnap. Az orsz\u00e1g valamennyi katolikus templom\u00e1ban gy\u0171jt\u00e9s van a misszi\u00f3k jav\u00e1ra. A j\u00f6v\u0151 h\u00e9ten, h\u00e9tf\u0151n 9 \u00f3rakor a pl\u00e9b\u00e1niatemplomban p\u00fcsp\u00f6ki szentmise lesz, Varga L\u00e1szl\u00f3 megy\u00e9sp\u00fcsp\u00f6k \u00faj esperesi ker\u00fclet\u00fcnk paps\u00e1g\u00e1val mutat be szentmis\u00e9t. A szentmis\u00e9re a h\u00edveket is szeretettel v\u00e1rjuk. Kedden, nemzeti \u00fcnnep\u00fcnk\u00f6n 17 \u00f3rakor kezd\u0151dik a pl\u00e9b\u00e1niatemplomban az \u00fcnnepi szentmise az 1956-os forradalom \u00e1ldozatainak eml\u00e9k\u00e9re. Ut\u00e1na a H\u0151s\u00f6k ter\u00e9n megeml\u00e9kez\u00e9s az 1956-os forradalomr\u00f3l. Cs\u00fct\u00f6rt\u00f6k\u00f6n 16.30 \u00f3rakor a b\u00e9rm\u00e1l\u00e1sra k\u00e9sz\u00fcl\u0151 gyermekek sz\u00fcleinek sz\u00fcl\u0151i \u00e9rtekezlet az X-h\u00e1z&#8230;<\/p>\n<p class=\"read-more\"><a class=\"btn btn-default\" href=\"https:\/\/marcali.plebania.hu\/?p=377\"> Read More<span class=\"screen-reader-text\">  Read More<\/span><\/a><\/p>\n","protected":false},"author":2,"featured_media":0,"comment_status":"closed","ping_status":"open","sticky":false,"template":"","format":"standard","meta":{"footnotes":""},"categories":[1],"tags":[],"class_list":["post-377","post","type-post","status-publish","format-standard","hentry","category-egyeb"],"_links":{"self":[{"href":"https:\/\/marcali.plebania.hu\/index.php?rest_route=\/wp\/v2\/posts\/377","targetHints":{"allow":["GET"]}}],"collection":[{"href":"https:\/\/marcali.plebania.hu\/index.php?rest_route=\/wp\/v2\/posts"}],"about":[{"href":"https:\/\/marcali.plebania.hu\/index.php?rest_route=\/wp\/v2\/types\/post"}],"author":[{"embeddable":true,"href":"https:\/\/marcali.plebania.hu\/index.php?rest_route=\/wp\/v2\/users\/2"}],"replies":[{"embeddable":true,"href":"https:\/\/marcali.plebania.hu\/index.php?rest_route=%2Fwp%2Fv2%2Fcomments&post=377"}],"version-history":[{"count":1,"href":"https:\/\/marcali.plebania.hu\/index.php?rest_route=\/wp\/v2\/posts\/377\/revisions"}],"predecessor-version":[{"id":378,"href":"https:\/\/marcali.plebania.hu\/index.php?rest_route=\/wp\/v2\/posts\/377\/revisions\/378"}],"wp:attachment":[{"href":"https:\/\/marcali.plebania.hu\/index.php?rest_route=%2Fwp%2Fv2%2Fmedia&parent=377"}],"wp:term":[{"taxonomy":"category","embeddable":true,"href":"https:\/\/marcali.plebania.hu\/index.php?rest_route=%2Fwp%2Fv2%2Fcategories&post=377"},{"taxonomy":"post_tag","embeddable":true,"href":"https:\/\/marcali.plebania.hu\/index.php?rest_route=%2Fwp%2Fv2%2Ftags&post=377"}],"curies":[{"name":"wp","href":"https:\/\/api.w.org\/{rel}","templated":true}]}}