{"id":3782,"date":"2022-07-08T09:54:31","date_gmt":"2022-07-08T09:54:31","guid":{"rendered":"https:\/\/marcali.plebania.hu\/?p=3782"},"modified":"2022-07-08T09:54:31","modified_gmt":"2022-07-08T09:54:31","slug":"hirdetesek-2022-07-10","status":"publish","type":"post","link":"https:\/\/marcali.plebania.hu\/?p=3782","title":{"rendered":"Hirdet\u00e9sek, 2022. 07. 10."},"content":{"rendered":"\n<ol class=\"wp-block-list\"><li>Ma\nvan az \u00e9vk\u00f6zi 15. vas\u00e1rnap.<\/li><li>H\u00e9tf\u0151n\n18 \u00f3rakor a K\u00c9SZ megh\u00edv\u00e1s\u00e1ra Kurucz \u00c1d\u00e1m Konr\u00e1d \u00fajabb j\u00f3t\u00e9konys\u00e1gi irodalmi\nestje lesz az X-h\u00e1z nagyterm\u00e9ben, melyre szeretettel h\u00edvnak \u00e9s v\u00e1rnak minden \u00e9rdekl\u0151d\u0151t\na szervez\u0151k. Az \u00f6sszegy\u0171jt\u00f6tt adom\u00e1nyokat ez\u00fattal is a k\u00e1rp\u00e1taljai beregsz\u00e1szi\nK\u00c9SZ Csoport megseg\u00edt\u00e9s\u00e9re fogj\u00e1k eljuttatni.<\/li><li>A\nj\u00f6v\u0151 h\u00e9ten, szerd\u00e1n 17 \u00f3rakor fatimai ima\u00f3r\u00e1t tartunk, majd 18 \u00f3rakor\nszentmise.<\/li><li>El\u0151re\nhirdetj\u00fck, hogy a Szent Krist\u00f3f napi j\u00e1rm\u0171szentel\u00e9st j\u00falius 24-\u00e9n a vas\u00e1rnapi 9\n\u00f3r\u00e1s szentmise ut\u00e1n tartjuk a pl\u00e9b\u00e1niatemplom el\u0151tti t\u00e9ren.<\/li><li>Az\negyh\u00e1zk\u00f6zs\u00e9g vezet\u0151s\u00e9ge \u00fagy d\u00f6nt\u00f6tt, hogy felemeli a B. Gizella templom altemplom\u00e1ban\nl\u00e9v\u0151 urnahelyek \u00e1r\u00e1t. Ism\u00e9telten k\u00e9rj\u00fck, hogy a hozz\u00e1tartoz\u00f3k, akik a\ns\u00edrhelyeket l\u00e1togatj\u00e1k, ne hagyj\u00e1k ott a hetekig rothad\u00f3 vir\u00e1gokat \u00e9s ny\u00edlt\nl\u00e1nggal ne hagyj\u00e1k ott a m\u00e9cseseket.<\/li><li>A\nK\u00c9SZ Marcali Csoportja augusztus 6-\u00e1n, szombaton zar\u00e1ndoklatot szervez P\u00e9lif\u00f6ldszentkereszt-Baj\u00f3t-Tata-Tatab\u00e1nya\nszakr\u00e1lis \u00e9rt\u00e9keinek megtekint\u00e9s\u00e9re. A zar\u00e1ndoklatra b\u00e1rki jelentkezhet, az\n\u00fatik\u00f6lts\u00e9g: 14.000- Ft\/f\u0151. A K\u00c9SZ tagoknak a buszk\u00f6lts\u00e9g 10.000- Ft.\nJelentkezni S\u00e1voly Andre\u00e1n\u00e1l \u00e9s Kiss K\u00e1lm\u00e1nn\u00e1l, vagy a pl\u00e9b\u00e1ni\u00e1n lehet.<\/li><\/ol>\n","protected":false},"excerpt":{"rendered":"<p>Ma van az \u00e9vk\u00f6zi 15. vas\u00e1rnap. H\u00e9tf\u0151n 18 \u00f3rakor a K\u00c9SZ megh\u00edv\u00e1s\u00e1ra Kurucz \u00c1d\u00e1m Konr\u00e1d \u00fajabb j\u00f3t\u00e9konys\u00e1gi irodalmi estje lesz az X-h\u00e1z nagyterm\u00e9ben, melyre szeretettel h\u00edvnak \u00e9s v\u00e1rnak minden \u00e9rdekl\u0151d\u0151t a szervez\u0151k. Az \u00f6sszegy\u0171jt\u00f6tt adom\u00e1nyokat ez\u00fattal is a k\u00e1rp\u00e1taljai beregsz\u00e1szi K\u00c9SZ Csoport megseg\u00edt\u00e9s\u00e9re fogj\u00e1k eljuttatni. A j\u00f6v\u0151 h\u00e9ten, szerd\u00e1n 17 \u00f3rakor fatimai ima\u00f3r\u00e1t tartunk, majd 18 \u00f3rakor szentmise. El\u0151re hirdetj\u00fck, hogy a Szent Krist\u00f3f napi j\u00e1rm\u0171szentel\u00e9st j\u00falius 24-\u00e9n a vas\u00e1rnapi 9 \u00f3r\u00e1s szentmise ut\u00e1n tartjuk a pl\u00e9b\u00e1niatemplom el\u0151tti t\u00e9ren. Az&#8230;<\/p>\n<p class=\"read-more\"><a class=\"btn btn-default\" href=\"https:\/\/marcali.plebania.hu\/?p=3782\"> Read More<span class=\"screen-reader-text\">  Read More<\/span><\/a><\/p>\n","protected":false},"author":2,"featured_media":0,"comment_status":"closed","ping_status":"open","sticky":false,"template":"","format":"standard","meta":{"footnotes":""},"categories":[1],"tags":[],"class_list":["post-3782","post","type-post","status-publish","format-standard","hentry","category-egyeb"],"_links":{"self":[{"href":"https:\/\/marcali.plebania.hu\/index.php?rest_route=\/wp\/v2\/posts\/3782","targetHints":{"allow":["GET"]}}],"collection":[{"href":"https:\/\/marcali.plebania.hu\/index.php?rest_route=\/wp\/v2\/posts"}],"about":[{"href":"https:\/\/marcali.plebania.hu\/index.php?rest_route=\/wp\/v2\/types\/post"}],"author":[{"embeddable":true,"href":"https:\/\/marcali.plebania.hu\/index.php?rest_route=\/wp\/v2\/users\/2"}],"replies":[{"embeddable":true,"href":"https:\/\/marcali.plebania.hu\/index.php?rest_route=%2Fwp%2Fv2%2Fcomments&post=3782"}],"version-history":[{"count":1,"href":"https:\/\/marcali.plebania.hu\/index.php?rest_route=\/wp\/v2\/posts\/3782\/revisions"}],"predecessor-version":[{"id":3783,"href":"https:\/\/marcali.plebania.hu\/index.php?rest_route=\/wp\/v2\/posts\/3782\/revisions\/3783"}],"wp:attachment":[{"href":"https:\/\/marcali.plebania.hu\/index.php?rest_route=%2Fwp%2Fv2%2Fmedia&parent=3782"}],"wp:term":[{"taxonomy":"category","embeddable":true,"href":"https:\/\/marcali.plebania.hu\/index.php?rest_route=%2Fwp%2Fv2%2Fcategories&post=3782"},{"taxonomy":"post_tag","embeddable":true,"href":"https:\/\/marcali.plebania.hu\/index.php?rest_route=%2Fwp%2Fv2%2Ftags&post=3782"}],"curies":[{"name":"wp","href":"https:\/\/api.w.org\/{rel}","templated":true}]}}