{"id":3784,"date":"2022-07-15T09:57:27","date_gmt":"2022-07-15T09:57:27","guid":{"rendered":"https:\/\/marcali.plebania.hu\/?p=3784"},"modified":"2022-07-15T09:57:27","modified_gmt":"2022-07-15T09:57:27","slug":"hirdetesek-2022-07-15","status":"publish","type":"post","link":"https:\/\/marcali.plebania.hu\/?p=3784","title":{"rendered":"Hirdet\u00e9sek, 2022. 07. 15."},"content":{"rendered":"\n<ol class=\"wp-block-list\"><li>Ma\nvan az \u00e9vk\u00f6zi 16. vas\u00e1rnap.<\/li><li>A\nj\u00f6v\u0151 h\u00e9ten, p\u00e9nteken 17.30-kor szents\u00e9gim\u00e1d\u00e1s, 18 \u00f3rakor szentmise.<\/li><li>J\u00f6v\u0151\nvas\u00e1rnap a v\u00e1ros k\u00f6z\u00f6s szentmis\u00e9je 9 \u00f3rakor lesz a pl\u00e9b\u00e1niatemplomban, mely\nut\u00e1n meg\u00e1ldjuk a j\u00e1rm\u0171veket \u00e9s a g\u00e9pj\u00e1rm\u0171veket (ker\u00e9kp\u00e1r, motor, aut\u00f3). Egyben\na j\u00f6v\u0151 vas\u00e1rnap lesz a Nagysz\u00fcl\u0151k Vil\u00e1gnapja. Szeretettel h\u00edvjuk a\nnagysz\u00fcl\u0151ket, mert a szentmis\u00e9n nagysz\u00fcl\u0151i \u00e1ld\u00e1sban r\u00e9szes\u00fclnek.<\/li><li>J\u00falius\n31-t\u0151l ny\u00e1ri miserend l\u00e9p \u00e9letbe augusztus v\u00e9g\u00e9ig, aminek l\u00e9nyege, hogy egyik\nvas\u00e1rnap a gombai, a m\u00e1sik vas\u00e1rnap a B. Gizella templomban lesznek a szentmis\u00e9k\na hirdet\u0151t\u00e1bl\u00e1n kif\u00fcggesztett rend szerint. A pl\u00e9b\u00e1niatemplomban v\u00e1ltozatlan a\nmiserend.<\/li><\/ol>\n","protected":false},"excerpt":{"rendered":"<p>Ma van az \u00e9vk\u00f6zi 16. vas\u00e1rnap. A j\u00f6v\u0151 h\u00e9ten, p\u00e9nteken 17.30-kor szents\u00e9gim\u00e1d\u00e1s, 18 \u00f3rakor szentmise. J\u00f6v\u0151 vas\u00e1rnap a v\u00e1ros k\u00f6z\u00f6s szentmis\u00e9je 9 \u00f3rakor lesz a pl\u00e9b\u00e1niatemplomban, mely ut\u00e1n meg\u00e1ldjuk a j\u00e1rm\u0171veket \u00e9s a g\u00e9pj\u00e1rm\u0171veket (ker\u00e9kp\u00e1r, motor, aut\u00f3). Egyben a j\u00f6v\u0151 vas\u00e1rnap lesz a Nagysz\u00fcl\u0151k Vil\u00e1gnapja. Szeretettel h\u00edvjuk a nagysz\u00fcl\u0151ket, mert a szentmis\u00e9n nagysz\u00fcl\u0151i \u00e1ld\u00e1sban r\u00e9szes\u00fclnek. J\u00falius 31-t\u0151l ny\u00e1ri miserend l\u00e9p \u00e9letbe augusztus v\u00e9g\u00e9ig, aminek l\u00e9nyege, hogy egyik vas\u00e1rnap a gombai, a m\u00e1sik vas\u00e1rnap a B. Gizella templomban lesznek a szentmis\u00e9k&#8230;<\/p>\n<p class=\"read-more\"><a class=\"btn btn-default\" href=\"https:\/\/marcali.plebania.hu\/?p=3784\"> Read More<span class=\"screen-reader-text\">  Read More<\/span><\/a><\/p>\n","protected":false},"author":2,"featured_media":0,"comment_status":"closed","ping_status":"open","sticky":false,"template":"","format":"standard","meta":{"footnotes":""},"categories":[1],"tags":[],"class_list":["post-3784","post","type-post","status-publish","format-standard","hentry","category-egyeb"],"_links":{"self":[{"href":"https:\/\/marcali.plebania.hu\/index.php?rest_route=\/wp\/v2\/posts\/3784","targetHints":{"allow":["GET"]}}],"collection":[{"href":"https:\/\/marcali.plebania.hu\/index.php?rest_route=\/wp\/v2\/posts"}],"about":[{"href":"https:\/\/marcali.plebania.hu\/index.php?rest_route=\/wp\/v2\/types\/post"}],"author":[{"embeddable":true,"href":"https:\/\/marcali.plebania.hu\/index.php?rest_route=\/wp\/v2\/users\/2"}],"replies":[{"embeddable":true,"href":"https:\/\/marcali.plebania.hu\/index.php?rest_route=%2Fwp%2Fv2%2Fcomments&post=3784"}],"version-history":[{"count":1,"href":"https:\/\/marcali.plebania.hu\/index.php?rest_route=\/wp\/v2\/posts\/3784\/revisions"}],"predecessor-version":[{"id":3785,"href":"https:\/\/marcali.plebania.hu\/index.php?rest_route=\/wp\/v2\/posts\/3784\/revisions\/3785"}],"wp:attachment":[{"href":"https:\/\/marcali.plebania.hu\/index.php?rest_route=%2Fwp%2Fv2%2Fmedia&parent=3784"}],"wp:term":[{"taxonomy":"category","embeddable":true,"href":"https:\/\/marcali.plebania.hu\/index.php?rest_route=%2Fwp%2Fv2%2Fcategories&post=3784"},{"taxonomy":"post_tag","embeddable":true,"href":"https:\/\/marcali.plebania.hu\/index.php?rest_route=%2Fwp%2Fv2%2Ftags&post=3784"}],"curies":[{"name":"wp","href":"https:\/\/api.w.org\/{rel}","templated":true}]}}