{"id":3790,"date":"2022-07-22T07:20:54","date_gmt":"2022-07-22T07:20:54","guid":{"rendered":"https:\/\/marcali.plebania.hu\/?p=3790"},"modified":"2022-07-22T07:20:54","modified_gmt":"2022-07-22T07:20:54","slug":"nyari-miserend-a-gombai-es-a-boldog-gizella-templomokban","status":"publish","type":"post","link":"https:\/\/marcali.plebania.hu\/?p=3790","title":{"rendered":"Ny\u00e1ri miserend a gombai \u00e9s a Boldog Gizella templomokban"},"content":{"rendered":"\n<p><strong>J\u00falius 24-\u00e9n: a v\u00e1ros k\u00f6z\u00f6s szentmis\u00e9je a j\u00e1rm\u0171vek meg\u00e1ld\u00e1s\u00e1val 9 \u00f3rakor a pl\u00e9b\u00e1niatemplomban<\/strong><\/p>\n\n\n\n<p><strong><em>J\u00falius 31-\u00e9n 11 \u00f3ra: <\/em><\/strong><em>Gomba<\/em><\/p>\n\n\n\n<p><strong>Augusztus 7-\u00e9n 18 \u00f3ra: <\/strong>B. Gizella<\/p>\n\n\n\n<p><strong><em>Augusztus 14-\u00e9n 11 \u00f3ra: <\/em><\/strong><em>Gomba<\/em><\/p>\n\n\n\n<p><strong>Augusztus 21-\u00e9n 18 \u00f3ra: <\/strong>B. Gizella<\/p>\n\n\n\n<p><strong><em>Augusztus 28-\u00e1n 11 \u00f3ra: <\/em><\/strong><em>Gomba<\/em><\/p>\n","protected":false},"excerpt":{"rendered":"<p>J\u00falius 24-\u00e9n: a v\u00e1ros k\u00f6z\u00f6s szentmis\u00e9je a j\u00e1rm\u0171vek meg\u00e1ld\u00e1s\u00e1val 9 \u00f3rakor a pl\u00e9b\u00e1niatemplomban J\u00falius 31-\u00e9n 11 \u00f3ra: Gomba Augusztus 7-\u00e9n 18 \u00f3ra: B. Gizella Augusztus 14-\u00e9n 11 \u00f3ra: Gomba Augusztus 21-\u00e9n 18 \u00f3ra: B. Gizella Augusztus 28-\u00e1n 11 \u00f3ra: Gomba<\/p>\n","protected":false},"author":2,"featured_media":0,"comment_status":"closed","ping_status":"open","sticky":false,"template":"","format":"standard","meta":{"footnotes":""},"categories":[1],"tags":[],"class_list":["post-3790","post","type-post","status-publish","format-standard","hentry","category-egyeb"],"_links":{"self":[{"href":"https:\/\/marcali.plebania.hu\/index.php?rest_route=\/wp\/v2\/posts\/3790","targetHints":{"allow":["GET"]}}],"collection":[{"href":"https:\/\/marcali.plebania.hu\/index.php?rest_route=\/wp\/v2\/posts"}],"about":[{"href":"https:\/\/marcali.plebania.hu\/index.php?rest_route=\/wp\/v2\/types\/post"}],"author":[{"embeddable":true,"href":"https:\/\/marcali.plebania.hu\/index.php?rest_route=\/wp\/v2\/users\/2"}],"replies":[{"embeddable":true,"href":"https:\/\/marcali.plebania.hu\/index.php?rest_route=%2Fwp%2Fv2%2Fcomments&post=3790"}],"version-history":[{"count":1,"href":"https:\/\/marcali.plebania.hu\/index.php?rest_route=\/wp\/v2\/posts\/3790\/revisions"}],"predecessor-version":[{"id":3791,"href":"https:\/\/marcali.plebania.hu\/index.php?rest_route=\/wp\/v2\/posts\/3790\/revisions\/3791"}],"wp:attachment":[{"href":"https:\/\/marcali.plebania.hu\/index.php?rest_route=%2Fwp%2Fv2%2Fmedia&parent=3790"}],"wp:term":[{"taxonomy":"category","embeddable":true,"href":"https:\/\/marcali.plebania.hu\/index.php?rest_route=%2Fwp%2Fv2%2Fcategories&post=3790"},{"taxonomy":"post_tag","embeddable":true,"href":"https:\/\/marcali.plebania.hu\/index.php?rest_route=%2Fwp%2Fv2%2Ftags&post=3790"}],"curies":[{"name":"wp","href":"https:\/\/api.w.org\/{rel}","templated":true}]}}