{"id":3792,"date":"2022-07-22T07:21:29","date_gmt":"2022-07-22T07:21:29","guid":{"rendered":"https:\/\/marcali.plebania.hu\/?p=3792"},"modified":"2022-07-22T07:21:29","modified_gmt":"2022-07-22T07:21:29","slug":"hirdetesek-2022-07-24","status":"publish","type":"post","link":"https:\/\/marcali.plebania.hu\/?p=3792","title":{"rendered":"Hirdet\u00e9sek, 2022. 07. 24."},"content":{"rendered":"\n<ol class=\"wp-block-list\"><li>Ma\nvan az \u00e9vk\u00f6zi 17. vas\u00e1rnap.<\/li><li>J\u00f6v\u0151\np\u00e9nteken 17.30-kor szents\u00e9gim\u00e1d\u00e1s, 18 \u00f3rakor szentmise.<\/li><li>J\u00falius\n31-t\u0151l ny\u00e1ri miserend l\u00e9p \u00e9letbe augusztus v\u00e9g\u00e9ig, aminek l\u00e9nyege, hogy egyik\nvas\u00e1rnap a gombai, a m\u00e1sik vas\u00e1rnap a B. Gizella templomban lesznek a\nszentmis\u00e9k a hirdet\u0151t\u00e1bl\u00e1n kif\u00fcggesztett rend szerint. A pl\u00e9b\u00e1niatemplomban\nv\u00e1ltozatlan a miserend.<\/li><\/ol>\n","protected":false},"excerpt":{"rendered":"<p>Ma van az \u00e9vk\u00f6zi 17. vas\u00e1rnap. J\u00f6v\u0151 p\u00e9nteken 17.30-kor szents\u00e9gim\u00e1d\u00e1s, 18 \u00f3rakor szentmise. J\u00falius 31-t\u0151l ny\u00e1ri miserend l\u00e9p \u00e9letbe augusztus v\u00e9g\u00e9ig, aminek l\u00e9nyege, hogy egyik vas\u00e1rnap a gombai, a m\u00e1sik vas\u00e1rnap a B. Gizella templomban lesznek a szentmis\u00e9k a hirdet\u0151t\u00e1bl\u00e1n kif\u00fcggesztett rend szerint. A pl\u00e9b\u00e1niatemplomban v\u00e1ltozatlan a miserend.<\/p>\n","protected":false},"author":2,"featured_media":0,"comment_status":"closed","ping_status":"open","sticky":false,"template":"","format":"standard","meta":{"footnotes":""},"categories":[1],"tags":[],"class_list":["post-3792","post","type-post","status-publish","format-standard","hentry","category-egyeb"],"_links":{"self":[{"href":"https:\/\/marcali.plebania.hu\/index.php?rest_route=\/wp\/v2\/posts\/3792","targetHints":{"allow":["GET"]}}],"collection":[{"href":"https:\/\/marcali.plebania.hu\/index.php?rest_route=\/wp\/v2\/posts"}],"about":[{"href":"https:\/\/marcali.plebania.hu\/index.php?rest_route=\/wp\/v2\/types\/post"}],"author":[{"embeddable":true,"href":"https:\/\/marcali.plebania.hu\/index.php?rest_route=\/wp\/v2\/users\/2"}],"replies":[{"embeddable":true,"href":"https:\/\/marcali.plebania.hu\/index.php?rest_route=%2Fwp%2Fv2%2Fcomments&post=3792"}],"version-history":[{"count":1,"href":"https:\/\/marcali.plebania.hu\/index.php?rest_route=\/wp\/v2\/posts\/3792\/revisions"}],"predecessor-version":[{"id":3793,"href":"https:\/\/marcali.plebania.hu\/index.php?rest_route=\/wp\/v2\/posts\/3792\/revisions\/3793"}],"wp:attachment":[{"href":"https:\/\/marcali.plebania.hu\/index.php?rest_route=%2Fwp%2Fv2%2Fmedia&parent=3792"}],"wp:term":[{"taxonomy":"category","embeddable":true,"href":"https:\/\/marcali.plebania.hu\/index.php?rest_route=%2Fwp%2Fv2%2Fcategories&post=3792"},{"taxonomy":"post_tag","embeddable":true,"href":"https:\/\/marcali.plebania.hu\/index.php?rest_route=%2Fwp%2Fv2%2Ftags&post=3792"}],"curies":[{"name":"wp","href":"https:\/\/api.w.org\/{rel}","templated":true}]}}