{"id":3794,"date":"2022-07-26T14:08:42","date_gmt":"2022-07-26T14:08:42","guid":{"rendered":"https:\/\/marcali.plebania.hu\/?p=3794"},"modified":"2022-07-26T14:08:42","modified_gmt":"2022-07-26T14:08:42","slug":"megaldottak-a-jarmuveket-marcaliban","status":"publish","type":"post","link":"https:\/\/marcali.plebania.hu\/?p=3794","title":{"rendered":"Meg\u00e1ldott\u00e1k a j\u00e1rm\u0171veket Marcaliban"},"content":{"rendered":"\n<p>2022. j\u00falius 27-\u00e9n, vas\u00e1rnap, 9 \u00f3rakor a v\u00e1ros k\u00f6z\u00f6s szentmis\u00e9j\u00e9ben Kiss Iv\u00e1n c. pr\u00e9post, pl\u00e9b\u00e1nos celebr\u00e1l\u00e1sa \u00e1ltal k\u00e9t \u00fcnnepet is tartottak. Egyr\u00e9szt a nagysz\u00fcl\u0151kre \u00e9s az id\u0151sekre, valamint Szent Krist\u00f3fra is eml\u00e9keztek, aki a 14 seg\u00edt\u0151 szent egyike \u00e9s a n\u00e9pies vall\u00e1soss\u00e1g tal\u00e1n m\u00e1ig legn\u00e9pszer\u0171bb alakja. Krist\u00f3f az utasok, v\u00e1ndorok, haj\u00f3sok v\u00e9d\u0151szentje, de a g\u00e9pj\u00e1rm\u0171vek megjelen\u00e9se \u00f3ta m\u00e1r az aut\u00f3sok \u00e9s motorosok is maguk\u00e9nak vallj\u00e1k.<\/p>\n\n\n\n<figure class=\"wp-block-gallery columns-3 is-cropped wp-block-gallery-1 is-layout-flex wp-block-gallery-is-layout-flex\"><ul class=\"blocks-gallery-grid\"><li class=\"blocks-gallery-item\"><figure><img loading=\"lazy\" decoding=\"async\" width=\"1024\" height=\"683\" src=\"https:\/\/marcali.plebania.hu\/wp-content\/uploads\/2022\/07\/02-1-1024x683.jpg\" alt=\"\" data-id=\"3795\" data-link=\"https:\/\/marcali.plebania.hu\/?attachment_id=3795\" class=\"wp-image-3795\" srcset=\"https:\/\/marcali.plebania.hu\/wp-content\/uploads\/2022\/07\/02-1-1024x683.jpg 1024w, https:\/\/marcali.plebania.hu\/wp-content\/uploads\/2022\/07\/02-1-300x200.jpg 300w, https:\/\/marcali.plebania.hu\/wp-content\/uploads\/2022\/07\/02-1-768x512.jpg 768w, https:\/\/marcali.plebania.hu\/wp-content\/uploads\/2022\/07\/02-1-1536x1024.jpg 1536w, https:\/\/marcali.plebania.hu\/wp-content\/uploads\/2022\/07\/02-1-2048x1365.jpg 2048w, https:\/\/marcali.plebania.hu\/wp-content\/uploads\/2022\/07\/02-1-405x270.jpg 405w\" sizes=\"auto, (max-width: 1024px) 100vw, 1024px\" \/><\/figure><\/li><li class=\"blocks-gallery-item\"><figure><img loading=\"lazy\" decoding=\"async\" width=\"1024\" height=\"683\" src=\"https:\/\/marcali.plebania.hu\/wp-content\/uploads\/2022\/07\/04-1-1024x683.jpg\" alt=\"\" data-id=\"3796\" data-full-url=\"https:\/\/marcali.plebania.hu\/wp-content\/uploads\/2022\/07\/04-1-scaled.jpg\" data-link=\"https:\/\/marcali.plebania.hu\/?attachment_id=3796\" class=\"wp-image-3796\" srcset=\"https:\/\/marcali.plebania.hu\/wp-content\/uploads\/2022\/07\/04-1-1024x683.jpg 1024w, https:\/\/marcali.plebania.hu\/wp-content\/uploads\/2022\/07\/04-1-300x200.jpg 300w, https:\/\/marcali.plebania.hu\/wp-content\/uploads\/2022\/07\/04-1-768x512.jpg 768w, https:\/\/marcali.plebania.hu\/wp-content\/uploads\/2022\/07\/04-1-1536x1024.jpg 1536w, https:\/\/marcali.plebania.hu\/wp-content\/uploads\/2022\/07\/04-1-2048x1365.jpg 2048w, https:\/\/marcali.plebania.hu\/wp-content\/uploads\/2022\/07\/04-1-405x270.jpg 405w\" sizes=\"auto, (max-width: 1024px) 100vw, 1024px\" \/><\/figure><\/li><li class=\"blocks-gallery-item\"><figure><img loading=\"lazy\" decoding=\"async\" width=\"1024\" height=\"683\" src=\"https:\/\/marcali.plebania.hu\/wp-content\/uploads\/2022\/07\/05-1-1024x683.jpg\" alt=\"\" data-id=\"3797\" data-full-url=\"https:\/\/marcali.plebania.hu\/wp-content\/uploads\/2022\/07\/05-1-scaled.jpg\" data-link=\"https:\/\/marcali.plebania.hu\/?attachment_id=3797\" class=\"wp-image-3797\" srcset=\"https:\/\/marcali.plebania.hu\/wp-content\/uploads\/2022\/07\/05-1-1024x683.jpg 1024w, https:\/\/marcali.plebania.hu\/wp-content\/uploads\/2022\/07\/05-1-300x200.jpg 300w, https:\/\/marcali.plebania.hu\/wp-content\/uploads\/2022\/07\/05-1-768x512.jpg 768w, https:\/\/marcali.plebania.hu\/wp-content\/uploads\/2022\/07\/05-1-1536x1024.jpg 1536w, https:\/\/marcali.plebania.hu\/wp-content\/uploads\/2022\/07\/05-1-2048x1365.jpg 2048w, https:\/\/marcali.plebania.hu\/wp-content\/uploads\/2022\/07\/05-1-405x270.jpg 405w\" sizes=\"auto, (max-width: 1024px) 100vw, 1024px\" \/><\/figure><\/li><li class=\"blocks-gallery-item\"><figure><img loading=\"lazy\" decoding=\"async\" width=\"1024\" height=\"683\" src=\"https:\/\/marcali.plebania.hu\/wp-content\/uploads\/2022\/07\/06-1-1024x683.jpg\" alt=\"\" data-id=\"3798\" data-full-url=\"https:\/\/marcali.plebania.hu\/wp-content\/uploads\/2022\/07\/06-1-scaled.jpg\" data-link=\"https:\/\/marcali.plebania.hu\/?attachment_id=3798\" class=\"wp-image-3798\" srcset=\"https:\/\/marcali.plebania.hu\/wp-content\/uploads\/2022\/07\/06-1-1024x683.jpg 1024w, https:\/\/marcali.plebania.hu\/wp-content\/uploads\/2022\/07\/06-1-300x200.jpg 300w, https:\/\/marcali.plebania.hu\/wp-content\/uploads\/2022\/07\/06-1-768x512.jpg 768w, https:\/\/marcali.plebania.hu\/wp-content\/uploads\/2022\/07\/06-1-1536x1024.jpg 1536w, https:\/\/marcali.plebania.hu\/wp-content\/uploads\/2022\/07\/06-1-2048x1365.jpg 2048w, https:\/\/marcali.plebania.hu\/wp-content\/uploads\/2022\/07\/06-1-405x270.jpg 405w\" sizes=\"auto, (max-width: 1024px) 100vw, 1024px\" \/><\/figure><\/li><\/ul><\/figure>\n\n\n\n<p>Az istentiszteleten Iv\u00e1n atya \u2013 Ferenc p\u00e1pa felh\u00edv\u00e1s\u00e1ra \u2013 a Nagysz\u00fcl\u0151k Vil\u00e1gnapj\u00e1n felolvasta a szentatya \u00fczenet\u00e9t, majd J\u00e1ki Zolt\u00e1n \u00e9s feles\u00e9ge, Zsuzsanna asszony mondt\u00e1k el a k\u00f6ny\u00f6rg\u00e9seket, v\u00e9g\u00fcl a pl\u00e9b\u00e1nos \u00e1ld\u00e1sban r\u00e9szes\u00edtette a nagysz\u00fcl\u0151ket.<\/p>\n\n\n\n<figure class=\"wp-block-gallery columns-3 is-cropped wp-block-gallery-2 is-layout-flex wp-block-gallery-is-layout-flex\"><ul class=\"blocks-gallery-grid\"><li class=\"blocks-gallery-item\"><figure><img loading=\"lazy\" decoding=\"async\" width=\"1024\" height=\"683\" src=\"https:\/\/marcali.plebania.hu\/wp-content\/uploads\/2022\/07\/07-1-1024x683.jpg\" alt=\"\" data-id=\"3799\" data-link=\"https:\/\/marcali.plebania.hu\/?attachment_id=3799\" class=\"wp-image-3799\" srcset=\"https:\/\/marcali.plebania.hu\/wp-content\/uploads\/2022\/07\/07-1-1024x683.jpg 1024w, https:\/\/marcali.plebania.hu\/wp-content\/uploads\/2022\/07\/07-1-300x200.jpg 300w, https:\/\/marcali.plebania.hu\/wp-content\/uploads\/2022\/07\/07-1-768x512.jpg 768w, https:\/\/marcali.plebania.hu\/wp-content\/uploads\/2022\/07\/07-1-1536x1024.jpg 1536w, https:\/\/marcali.plebania.hu\/wp-content\/uploads\/2022\/07\/07-1-2048x1365.jpg 2048w, https:\/\/marcali.plebania.hu\/wp-content\/uploads\/2022\/07\/07-1-405x270.jpg 405w\" sizes=\"auto, (max-width: 1024px) 100vw, 1024px\" \/><\/figure><\/li><li class=\"blocks-gallery-item\"><figure><img loading=\"lazy\" decoding=\"async\" width=\"1024\" height=\"683\" src=\"https:\/\/marcali.plebania.hu\/wp-content\/uploads\/2022\/07\/15-1024x683.jpg\" alt=\"\" data-id=\"3800\" data-link=\"https:\/\/marcali.plebania.hu\/?attachment_id=3800\" class=\"wp-image-3800\" srcset=\"https:\/\/marcali.plebania.hu\/wp-content\/uploads\/2022\/07\/15-1024x683.jpg 1024w, https:\/\/marcali.plebania.hu\/wp-content\/uploads\/2022\/07\/15-300x200.jpg 300w, https:\/\/marcali.plebania.hu\/wp-content\/uploads\/2022\/07\/15-768x512.jpg 768w, https:\/\/marcali.plebania.hu\/wp-content\/uploads\/2022\/07\/15-1536x1024.jpg 1536w, https:\/\/marcali.plebania.hu\/wp-content\/uploads\/2022\/07\/15-2048x1365.jpg 2048w, https:\/\/marcali.plebania.hu\/wp-content\/uploads\/2022\/07\/15-405x270.jpg 405w\" sizes=\"auto, (max-width: 1024px) 100vw, 1024px\" \/><\/figure><\/li><li class=\"blocks-gallery-item\"><figure><img loading=\"lazy\" decoding=\"async\" width=\"1024\" height=\"683\" src=\"https:\/\/marcali.plebania.hu\/wp-content\/uploads\/2022\/07\/23-1-1024x683.jpg\" alt=\"\" data-id=\"3801\" data-link=\"https:\/\/marcali.plebania.hu\/?attachment_id=3801\" class=\"wp-image-3801\" srcset=\"https:\/\/marcali.plebania.hu\/wp-content\/uploads\/2022\/07\/23-1-1024x683.jpg 1024w, https:\/\/marcali.plebania.hu\/wp-content\/uploads\/2022\/07\/23-1-300x200.jpg 300w, https:\/\/marcali.plebania.hu\/wp-content\/uploads\/2022\/07\/23-1-768x512.jpg 768w, https:\/\/marcali.plebania.hu\/wp-content\/uploads\/2022\/07\/23-1-1536x1024.jpg 1536w, https:\/\/marcali.plebania.hu\/wp-content\/uploads\/2022\/07\/23-1-2048x1365.jpg 2048w, https:\/\/marcali.plebania.hu\/wp-content\/uploads\/2022\/07\/23-1-405x270.jpg 405w\" sizes=\"auto, (max-width: 1024px) 100vw, 1024px\" \/><\/figure><\/li><li class=\"blocks-gallery-item\"><figure><img loading=\"lazy\" decoding=\"async\" width=\"1024\" height=\"683\" src=\"https:\/\/marcali.plebania.hu\/wp-content\/uploads\/2022\/07\/26-1024x683.jpg\" alt=\"\" data-id=\"3802\" data-full-url=\"https:\/\/marcali.plebania.hu\/wp-content\/uploads\/2022\/07\/26-scaled.jpg\" data-link=\"https:\/\/marcali.plebania.hu\/?attachment_id=3802\" class=\"wp-image-3802\" srcset=\"https:\/\/marcali.plebania.hu\/wp-content\/uploads\/2022\/07\/26-1024x683.jpg 1024w, https:\/\/marcali.plebania.hu\/wp-content\/uploads\/2022\/07\/26-300x200.jpg 300w, https:\/\/marcali.plebania.hu\/wp-content\/uploads\/2022\/07\/26-768x512.jpg 768w, https:\/\/marcali.plebania.hu\/wp-content\/uploads\/2022\/07\/26-1536x1024.jpg 1536w, https:\/\/marcali.plebania.hu\/wp-content\/uploads\/2022\/07\/26-2048x1365.jpg 2048w, https:\/\/marcali.plebania.hu\/wp-content\/uploads\/2022\/07\/26-405x270.jpg 405w\" sizes=\"auto, (max-width: 1024px) 100vw, 1024px\" \/><\/figure><\/li><\/ul><\/figure>\n\n\n\n<p>A mise ut\u00e1n a pl\u00e9b\u00e1niatemplom k\u00f6rny\u00e9ki aut\u00f3parkol\u00f3ban, a zs\u00fafol\u00e1sig \u00f6sszegy\u0171lt j\u00e1rm\u0171veket \u00e9s vezet\u0151iket is egyes\u00e9vel meg\u00e1ldotta. Az idei \u00e9vben, a sok aut\u00f3 mellett, ker\u00e9kp\u00e1rokat is sz\u00e9p sz\u00e1mmal hoztak az id\u0151sek \u00e9s a fiatalok is, hogy a balesetmentes k\u00f6zleked\u00e9s \u00e9rdek\u00e9ben Szent Krist\u00f3f oltalm\u00e1t k\u00e9rj\u00e9k. Iv\u00e1n atya a kinti szertart\u00e1s el\u0151tt, a pl\u00e9b\u00e1niatemplomban jelk\u00e9pesen k\u00fcl\u00f6n meg\u00e1ldott egy ker\u00e9kp\u00e1rt is, hogy az otthonl\u00e9v\u0151k figyelm\u00e9t is felh\u00edvja \u2013 a Tavi Telev\u00edzi\u00f3n kereszt\u00fcl \u2013 az \u00fcnnep fontoss\u00e1g\u00e1ra. A szentmis\u00e9n a h\u00edvek egy\u00fctt im\u00e1dkoztak az \u00faton l\u00e9v\u0151k\u00e9rt, a g\u00e9pj\u00e1rm\u0171vek vezet\u0151i\u00e9rt, a k\u00f6zleked\u00e9si mor\u00e1l javul\u00e1s\u00e1\u00e9rt \u00e9s a szerencs\u00e9s meg\u00e9rkez\u00e9s\u00e9rt is.<\/p>\n\n\n\n<figure class=\"wp-block-gallery columns-3 is-cropped wp-block-gallery-3 is-layout-flex wp-block-gallery-is-layout-flex\"><ul class=\"blocks-gallery-grid\"><li class=\"blocks-gallery-item\"><figure><img loading=\"lazy\" decoding=\"async\" width=\"1024\" height=\"683\" src=\"https:\/\/marcali.plebania.hu\/wp-content\/uploads\/2022\/07\/30-1024x683.jpg\" alt=\"\" data-id=\"3804\" data-link=\"https:\/\/marcali.plebania.hu\/?attachment_id=3804\" class=\"wp-image-3804\" srcset=\"https:\/\/marcali.plebania.hu\/wp-content\/uploads\/2022\/07\/30-1024x683.jpg 1024w, https:\/\/marcali.plebania.hu\/wp-content\/uploads\/2022\/07\/30-300x200.jpg 300w, https:\/\/marcali.plebania.hu\/wp-content\/uploads\/2022\/07\/30-768x512.jpg 768w, https:\/\/marcali.plebania.hu\/wp-content\/uploads\/2022\/07\/30-1536x1024.jpg 1536w, https:\/\/marcali.plebania.hu\/wp-content\/uploads\/2022\/07\/30-2048x1365.jpg 2048w, https:\/\/marcali.plebania.hu\/wp-content\/uploads\/2022\/07\/30-405x270.jpg 405w\" sizes=\"auto, (max-width: 1024px) 100vw, 1024px\" \/><\/figure><\/li><li class=\"blocks-gallery-item\"><figure><img loading=\"lazy\" decoding=\"async\" width=\"1024\" height=\"683\" src=\"https:\/\/marcali.plebania.hu\/wp-content\/uploads\/2022\/07\/35-1-1024x683.jpg\" alt=\"\" data-id=\"3805\" data-link=\"https:\/\/marcali.plebania.hu\/?attachment_id=3805\" class=\"wp-image-3805\" srcset=\"https:\/\/marcali.plebania.hu\/wp-content\/uploads\/2022\/07\/35-1-1024x683.jpg 1024w, https:\/\/marcali.plebania.hu\/wp-content\/uploads\/2022\/07\/35-1-300x200.jpg 300w, https:\/\/marcali.plebania.hu\/wp-content\/uploads\/2022\/07\/35-1-768x512.jpg 768w, https:\/\/marcali.plebania.hu\/wp-content\/uploads\/2022\/07\/35-1-1536x1024.jpg 1536w, https:\/\/marcali.plebania.hu\/wp-content\/uploads\/2022\/07\/35-1-2048x1365.jpg 2048w, https:\/\/marcali.plebania.hu\/wp-content\/uploads\/2022\/07\/35-1-405x270.jpg 405w\" sizes=\"auto, (max-width: 1024px) 100vw, 1024px\" \/><\/figure><\/li><li class=\"blocks-gallery-item\"><figure><img loading=\"lazy\" decoding=\"async\" width=\"1024\" height=\"683\" src=\"https:\/\/marcali.plebania.hu\/wp-content\/uploads\/2022\/07\/38-1024x683.jpg\" alt=\"\" data-id=\"3806\" data-link=\"https:\/\/marcali.plebania.hu\/?attachment_id=3806\" class=\"wp-image-3806\" srcset=\"https:\/\/marcali.plebania.hu\/wp-content\/uploads\/2022\/07\/38-1024x683.jpg 1024w, https:\/\/marcali.plebania.hu\/wp-content\/uploads\/2022\/07\/38-300x200.jpg 300w, https:\/\/marcali.plebania.hu\/wp-content\/uploads\/2022\/07\/38-768x512.jpg 768w, https:\/\/marcali.plebania.hu\/wp-content\/uploads\/2022\/07\/38-1536x1024.jpg 1536w, https:\/\/marcali.plebania.hu\/wp-content\/uploads\/2022\/07\/38-2048x1365.jpg 2048w, https:\/\/marcali.plebania.hu\/wp-content\/uploads\/2022\/07\/38-405x270.jpg 405w\" sizes=\"auto, (max-width: 1024px) 100vw, 1024px\" \/><\/figure><\/li><li class=\"blocks-gallery-item\"><figure><img loading=\"lazy\" decoding=\"async\" width=\"1024\" height=\"683\" src=\"https:\/\/marcali.plebania.hu\/wp-content\/uploads\/2022\/07\/39-1024x683.jpg\" alt=\"\" data-id=\"3807\" data-full-url=\"https:\/\/marcali.plebania.hu\/wp-content\/uploads\/2022\/07\/39-scaled.jpg\" data-link=\"https:\/\/marcali.plebania.hu\/?attachment_id=3807\" class=\"wp-image-3807\" srcset=\"https:\/\/marcali.plebania.hu\/wp-content\/uploads\/2022\/07\/39-1024x683.jpg 1024w, https:\/\/marcali.plebania.hu\/wp-content\/uploads\/2022\/07\/39-300x200.jpg 300w, https:\/\/marcali.plebania.hu\/wp-content\/uploads\/2022\/07\/39-768x512.jpg 768w, https:\/\/marcali.plebania.hu\/wp-content\/uploads\/2022\/07\/39-1536x1024.jpg 1536w, https:\/\/marcali.plebania.hu\/wp-content\/uploads\/2022\/07\/39-2048x1365.jpg 2048w, https:\/\/marcali.plebania.hu\/wp-content\/uploads\/2022\/07\/39-405x270.jpg 405w\" sizes=\"auto, (max-width: 1024px) 100vw, 1024px\" \/><\/figure><\/li><\/ul><\/figure>\n","protected":false},"excerpt":{"rendered":"<p>2022. j\u00falius 27-\u00e9n, vas\u00e1rnap, 9 \u00f3rakor a v\u00e1ros k\u00f6z\u00f6s szentmis\u00e9j\u00e9ben Kiss Iv\u00e1n c. pr\u00e9post, pl\u00e9b\u00e1nos celebr\u00e1l\u00e1sa \u00e1ltal k\u00e9t \u00fcnnepet is tartottak. Egyr\u00e9szt a nagysz\u00fcl\u0151kre \u00e9s az id\u0151sekre, valamint Szent Krist\u00f3fra is eml\u00e9keztek, aki a 14 seg\u00edt\u0151 szent egyike \u00e9s a n\u00e9pies vall\u00e1soss\u00e1g tal\u00e1n m\u00e1ig legn\u00e9pszer\u0171bb alakja. Krist\u00f3f az utasok, v\u00e1ndorok, haj\u00f3sok v\u00e9d\u0151szentje, de a g\u00e9pj\u00e1rm\u0171vek megjelen\u00e9se \u00f3ta m\u00e1r az aut\u00f3sok \u00e9s motorosok is maguk\u00e9nak vallj\u00e1k. Az istentiszteleten Iv\u00e1n atya \u2013 Ferenc p\u00e1pa felh\u00edv\u00e1s\u00e1ra \u2013 a Nagysz\u00fcl\u0151k Vil\u00e1gnapj\u00e1n felolvasta a szentatya&#8230;<\/p>\n<p class=\"read-more\"><a class=\"btn btn-default\" href=\"https:\/\/marcali.plebania.hu\/?p=3794\"> Read More<span class=\"screen-reader-text\">  Read More<\/span><\/a><\/p>\n","protected":false},"author":2,"featured_media":0,"comment_status":"closed","ping_status":"open","sticky":false,"template":"","format":"standard","meta":{"footnotes":""},"categories":[1],"tags":[],"class_list":["post-3794","post","type-post","status-publish","format-standard","hentry","category-egyeb"],"_links":{"self":[{"href":"https:\/\/marcali.plebania.hu\/index.php?rest_route=\/wp\/v2\/posts\/3794","targetHints":{"allow":["GET"]}}],"collection":[{"href":"https:\/\/marcali.plebania.hu\/index.php?rest_route=\/wp\/v2\/posts"}],"about":[{"href":"https:\/\/marcali.plebania.hu\/index.php?rest_route=\/wp\/v2\/types\/post"}],"author":[{"embeddable":true,"href":"https:\/\/marcali.plebania.hu\/index.php?rest_route=\/wp\/v2\/users\/2"}],"replies":[{"embeddable":true,"href":"https:\/\/marcali.plebania.hu\/index.php?rest_route=%2Fwp%2Fv2%2Fcomments&post=3794"}],"version-history":[{"count":1,"href":"https:\/\/marcali.plebania.hu\/index.php?rest_route=\/wp\/v2\/posts\/3794\/revisions"}],"predecessor-version":[{"id":3808,"href":"https:\/\/marcali.plebania.hu\/index.php?rest_route=\/wp\/v2\/posts\/3794\/revisions\/3808"}],"wp:attachment":[{"href":"https:\/\/marcali.plebania.hu\/index.php?rest_route=%2Fwp%2Fv2%2Fmedia&parent=3794"}],"wp:term":[{"taxonomy":"category","embeddable":true,"href":"https:\/\/marcali.plebania.hu\/index.php?rest_route=%2Fwp%2Fv2%2Fcategories&post=3794"},{"taxonomy":"post_tag","embeddable":true,"href":"https:\/\/marcali.plebania.hu\/index.php?rest_route=%2Fwp%2Fv2%2Ftags&post=3794"}],"curies":[{"name":"wp","href":"https:\/\/api.w.org\/{rel}","templated":true}]}}