{"id":380,"date":"2018-10-24T09:57:43","date_gmt":"2018-10-24T09:57:43","guid":{"rendered":"https:\/\/marcali.plebania.hu\/?p=380"},"modified":"2018-10-24T09:57:43","modified_gmt":"2018-10-24T09:57:43","slug":"a-kesz-marcali-csoportja-szekesfehervar-szakralis-ertekeinek-megtekintesere-szervezett-zarandoklatot","status":"publish","type":"post","link":"https:\/\/marcali.plebania.hu\/?p=380","title":{"rendered":"A K\u00c9SZ Marcali Csoportja Sz\u00e9kesfeh\u00e9rv\u00e1r szakr\u00e1lis \u00e9rt\u00e9keinek megtekint\u00e9s\u00e9re szervezett zar\u00e1ndoklatot"},"content":{"rendered":"<p>2018. okt\u00f3ber 20-\u00e1n a Kereszt\u00e9ny \u00c9rtelmis\u00e9giek Sz\u00f6vets\u00e9ge (K\u00c9SZ) Marcali Csoportja szervez\u00e9s\u00e9ben 39 f\u0151s k\u00fcld\u00f6tts\u00e9g j\u00e1rt Sz\u00e9kesfeh\u00e9rv\u00e1ron, ahol az egyh\u00e1zk\u00f6zs\u00e9g tagjai k\u00f6z\u00fcl t\u00f6bben is k\u00e9pviseltett\u00e9k magukat. A zar\u00e1ndoklatot Kiss Iv\u00e1n c. pr\u00e9post, esperes-pl\u00e9b\u00e1nos vezette, aki bemutatta az egykori sz\u00e9kesf\u0151v\u00e1ros szakr\u00e1lis \u00e9rt\u00e9keit. A Nepomuki Szent J\u00e1nos (kor\u00e1bban jezsuita, majd p\u00e1los, jelenleg) cisztercita templomban celebr\u00e1lt szentmis\u00e9n a mindennapokban meg\u00e9lhet\u0151 misszi\u00f3s tev\u00e9kenys\u00e9gr\u0151l besz\u00e9lt. (Az Egyh\u00e1z 1926 \u00f3ta minden \u00e9v okt\u00f3ber harmadik <em>vas\u00e1rnapj\u00e1n t<\/em>artja a vil\u00e1gmisszi\u00f3 napj\u00e1t. Okt\u00f3ber 21-\u00e9n pedig a magyar katolikus templomokban pedig a misszi\u00f3k\u00e9rt \u00e9s a hithirdet\u0151k\u00e9rt im\u00e1dkoznak, valamint gy\u0171jt\u00e9st rendeznek, \u00e9s az evangeliz\u00e1ci\u00f3 jav\u00e1ra ford\u00edtj\u00e1k az adom\u00e1nyokat.)<\/p>\n<p><img loading=\"lazy\" decoding=\"async\" class=\"aligncenter wp-image-382 size-large\" src=\"https:\/\/marcali.plebania.hu\/wp-content\/uploads\/2018\/10\/08-1024x683.jpg\" alt=\"\" width=\"640\" height=\"427\" srcset=\"https:\/\/marcali.plebania.hu\/wp-content\/uploads\/2018\/10\/08-1024x683.jpg 1024w, https:\/\/marcali.plebania.hu\/wp-content\/uploads\/2018\/10\/08-300x200.jpg 300w, https:\/\/marcali.plebania.hu\/wp-content\/uploads\/2018\/10\/08-768x512.jpg 768w, https:\/\/marcali.plebania.hu\/wp-content\/uploads\/2018\/10\/08-405x270.jpg 405w\" sizes=\"auto, (max-width: 640px) 100vw, 640px\" \/><\/p>\n<p>A gy\u00f6ny\u00f6r\u0171 barokk templom bemutat\u00e1s\u00e1t m\u00e1r egy\u00fctt hallgattuk meg egy Gy\u0151rb\u0151l \u00e9rkezett zar\u00e1ndokcsoporttal. Mindenkit leny\u0171g\u00f6z\u00f6tt a sekresty\u00e9ben, a p\u00e1los szerzetesek 1767-b\u0151l sz\u00e1rmaz\u00f3 hagyat\u00e9ka, a csod\u00e1latos rokok\u00f3, faragott t\u00f6lgyfa b\u00fatorok l\u00e1tv\u00e1nya, mely a r\u00e9gi mesteremberek szakmai munk\u00e1j\u00e1t, m\u0171velts\u00e9g\u00e9t dics\u00e9ri.<\/p>\n<p><img loading=\"lazy\" decoding=\"async\" class=\"aligncenter wp-image-381 size-large\" src=\"https:\/\/marcali.plebania.hu\/wp-content\/uploads\/2018\/10\/13-1024x683.jpg\" alt=\"\" width=\"640\" height=\"427\" srcset=\"https:\/\/marcali.plebania.hu\/wp-content\/uploads\/2018\/10\/13-1024x683.jpg 1024w, https:\/\/marcali.plebania.hu\/wp-content\/uploads\/2018\/10\/13-300x200.jpg 300w, https:\/\/marcali.plebania.hu\/wp-content\/uploads\/2018\/10\/13-768x512.jpg 768w, https:\/\/marcali.plebania.hu\/wp-content\/uploads\/2018\/10\/13-405x270.jpg 405w\" sizes=\"auto, (max-width: 640px) 100vw, 640px\" \/><\/p>\n<p>Ezut\u00e1n a Sz\u00e9kesfeh\u00e9rv\u00e1ri Egyh\u00e1zmegyei M\u00fazeum \u00e1lland\u00f3 ki\u00e1ll\u00edt\u00e1sait tekintett\u00fck meg, melyet az ut\u00f3bbi \u00e9vekben szervezt\u00e9k \u00fajj\u00e1. Megn\u00e9zhett\u00fck a korabeli dokumentumok \u00e9s felnagy\u00edtott fotogr\u00e1fi\u00e1k alapj\u00e1n Proh\u00e1szka Ottok\u00e1r 1905-1927-ig tart\u00f3, az emberek szolg\u00e1lat\u00e1nak szentelt \u00e9let\u00e9t, \u00e9s sz\u00e9lesk\u00f6r\u0171 egyh\u00e1zi, tudom\u00e1nyos, valamint szoci\u00e1lis munk\u00e1ss\u00e1g\u00e1t. Megcsod\u00e1ltuk a sz\u00e9kesegyh\u00e1zban \u00e9s a p\u00fcsp\u00f6ki palot\u00e1ban megmaradt pomp\u00e1s \u00f6tv\u00f6st\u00e1rgyakat, liturgikus textildarabokat, valamint vall\u00e1si t\u00e9m\u00e1j\u00fa festm\u00e9nyeket \u00e9s szobrokat, k\u00f6z\u00f6tt\u00fck \u00e9rt\u00e9kes n\u00e9pi vall\u00e1si eml\u00e9keket is. De alaposan el\u00e1multunk a Szent Istv\u00e1n- \u00e9s Szent Gell\u00e9rt-erekly\u00e9t bemutat\u00f3 teremben is. A ki\u00e1ll\u00edt\u00e1s megjelen\u00edt\u00e9se pazar, modern, a vizualit\u00e1st gyakran t\u00e1masztj\u00e1k al\u00e1 k\u00fcl\u00f6nleges hang\u00e9lm\u00e9nyek. A szak\u00e9rt\u0151, figyelmes t\u00e1rlatvezet\u00e9s ezut\u00e1n tov\u00e1bb folytat\u00f3dott a 1700-as \u00e9vek v\u00e9g\u00e9n \u00e9p\u00fclt p\u00fcsp\u00f6ki palot\u00e1ban, melynek alapj\u00e1ul a k\u00f6z\u00e9pkori Nagyboldogasszony-bazilika romjai szolg\u00e1ltak. Az \u00e9p\u00fclet haz\u00e1nk legjelent\u0151sebb copf-st\u00edlus\u00fa \u00e9p\u00fcleteinek egyike. Majd els\u00e9t\u00e1ltunk a nemzeti eml\u00e9khelyre, a Romkerthez, ahol a k\u00f6z\u00e9pkori Magyarorsz\u00e1g koron\u00e1z\u00f3 templom\u00e1nak maradv\u00e1nyai l\u00e1that\u00f3k.<\/p>\n<p><img loading=\"lazy\" decoding=\"async\" class=\"aligncenter wp-image-383 size-large\" src=\"https:\/\/marcali.plebania.hu\/wp-content\/uploads\/2018\/10\/25-1024x683.jpg\" alt=\"\" width=\"640\" height=\"427\" srcset=\"https:\/\/marcali.plebania.hu\/wp-content\/uploads\/2018\/10\/25-1024x683.jpg 1024w, https:\/\/marcali.plebania.hu\/wp-content\/uploads\/2018\/10\/25-300x200.jpg 300w, https:\/\/marcali.plebania.hu\/wp-content\/uploads\/2018\/10\/25-768x512.jpg 768w, https:\/\/marcali.plebania.hu\/wp-content\/uploads\/2018\/10\/25-405x270.jpg 405w\" sizes=\"auto, (max-width: 640px) 100vw, 640px\" \/><\/p>\n<p>Az Eur\u00f3pa-szerte sz\u00e9kesfeh\u00e9rv\u00e1ri &#8222;T\u00e1dzs Mahal&#8221;-k\u00e9nt ismert \u00e9p\u00fcletegy\u00fcttes nemcsak a Bory csal\u00e1d otthona volt, hanem \u00f3ri\u00e1si m\u0171terem is, ahol Bory Jen\u0151 (1879\u20131959) sz\u00e9kesfeh\u00e9rv\u00e1ri \u00e9p\u00edt\u00e9szm\u00e9rn\u00f6k \u00e9s szobr\u00e1szm\u0171v\u00e9sz, valamint feles\u00e9ge \u00e9lt \u00e9s alkotott. A v\u00e1rat 1923-ban kezdte el \u00e9p\u00edteni \u00e9s \u00e9lete v\u00e9g\u00e9ig folytatta. A Guinness Rekordok K\u00f6nyve is jegyzi, mint a vil\u00e1g legnagyobb olyan \u00e9p\u00fclet\u00e9t, melyet tulajdonk\u00e9ppen egyetlen ember alkotott.<\/p>\n<p><img loading=\"lazy\" decoding=\"async\" class=\"aligncenter wp-image-384 size-large\" src=\"https:\/\/marcali.plebania.hu\/wp-content\/uploads\/2018\/10\/52-1024x683.jpg\" alt=\"\" width=\"640\" height=\"427\" srcset=\"https:\/\/marcali.plebania.hu\/wp-content\/uploads\/2018\/10\/52-1024x683.jpg 1024w, https:\/\/marcali.plebania.hu\/wp-content\/uploads\/2018\/10\/52-300x200.jpg 300w, https:\/\/marcali.plebania.hu\/wp-content\/uploads\/2018\/10\/52-768x512.jpg 768w, https:\/\/marcali.plebania.hu\/wp-content\/uploads\/2018\/10\/52-405x270.jpg 405w\" sizes=\"auto, (max-width: 640px) 100vw, 640px\" \/><\/p>\n<p>Programunkat a <em>Proh\u00e1szka<\/em> Ottok\u00e1r <em>eml\u00e9ktemplom <\/em>megtekint\u00e9se, a \u201eVas\u00fatvid\u00e9ki J\u00f3 P\u00e1sztor pl\u00e9b\u00e1niatemplom\u201d t\u00f6rt\u00e9net\u00e9nek sz\u00ednvonalas bemutat\u00e1sa, valamint a fiatalon elhunyt Kaszap Istv\u00e1n (1916-1935) s\u00edrj\u00e1n\u00e1l elmondott im\u00e1ds\u00e1g z\u00e1rta. A zar\u00e1ndoklat egy tartalmas, sz\u00e9p nap volt, Istennek legyen h\u00e1la!<\/p>\n<p><img loading=\"lazy\" decoding=\"async\" class=\"aligncenter wp-image-385 size-large\" src=\"https:\/\/marcali.plebania.hu\/wp-content\/uploads\/2018\/10\/70-1024x683.jpg\" alt=\"\" width=\"640\" height=\"427\" srcset=\"https:\/\/marcali.plebania.hu\/wp-content\/uploads\/2018\/10\/70-1024x683.jpg 1024w, https:\/\/marcali.plebania.hu\/wp-content\/uploads\/2018\/10\/70-300x200.jpg 300w, https:\/\/marcali.plebania.hu\/wp-content\/uploads\/2018\/10\/70-768x512.jpg 768w, https:\/\/marcali.plebania.hu\/wp-content\/uploads\/2018\/10\/70-405x270.jpg 405w\" sizes=\"auto, (max-width: 640px) 100vw, 640px\" \/><\/p>\n<p>&nbsp;<\/p>\n<p>&nbsp;<\/p>\n","protected":false},"excerpt":{"rendered":"<p>2018. okt\u00f3ber 20-\u00e1n a Kereszt\u00e9ny \u00c9rtelmis\u00e9giek Sz\u00f6vets\u00e9ge (K\u00c9SZ) Marcali Csoportja szervez\u00e9s\u00e9ben 39 f\u0151s k\u00fcld\u00f6tts\u00e9g j\u00e1rt Sz\u00e9kesfeh\u00e9rv\u00e1ron, ahol az egyh\u00e1zk\u00f6zs\u00e9g tagjai k\u00f6z\u00fcl t\u00f6bben is k\u00e9pviseltett\u00e9k magukat. A zar\u00e1ndoklatot Kiss Iv\u00e1n c. pr\u00e9post, esperes-pl\u00e9b\u00e1nos vezette, aki bemutatta az egykori sz\u00e9kesf\u0151v\u00e1ros szakr\u00e1lis \u00e9rt\u00e9keit. A Nepomuki Szent J\u00e1nos (kor\u00e1bban jezsuita, majd p\u00e1los, jelenleg) cisztercita templomban celebr\u00e1lt szentmis\u00e9n a mindennapokban meg\u00e9lhet\u0151 misszi\u00f3s tev\u00e9kenys\u00e9gr\u0151l besz\u00e9lt. (Az Egyh\u00e1z 1926 \u00f3ta minden \u00e9v okt\u00f3ber harmadik vas\u00e1rnapj\u00e1n tartja a vil\u00e1gmisszi\u00f3 napj\u00e1t. Okt\u00f3ber 21-\u00e9n pedig a magyar katolikus templomokban pedig&#8230;<\/p>\n<p class=\"read-more\"><a class=\"btn btn-default\" href=\"https:\/\/marcali.plebania.hu\/?p=380\"> Read More<span class=\"screen-reader-text\">  Read More<\/span><\/a><\/p>\n","protected":false},"author":2,"featured_media":0,"comment_status":"closed","ping_status":"open","sticky":false,"template":"","format":"standard","meta":{"footnotes":""},"categories":[1],"tags":[],"class_list":["post-380","post","type-post","status-publish","format-standard","hentry","category-egyeb"],"_links":{"self":[{"href":"https:\/\/marcali.plebania.hu\/index.php?rest_route=\/wp\/v2\/posts\/380","targetHints":{"allow":["GET"]}}],"collection":[{"href":"https:\/\/marcali.plebania.hu\/index.php?rest_route=\/wp\/v2\/posts"}],"about":[{"href":"https:\/\/marcali.plebania.hu\/index.php?rest_route=\/wp\/v2\/types\/post"}],"author":[{"embeddable":true,"href":"https:\/\/marcali.plebania.hu\/index.php?rest_route=\/wp\/v2\/users\/2"}],"replies":[{"embeddable":true,"href":"https:\/\/marcali.plebania.hu\/index.php?rest_route=%2Fwp%2Fv2%2Fcomments&post=380"}],"version-history":[{"count":1,"href":"https:\/\/marcali.plebania.hu\/index.php?rest_route=\/wp\/v2\/posts\/380\/revisions"}],"predecessor-version":[{"id":386,"href":"https:\/\/marcali.plebania.hu\/index.php?rest_route=\/wp\/v2\/posts\/380\/revisions\/386"}],"wp:attachment":[{"href":"https:\/\/marcali.plebania.hu\/index.php?rest_route=%2Fwp%2Fv2%2Fmedia&parent=380"}],"wp:term":[{"taxonomy":"category","embeddable":true,"href":"https:\/\/marcali.plebania.hu\/index.php?rest_route=%2Fwp%2Fv2%2Fcategories&post=380"},{"taxonomy":"post_tag","embeddable":true,"href":"https:\/\/marcali.plebania.hu\/index.php?rest_route=%2Fwp%2Fv2%2Ftags&post=380"}],"curies":[{"name":"wp","href":"https:\/\/api.w.org\/{rel}","templated":true}]}}