{"id":3810,"date":"2022-07-29T09:08:52","date_gmt":"2022-07-29T09:08:52","guid":{"rendered":"https:\/\/marcali.plebania.hu\/?p=3810"},"modified":"2022-07-29T09:08:52","modified_gmt":"2022-07-29T09:08:52","slug":"hirdetesek-2022-07-31","status":"publish","type":"post","link":"https:\/\/marcali.plebania.hu\/?p=3810","title":{"rendered":"Hirdet\u00e9sek, 2022. 07. 31."},"content":{"rendered":"\n<ol class=\"wp-block-list\"><li>Ma\nvan az \u00e9vk\u00f6zi 18. vas\u00e1rnap. Ma m\u00e9g a gombai templomban 11 \u00f3rakor igeliturgia.<\/li><li>P\u00e9nteken,\nels\u0151 p\u00e9ntek, 17.30-t\u00f3l szents\u00e9gim\u00e1d\u00e1s, 18 \u00f3rakor szentmise. A szents\u00e9gim\u00e1d\u00e1s\nalatt gy\u00f3n\u00e1si lehet\u0151s\u00e9g.<\/li><li>Szombaton\nUrunk sz\u00ednev\u00e1ltoz\u00e1s\u00e1nak \u00fcnnepe, 17 \u00f3rakor els\u0151 szombati ima\u00f3ra, 18 \u00f3rakor\nszentmise.<\/li><li>Az\naugusztus 6-ra tervezett K\u00c9SZ zar\u00e1ndoklat a jelentkez\u0151k l\u00e9tsz\u00e1mhi\u00e1nya miatt\nelmarad. Helyette szeptember k\u00f6zep\u00e9n egy olcs\u00f3bb zar\u00e1ndoklat lesz, amely m\u00e9g szervez\u00e9s\nalatt \u00e1ll.<\/li><\/ol>\n","protected":false},"excerpt":{"rendered":"<p>Ma van az \u00e9vk\u00f6zi 18. vas\u00e1rnap. Ma m\u00e9g a gombai templomban 11 \u00f3rakor igeliturgia. P\u00e9nteken, els\u0151 p\u00e9ntek, 17.30-t\u00f3l szents\u00e9gim\u00e1d\u00e1s, 18 \u00f3rakor szentmise. A szents\u00e9gim\u00e1d\u00e1s alatt gy\u00f3n\u00e1si lehet\u0151s\u00e9g. Szombaton Urunk sz\u00ednev\u00e1ltoz\u00e1s\u00e1nak \u00fcnnepe, 17 \u00f3rakor els\u0151 szombati ima\u00f3ra, 18 \u00f3rakor szentmise. Az augusztus 6-ra tervezett K\u00c9SZ zar\u00e1ndoklat a jelentkez\u0151k l\u00e9tsz\u00e1mhi\u00e1nya miatt elmarad. Helyette szeptember k\u00f6zep\u00e9n egy olcs\u00f3bb zar\u00e1ndoklat lesz, amely m\u00e9g szervez\u00e9s alatt \u00e1ll.<\/p>\n","protected":false},"author":2,"featured_media":0,"comment_status":"closed","ping_status":"open","sticky":false,"template":"","format":"standard","meta":{"footnotes":""},"categories":[1],"tags":[],"class_list":["post-3810","post","type-post","status-publish","format-standard","hentry","category-egyeb"],"_links":{"self":[{"href":"https:\/\/marcali.plebania.hu\/index.php?rest_route=\/wp\/v2\/posts\/3810","targetHints":{"allow":["GET"]}}],"collection":[{"href":"https:\/\/marcali.plebania.hu\/index.php?rest_route=\/wp\/v2\/posts"}],"about":[{"href":"https:\/\/marcali.plebania.hu\/index.php?rest_route=\/wp\/v2\/types\/post"}],"author":[{"embeddable":true,"href":"https:\/\/marcali.plebania.hu\/index.php?rest_route=\/wp\/v2\/users\/2"}],"replies":[{"embeddable":true,"href":"https:\/\/marcali.plebania.hu\/index.php?rest_route=%2Fwp%2Fv2%2Fcomments&post=3810"}],"version-history":[{"count":1,"href":"https:\/\/marcali.plebania.hu\/index.php?rest_route=\/wp\/v2\/posts\/3810\/revisions"}],"predecessor-version":[{"id":3811,"href":"https:\/\/marcali.plebania.hu\/index.php?rest_route=\/wp\/v2\/posts\/3810\/revisions\/3811"}],"wp:attachment":[{"href":"https:\/\/marcali.plebania.hu\/index.php?rest_route=%2Fwp%2Fv2%2Fmedia&parent=3810"}],"wp:term":[{"taxonomy":"category","embeddable":true,"href":"https:\/\/marcali.plebania.hu\/index.php?rest_route=%2Fwp%2Fv2%2Fcategories&post=3810"},{"taxonomy":"post_tag","embeddable":true,"href":"https:\/\/marcali.plebania.hu\/index.php?rest_route=%2Fwp%2Fv2%2Ftags&post=3810"}],"curies":[{"name":"wp","href":"https:\/\/api.w.org\/{rel}","templated":true}]}}