{"id":3812,"date":"2022-08-05T09:21:56","date_gmt":"2022-08-05T09:21:56","guid":{"rendered":"https:\/\/marcali.plebania.hu\/?p=3812"},"modified":"2022-08-05T09:21:56","modified_gmt":"2022-08-05T09:21:56","slug":"hirdetesek-2022-08-07","status":"publish","type":"post","link":"https:\/\/marcali.plebania.hu\/?p=3812","title":{"rendered":"Hirdet\u00e9sek, 2022. 08. 07."},"content":{"rendered":"\n<ol class=\"wp-block-list\"><li>Ma\nvan az \u00e9vk\u00f6zi 19. vas\u00e1rnap.<\/li><li>A\nj\u00f6v\u0151 h\u00e9ten, p\u00e9nteken 17.30-kor szents\u00e9gim\u00e1d\u00e1s, 18 \u00f3rakor szentmise.<\/li><li>Szombaton\n17 \u00f3rakor a pl\u00e9b\u00e1niatemplomban fatimai ima\u00f3ra, 18 \u00f3rakor szentmise.<\/li><li>El\u0151re\nhirdetem, hogy augusztus 15-\u00e9n, Nagyboldogasszony \u00fcnnep\u00e9n (j\u00f6v\u0151 h\u00e9tf\u0151n) este 18\n\u00f3rakor a pl\u00e9b\u00e1niatemplomban lesz \u00fcnnepi szentmise. Nagyboldogasszony \u00fcnnepe parancsolt\n\u00fcnnep!<\/li><li>Augusztus\n20-\u00e1n, Szent Istv\u00e1n \u00fcnnep\u00e9n 9 \u00f3rakor a pl\u00e9b\u00e1niatemplomban \u00fcnnep\u00e9lyes szentmise,\na szentmise v\u00e9g\u00e9n az \u00faj keny\u00e9r meg\u00e1ld\u00e1sa \u00e9s megszeg\u00e9se.<\/li><li>A\nK\u00c9SZ Marcali Csoportja egy \u00faj zar\u00e1ndoklatot szervez szeptember 17-\u00e9n\nBalatonf\u00fcred-Balatonalm\u00e1di-S\u00f3ly-\u00d6sk\u00fc-V\u00e1rpalota \u00fati c\u00e9llal. A zar\u00e1ndoklatra\nb\u00e1rki jelentkezhet. Az \u00fatik\u00f6lts\u00e9g: 6.000- Ft\/f\u0151. A K\u00c9SZ tagoknak a buszk\u00f6lts\u00e9g:\n2.000- Ft\/f\u0151. Jelentkezni S\u00e1voly Andre\u00e1n\u00e1l vagy a pl\u00e9b\u00e1ni\u00e1n lehet.<\/li><\/ol>\n","protected":false},"excerpt":{"rendered":"<p>Ma van az \u00e9vk\u00f6zi 19. vas\u00e1rnap. A j\u00f6v\u0151 h\u00e9ten, p\u00e9nteken 17.30-kor szents\u00e9gim\u00e1d\u00e1s, 18 \u00f3rakor szentmise. Szombaton 17 \u00f3rakor a pl\u00e9b\u00e1niatemplomban fatimai ima\u00f3ra, 18 \u00f3rakor szentmise. El\u0151re hirdetem, hogy augusztus 15-\u00e9n, Nagyboldogasszony \u00fcnnep\u00e9n (j\u00f6v\u0151 h\u00e9tf\u0151n) este 18 \u00f3rakor a pl\u00e9b\u00e1niatemplomban lesz \u00fcnnepi szentmise. Nagyboldogasszony \u00fcnnepe parancsolt \u00fcnnep! Augusztus 20-\u00e1n, Szent Istv\u00e1n \u00fcnnep\u00e9n 9 \u00f3rakor a pl\u00e9b\u00e1niatemplomban \u00fcnnep\u00e9lyes szentmise, a szentmise v\u00e9g\u00e9n az \u00faj keny\u00e9r meg\u00e1ld\u00e1sa \u00e9s megszeg\u00e9se. A K\u00c9SZ Marcali Csoportja egy \u00faj zar\u00e1ndoklatot szervez szeptember 17-\u00e9n Balatonf\u00fcred-Balatonalm\u00e1di-S\u00f3ly-\u00d6sk\u00fc-V\u00e1rpalota \u00fati c\u00e9llal. A&#8230;<\/p>\n<p class=\"read-more\"><a class=\"btn btn-default\" href=\"https:\/\/marcali.plebania.hu\/?p=3812\"> Read More<span class=\"screen-reader-text\">  Read More<\/span><\/a><\/p>\n","protected":false},"author":2,"featured_media":0,"comment_status":"closed","ping_status":"open","sticky":false,"template":"","format":"standard","meta":{"footnotes":""},"categories":[1],"tags":[],"class_list":["post-3812","post","type-post","status-publish","format-standard","hentry","category-egyeb"],"_links":{"self":[{"href":"https:\/\/marcali.plebania.hu\/index.php?rest_route=\/wp\/v2\/posts\/3812","targetHints":{"allow":["GET"]}}],"collection":[{"href":"https:\/\/marcali.plebania.hu\/index.php?rest_route=\/wp\/v2\/posts"}],"about":[{"href":"https:\/\/marcali.plebania.hu\/index.php?rest_route=\/wp\/v2\/types\/post"}],"author":[{"embeddable":true,"href":"https:\/\/marcali.plebania.hu\/index.php?rest_route=\/wp\/v2\/users\/2"}],"replies":[{"embeddable":true,"href":"https:\/\/marcali.plebania.hu\/index.php?rest_route=%2Fwp%2Fv2%2Fcomments&post=3812"}],"version-history":[{"count":1,"href":"https:\/\/marcali.plebania.hu\/index.php?rest_route=\/wp\/v2\/posts\/3812\/revisions"}],"predecessor-version":[{"id":3813,"href":"https:\/\/marcali.plebania.hu\/index.php?rest_route=\/wp\/v2\/posts\/3812\/revisions\/3813"}],"wp:attachment":[{"href":"https:\/\/marcali.plebania.hu\/index.php?rest_route=%2Fwp%2Fv2%2Fmedia&parent=3812"}],"wp:term":[{"taxonomy":"category","embeddable":true,"href":"https:\/\/marcali.plebania.hu\/index.php?rest_route=%2Fwp%2Fv2%2Fcategories&post=3812"},{"taxonomy":"post_tag","embeddable":true,"href":"https:\/\/marcali.plebania.hu\/index.php?rest_route=%2Fwp%2Fv2%2Ftags&post=3812"}],"curies":[{"name":"wp","href":"https:\/\/api.w.org\/{rel}","templated":true}]}}