{"id":3815,"date":"2022-08-10T13:51:02","date_gmt":"2022-08-10T13:51:02","guid":{"rendered":"https:\/\/marcali.plebania.hu\/?p=3815"},"modified":"2022-08-10T13:51:02","modified_gmt":"2022-08-10T13:51:02","slug":"meghivo-szent-istvan-napi-unnepi-szentmisere-2022","status":"publish","type":"post","link":"https:\/\/marcali.plebania.hu\/?p=3815","title":{"rendered":"Megh\u00edv\u00f3 Szent Istv\u00e1n-napi \u00fcnnepi szentmis\u00e9re 2022"},"content":{"rendered":"\n<figure class=\"wp-block-image size-large\"><img loading=\"lazy\" decoding=\"async\" width=\"724\" height=\"1024\" src=\"https:\/\/marcali.plebania.hu\/wp-content\/uploads\/2022\/08\/plakat_augusztus20_2022_02-724x1024.jpg\" alt=\"\" class=\"wp-image-3816\" srcset=\"https:\/\/marcali.plebania.hu\/wp-content\/uploads\/2022\/08\/plakat_augusztus20_2022_02-724x1024.jpg 724w, https:\/\/marcali.plebania.hu\/wp-content\/uploads\/2022\/08\/plakat_augusztus20_2022_02-212x300.jpg 212w, https:\/\/marcali.plebania.hu\/wp-content\/uploads\/2022\/08\/plakat_augusztus20_2022_02-768x1086.jpg 768w, https:\/\/marcali.plebania.hu\/wp-content\/uploads\/2022\/08\/plakat_augusztus20_2022_02-1086x1536.jpg 1086w, https:\/\/marcali.plebania.hu\/wp-content\/uploads\/2022\/08\/plakat_augusztus20_2022_02-1448x2048.jpg 1448w, https:\/\/marcali.plebania.hu\/wp-content\/uploads\/2022\/08\/plakat_augusztus20_2022_02-191x270.jpg 191w, https:\/\/marcali.plebania.hu\/wp-content\/uploads\/2022\/08\/plakat_augusztus20_2022_02-scaled.jpg 1810w\" sizes=\"auto, (max-width: 724px) 100vw, 724px\" \/><\/figure>\n","protected":false},"excerpt":{"rendered":"","protected":false},"author":2,"featured_media":0,"comment_status":"closed","ping_status":"open","sticky":false,"template":"","format":"standard","meta":{"footnotes":""},"categories":[1],"tags":[],"class_list":["post-3815","post","type-post","status-publish","format-standard","hentry","category-egyeb"],"_links":{"self":[{"href":"https:\/\/marcali.plebania.hu\/index.php?rest_route=\/wp\/v2\/posts\/3815","targetHints":{"allow":["GET"]}}],"collection":[{"href":"https:\/\/marcali.plebania.hu\/index.php?rest_route=\/wp\/v2\/posts"}],"about":[{"href":"https:\/\/marcali.plebania.hu\/index.php?rest_route=\/wp\/v2\/types\/post"}],"author":[{"embeddable":true,"href":"https:\/\/marcali.plebania.hu\/index.php?rest_route=\/wp\/v2\/users\/2"}],"replies":[{"embeddable":true,"href":"https:\/\/marcali.plebania.hu\/index.php?rest_route=%2Fwp%2Fv2%2Fcomments&post=3815"}],"version-history":[{"count":1,"href":"https:\/\/marcali.plebania.hu\/index.php?rest_route=\/wp\/v2\/posts\/3815\/revisions"}],"predecessor-version":[{"id":3817,"href":"https:\/\/marcali.plebania.hu\/index.php?rest_route=\/wp\/v2\/posts\/3815\/revisions\/3817"}],"wp:attachment":[{"href":"https:\/\/marcali.plebania.hu\/index.php?rest_route=%2Fwp%2Fv2%2Fmedia&parent=3815"}],"wp:term":[{"taxonomy":"category","embeddable":true,"href":"https:\/\/marcali.plebania.hu\/index.php?rest_route=%2Fwp%2Fv2%2Fcategories&post=3815"},{"taxonomy":"post_tag","embeddable":true,"href":"https:\/\/marcali.plebania.hu\/index.php?rest_route=%2Fwp%2Fv2%2Ftags&post=3815"}],"curies":[{"name":"wp","href":"https:\/\/api.w.org\/{rel}","templated":true}]}}